{"id":10012,"date":"2025-07-15T11:50:10","date_gmt":"2025-07-15T14:50:10","guid":{"rendered":"https:\/\/www.inforegion.com.ar\/?p=338697"},"modified":"2025-07-15T11:50:10","modified_gmt":"2025-07-15T14:50:10","slug":"balladares-presentara-ideas-nuevas-para-los-problemas-de-ahora","status":"publish","type":"post","link":"https:\/\/infolanus.com\/index.php\/2025\/07\/15\/balladares-presentara-ideas-nuevas-para-los-problemas-de-ahora\/","title":{"rendered":"Balladares presentar\u00e1 \u201cIDEAS Nuevas para los problemas de AHORA\u201d"},"content":{"rendered":"<div><img data-recalc-dims=\"1\" decoding=\"async\" src=\"https:\/\/i0.wp.com\/www.inforegion.com.ar\/wp-content\/uploads\/2025\/07\/balladares.jpg?w=640&#038;ssl=1\" class=\"ff-og-image-inserted\"><\/div>\n<p>El presidente del Concejo Deliberante de Lan\u00fas, <strong>Agust\u00edn Balladares, prestar\u00e1 \u201cIDEAS Nuevas para los problemas de AHORA\u201d una mirada peronista para el Conurbano<\/strong> en la Universidad Nacional de Lan\u00fas (UNLa).<\/p>\n<p>El encuentro ser\u00e1 <strong>el mi\u00e9rcoles, desde las 18.30, en la Sala Tita Merello de la Universidad Nacional de Lan\u00fas<\/strong>, 29 de Septiembre 3901, Remedios de Escalada Este.<\/p>\n<p>El vice del PJ en su distrito y Congresal Nacional hizo el anuncio del encuentro a trav\u00e9s de sus redes sociales y una profusa pegatina de afiches que se vieron durante el \u00faltimo fin de semana en varios distritos del conurbano.<\/p>\n<p>\u201c(Javier) Milei creci\u00f3 en los vac\u00edos que el peronismo no supo resolver. <strong>La pesadilla que estamos viviendo tiene un final, y ese final se llama Peronismo<\/strong>\u201c, asegur\u00f3 a trav\u00e9s de redes sociales. <\/p>\n<p>De todos modos, aclar\u00f3: \u201cPara eso necesitamos volver a hablarle al pueblo, a sus problemas reales, hacernos cargo de los errores y animarnos a construir nuevas ideas para resembrar al peronismo y devolverle sentido a la esperanza\u201d.<\/p>\n<p><strong>El encuentro del mi\u00e9rcoles es para \u201cplantear algunas ideas para salir de este laberinto\u201d<\/strong>. \u201cVamos a hablar de precarizaci\u00f3n laboral joven, pluriempleo, desocupaci\u00f3n, seguridad, comunidad, econom\u00eda de aplicaciones, emprendedores, barrios populares, salud mental, alquileres, Edesur y pol\u00edtica energ\u00e9tica, desintegraci\u00f3n urbana, jubilados, discapacidad, educaci\u00f3n, infancias, econom\u00eda del conocimiento, alimentaci\u00f3n barata y saludable, entre otros temas centrales para la vida de nuestro pueblo\u201d, detall\u00f3. <\/p>\n","protected":false},"excerpt":{"rendered":"<p>El presidente del Concejo Deliberante de Lan\u00fas, Agust\u00edn Balladares, prestar\u00e1 \u201cIDEAS Nuevas para los problemas de AHORA\u201d una mirada peronista para el Conurbano en la Universidad Nacional de Lan\u00fas (UNLa). El encuentro ser\u00e1 el mi\u00e9rcoles, desde las 18.30, en la Sala Tita Merello de la Universidad Nacional de Lan\u00fas, 29 de Septiembre 3901, Remedios de [&hellip;]<\/p>\n","protected":false},"author":2,"featured_media":10013,"comment_status":"closed","ping_status":"closed","sticky":false,"template":"","format":"standard","meta":{"jetpack_post_was_ever_published":false,"_jetpack_newsletter_access":"","_jetpack_dont_email_post_to_subs":false,"_jetpack_newsletter_tier_id":0,"_jetpack_memberships_contains_paywalled_content":false,"_jetpack_memberships_contains_paid_content":false,"footnotes":"","jetpack_publicize_message":"","jetpack_publicize_feature_enabled":true,"jetpack_social_post_already_shared":true,"jetpack_social_options":{"image_generator_settings":{"template":"highway","enabled":false},"version":2}},"categories":[19,16],"tags":[945,774,23,724],"class_list":["post-10012","post","type-post","status-publish","format-standard","has-post-thumbnail","hentry","category-municipio","category-politica","tag-agustin-balladares","tag-destacadas","tag-lanus","tag-politica"],"jetpack_publicize_connections":[],"jetpack_featured_media_url":"https:\/\/i0.wp.com\/infolanus.com\/wp-content\/uploads\/2025\/08\/balladares-presentara-ideas-nuevas-para-los-problemas-de-ahora.jpg?fit=1200%2C675&ssl=1","jetpack_sharing_enabled":true,"jetpack_shortlink":"https:\/\/wp.me\/p9QtMr-2Bu","_links":{"self":[{"href":"https:\/\/infolanus.com\/index.php\/wp-json\/wp\/v2\/posts\/10012","targetHints":{"allow":["GET"]}}],"collection":[{"href":"https:\/\/infolanus.com\/index.php\/wp-json\/wp\/v2\/posts"}],"about":[{"href":"https:\/\/infolanus.com\/index.php\/wp-json\/wp\/v2\/types\/post"}],"author":[{"embeddable":true,"href":"https:\/\/infolanus.com\/index.php\/wp-json\/wp\/v2\/users\/2"}],"replies":[{"embeddable":true,"href":"https:\/\/infolanus.com\/index.php\/wp-json\/wp\/v2\/comments?post=10012"}],"version-history":[{"count":0,"href":"https:\/\/infolanus.com\/index.php\/wp-json\/wp\/v2\/posts\/10012\/revisions"}],"wp:featuredmedia":[{"embeddable":true,"href":"https:\/\/infolanus.com\/index.php\/wp-json\/wp\/v2\/media\/10013"}],"wp:attachment":[{"href":"https:\/\/infolanus.com\/index.php\/wp-json\/wp\/v2\/media?parent=10012"}],"wp:term":[{"taxonomy":"category","embeddable":true,"href":"https:\/\/infolanus.com\/index.php\/wp-json\/wp\/v2\/categories?post=10012"},{"taxonomy":"post_tag","embeddable":true,"href":"https:\/\/infolanus.com\/index.php\/wp-json\/wp\/v2\/tags?post=10012"}],"curies":[{"name":"wp","href":"https:\/\/api.w.org\/{rel}","templated":true}]}}