{"id":10039,"date":"2025-08-16T12:00:34","date_gmt":"2025-08-16T15:00:34","guid":{"rendered":"https:\/\/www.inforegion.com.ar\/?p=341994"},"modified":"2025-08-16T12:00:34","modified_gmt":"2025-08-16T15:00:34","slug":"denunciaron-un-atentado-en-el-hospital-evita-de-lanus","status":"publish","type":"post","link":"https:\/\/infolanus.com\/index.php\/2025\/08\/16\/denunciaron-un-atentado-en-el-hospital-evita-de-lanus\/","title":{"rendered":"Denunciaron un atentado en el hospital Evita de Lan\u00fas"},"content":{"rendered":"<div><img data-recalc-dims=\"1\" decoding=\"async\" src=\"https:\/\/i0.wp.com\/www.inforegion.com.ar\/wp-content\/uploads\/2022\/08\/Hospital-Evita-Lanus.jpg?w=640&#038;ssl=1\" class=\"ff-og-image-inserted\"><\/div>\n<p>En la madrugada del viernes 15,<strong> el Hospital Interzonal General de Agudos Evita de Lan\u00fas sufri\u00f3 un atentado<\/strong>. Los hechos de vandalismo en parte de su ca\u00f1er\u00eda provoc\u00f3 que se inundara parcialmente el primer piso. <\/p>\n<p><strong>\u201cEstamos trabajando para poner en funcionamiento progresivamente los sectores afectados y reuniendo las pruebas necesarias para identificar responsables. Trist\u00edsima situaci\u00f3n\u201d<\/strong>, asegur\u00f3 el ministro de Salud de la Provincia, Nicol\u00e1s Kreplak.<\/p>\n<p>El equipo de guardia se alert\u00f3 ante una situaci\u00f3n an\u00f3mala y, al recorrer las instalaciones, detect\u00f3 que <strong>las ca\u00f1er\u00edas de desagote del segundo piso hab\u00edan sido vandalizadas<\/strong>. Las canillas del sector del 2 do piso\u2014sin posibilidad de drenaje\u2014 se filtrara al primer piso y planta baja del hospital.<\/p>\n<p>\u201cComo consecuencia de este atentado, <strong>se vieron seriamente afectadas salas de atenci\u00f3n, internaci\u00f3n y equipamiento recientemente instalado<\/strong>, lo que oblig\u00f3 a suspender el uso de espacios clave para la atenci\u00f3n de pacientes durante el fin de semana largo\u201d, indicaron desde la cartera.<\/p>\n<h2 class=\"wp-block-heading\">B\u00fasqueda de responsables<\/h2>\n<p>\u201cDesde el Ministerio de Salud provincial se iniciaron inmediatamente las acciones necesarias para restablecer el funcionamiento pleno del hospital y se dio intervenci\u00f3n a las autoridades correspondientes para que se investigue el hecho y se identifique a los responsables\u201d, se\u00f1alaron.<\/p>\n<p><strong>Se est\u00e1 analizando la red de c\u00e1maras de vigilancia interna para iniciar acciones legales que permitan dar con los autores del hecho. <\/strong><\/p>\n<p>El Hospital Evita de Lan\u00fas es un establecimiento estrat\u00e9gico dentro de la red p\u00fablica de salud bonaerense, con un rol central en la atenci\u00f3n de la regi\u00f3n sur del conurbano. <\/p>\n<p>\u201cEste tipo de acciones no solo atentan contra una instituci\u00f3n, sino que vulneran derechos fundamentales de&nbsp;la&nbsp;comunidad\u201d, indica el comunicado.<\/p>\n","protected":false},"excerpt":{"rendered":"<p>En la madrugada del viernes 15, el Hospital Interzonal General de Agudos Evita de Lan\u00fas sufri\u00f3 un atentado. Los hechos de vandalismo en parte de su ca\u00f1er\u00eda provoc\u00f3 que se inundara parcialmente el primer piso. \u201cEstamos trabajando para poner en funcionamiento progresivamente los sectores afectados y reuniendo las pruebas necesarias para identificar responsables. Trist\u00edsima situaci\u00f3n\u201d, [&hellip;]<\/p>\n","protected":false},"author":2,"featured_media":10040,"comment_status":"closed","ping_status":"closed","sticky":false,"template":"","format":"standard","meta":{"jetpack_post_was_ever_published":false,"_jetpack_newsletter_access":"","_jetpack_dont_email_post_to_subs":false,"_jetpack_newsletter_tier_id":0,"_jetpack_memberships_contains_paywalled_content":false,"_jetpack_memberships_contains_paid_content":false,"footnotes":"","jetpack_publicize_message":"","jetpack_publicize_feature_enabled":true,"jetpack_social_post_already_shared":true,"jetpack_social_options":{"image_generator_settings":{"template":"highway","enabled":false},"version":2}},"categories":[19,547],"tags":[1933,773,774,296,23,822,671],"class_list":["post-10039","post","type-post","status-publish","format-standard","has-post-thumbnail","hentry","category-municipio","category-policiales","tag-atentado","tag-centrales","tag-destacadas","tag-hospital-evita","tag-lanus","tag-policiales","tag-vandalismo"],"jetpack_publicize_connections":[],"jetpack_featured_media_url":"https:\/\/i0.wp.com\/infolanus.com\/wp-content\/uploads\/2025\/08\/denunciaron-un-atentado-en-el-hospital-evita-de-lanus.jpg?fit=1200%2C675&ssl=1","jetpack_sharing_enabled":true,"jetpack_shortlink":"https:\/\/wp.me\/p9QtMr-2BV","_links":{"self":[{"href":"https:\/\/infolanus.com\/index.php\/wp-json\/wp\/v2\/posts\/10039","targetHints":{"allow":["GET"]}}],"collection":[{"href":"https:\/\/infolanus.com\/index.php\/wp-json\/wp\/v2\/posts"}],"about":[{"href":"https:\/\/infolanus.com\/index.php\/wp-json\/wp\/v2\/types\/post"}],"author":[{"embeddable":true,"href":"https:\/\/infolanus.com\/index.php\/wp-json\/wp\/v2\/users\/2"}],"replies":[{"embeddable":true,"href":"https:\/\/infolanus.com\/index.php\/wp-json\/wp\/v2\/comments?post=10039"}],"version-history":[{"count":0,"href":"https:\/\/infolanus.com\/index.php\/wp-json\/wp\/v2\/posts\/10039\/revisions"}],"wp:featuredmedia":[{"embeddable":true,"href":"https:\/\/infolanus.com\/index.php\/wp-json\/wp\/v2\/media\/10040"}],"wp:attachment":[{"href":"https:\/\/infolanus.com\/index.php\/wp-json\/wp\/v2\/media?parent=10039"}],"wp:term":[{"taxonomy":"category","embeddable":true,"href":"https:\/\/infolanus.com\/index.php\/wp-json\/wp\/v2\/categories?post=10039"},{"taxonomy":"post_tag","embeddable":true,"href":"https:\/\/infolanus.com\/index.php\/wp-json\/wp\/v2\/tags?post=10039"}],"curies":[{"name":"wp","href":"https:\/\/api.w.org\/{rel}","templated":true}]}}