{"id":10075,"date":"2025-08-22T20:13:00","date_gmt":"2025-08-22T23:13:00","guid":{"rendered":"https:\/\/www.ambito.com\/c6181775"},"modified":"2025-08-22T20:13:00","modified_gmt":"2025-08-22T23:13:00","slug":"tras-el-asesinato-el-padre-de-miguel-uribe-sera-precandidato-presidencial-en-colombia","status":"publish","type":"post","link":"https:\/\/infolanus.com\/index.php\/2025\/08\/22\/tras-el-asesinato-el-padre-de-miguel-uribe-sera-precandidato-presidencial-en-colombia\/","title":{"rendered":"Tras el asesinato, el padre de Miguel Uribe ser\u00e1 precandidato presidencial en Colombia"},"content":{"rendered":"<p><!-- { REGION4 --> <\/p>\n<header class=\"news-headline\" readability=\"2.3220640569395\">\n<div class=\"news-headline__topics-and-date-wrapper\"> <span class=\"news-headline__publication-date\"> 22 de agosto 2025 &#8211; 20:13 <\/span><\/div>\n<h2 class=\"news-headline__article-summary\" readability=\"25\">\n<p class=\"ignore-parser\">Ocupar\u00e1 el lugar que ostentaba su hijo, asesinado luego de un atentado en Bogot\u00e1, en el proceso de selecci\u00f3n del Partido Centro Democr\u00e1tico.<\/p>\n<\/h2>\n<\/header>\n<div class=\"detail-highlighted-multimedia content-protected-false\">\n<figure class=\"detail-highlighted-multimedia__figure\"> <img data-recalc-dims=\"1\" loading=\"lazy\" decoding=\"async\" src=\"https:\/\/i0.wp.com\/media.ambito.com\/p\/f403c3ec198b5f841d8ca04db7741724\/adjuntos\/239\/imagenes\/042\/697\/0042697008\/655x368\/smart\/uribe.jpg?resize=640%2C448&#038;ssl=1\" class=\"detail-highlighted-multimedia__figure-img img-fluid\" alt=\"Miguel Uribe Londo\u00f1o, ser\u00e1 precandidato a la presidencia de Colombia por el Partido Centro Democr\u00e1tico.\" width=\"640\" height=\"448\" crossorigin=\"anonymous\"><figcaption class=\"detail-highlighted-multimedia__figcaption\" readability=\"-23\"> <\/figcaption><\/figure>\n<\/p><\/div>\n<article class=\"article-body article-body--first-paragraph content-protected-false\" data-td-script-src=\"https:\/\/www.ambito.com\/td\/modulos\/encuestas\/js\/function-embeds-min-version-1755749322.js\" readability=\"29.316742081448\">\n<p class>El <strong>padre de<a href=\"https:\/\/www.ambito.com\/mundo\/murio-miguel-uribe-turbay-el-precandidato-presidencial-colombiano-baleado-un-atentado-n6176939\" target=\"_blank\" rel=\"follow\"> Miguel Uribe<\/a><\/strong>, quien falleciera el 11 de agosto luego de un atentado ocurrido en <strong> Bogot\u00e1<\/strong>, entrar\u00e1 en reemplazo de su hijo al proceso de selecci\u00f3n del candidato presidencial por el <strong>Partido Centro Democr\u00e1tico<\/strong>.<\/p>\n<\/article>\n<article class=\"article-body article-body--second-paragraph content-protected-false\" readability=\"29\">\n<p class>Miguel Uribe padre ocupar\u00e1 el lugar que ocupaba su hijo, que desde el 7 de junio pasado permanec\u00eda internado en un centro de atenci\u00f3n especializado.<\/p>\n<\/article>\n<section class=\"related-news\"> <span class=\"related-news__title\">Informate m\u00e1s<\/span> <\/p>\n<div class=\"row row--eq-height\">\n<div class=\"col-12 col-md-6\">\n<article class=\"news-article news-article--landscape-news news-article--landscape-news\">\n<figure class=\"news-article__figure figure\"> <a href=\"https:\/\/www.ambito.com\/mundo\/sigue-la-pelea-la-fed-ahora-donald-trump-afirmo-que-despedira-la-gobernadora-lisa-cook-n6181739\" target title=\"\u00e1mbito.com | Sigue la pelea con la Fed: ahora Trump afirm\u00f3 que despedir\u00e1 a la gobernadora, Lisa Cook\" alt=\"\u00e1mbito.com | Sigue la pelea con la Fed: ahora Trump afirm\u00f3 que despedir\u00e1 a la gobernadora, Lisa Cook\" rel=\"noindex nofollow noreferrer\"> <img loading=\"lazy\" decoding=\"async\" src=\"https:\/\/www.ambito.com\/css-custom\/239\/lazy.svg\" data-td-src-property=\"https:\/\/media.ambito.com\/p\/1704217b2262952538dc2e6cec285fcf\/adjuntos\/239\/imagenes\/042\/684\/0042684656\/donald-trump.jpg\" alt=\"Donald Trump, presidente de EEUU, avanza contra la Reserva Federal.&nbsp;\" title=\"Donald Trump, presidente de EEUU, avanza contra la Reserva Federal.&nbsp;\" width=\"93\" height=\"52\" class=\"news-article__figure-img figure-img img-fluid\"> <\/a><\/figure>\n<\/article><\/div>\n<div class=\"col-12 col-md-6\">\n<article class=\"news-article news-article--landscape-news news-article--landscape-news\">\n<figure class=\"news-article__figure figure\"> <a href=\"https:\/\/www.ambito.com\/mundo\/golpe-trump-jueza-ordena-el-cierre-la-carcel-inmigrantes-alligator-alcatraz-n6181606\" target title=\"\u00e1mbito.com | Golpe a Trump: jueza ordena el cierre de la c\u00e1rcel para inmigrantes Alligator Alcatraz\" alt=\"\u00e1mbito.com | Golpe a Trump: jueza ordena el cierre de la c\u00e1rcel para inmigrantes Alligator Alcatraz\" rel=\"noindex nofollow noreferrer\"> <img loading=\"lazy\" decoding=\"async\" src=\"https:\/\/www.ambito.com\/css-custom\/239\/lazy.svg\" data-td-src-property=\"https:\/\/media.ambito.com\/p\/1704217b2262952538dc2e6cec285fcf\/adjuntos\/239\/imagenes\/042\/684\/0042684656\/donald-trump.jpg\" alt=\"Donald Trump deber\u00e1 desmantelar Alligator Alcatraz, el s\u00edmbolo m\u00e1s tangible de su r\u00edgida pol\u00edtica migratoria, por orden de una jueza.\" title=\"Donald Trump deber\u00e1 desmantelar Alligator Alcatraz, el s\u00edmbolo m\u00e1s tangible de su r\u00edgida pol\u00edtica migratoria, por orden de una jueza.\" width=\"93\" height=\"52\" class=\"news-article__figure-img figure-img img-fluid\"> <\/a><\/figure>\n<\/article><\/div>\n<\/div>\n<\/section>\n<article class=\"article-body article-body--third-paragraph content-protected-false\" readability=\"32\">\n<p class><strong>&#8220;El se\u00f1or Uribe Londo\u00f1o expres\u00f3 que la familia de Miguel Uribe Turbay decidi\u00f3 por unanimidad que fuera \u00e9l quien entrar\u00e1 al proceso de selecci\u00f3n del candidato presidencial del Partido Centro Democr\u00e1tico en ausencia de su hijo. Teniendo en cuenta lo anterior, el Partido Centro Democr\u00e1tico y sus precandidatos presidenciales le dan la bienvenida&#8221;, <\/strong>dijo la colectividad.<\/p>\n<\/article>\n<article class=\"article-body article-body--fourth-paragraph content-protected-false\" readability=\"33\">\n<p class>El Centro Democr\u00e1tico precis\u00f3 que, al igual que los dem\u00e1s precandidatos, <strong>Miguel Uribe Londo\u00f1o est\u00e1 obligado a &#8220;participar de todos los debates y actividades del partido&#8221;,<\/strong> que escoger\u00e1 a su candidato \u00fanico a las elecciones presidenciales de 2026, mediante una encuesta internacional.<\/p>\n<\/article>\n<article class=\"article-body article-body--fifth-paragraph content-protected-false\" readability=\"34\">\n<p class>El candidato elegido por ese partido, creado alrededor de la figura del expresidente Alvaro Uribe, condenado a 12 a\u00f1os de prisi\u00f3n por los delitos de fraude procesal y soborno en actuaci\u00f3n penal, pero en libertad por decisi\u00f3n de un Tribunal local,<strong> competir\u00e1 en marzo en una consulta que realizar\u00e1n los sectores de oposici\u00f3n para escoger un \u00fanico candidato.<\/strong><\/p>\n<\/article>\n<article class=\"article-body article-body--remaining-paragraph content-protected-false\"><\/article>\n<p> <!-- REGION4 } --> <\/p>\n","protected":false},"excerpt":{"rendered":"<p>22 de agosto 2025 &#8211; 20:13 Ocupar\u00e1 el lugar que ostentaba su hijo, asesinado luego de un atentado en Bogot\u00e1, en el proceso de selecci\u00f3n del Partido Centro Democr\u00e1tico. El padre de Miguel Uribe, quien falleciera el 11 de agosto luego de un atentado ocurrido en Bogot\u00e1, entrar\u00e1 en reemplazo de su hijo al proceso [&hellip;]<\/p>\n","protected":false},"author":2,"featured_media":10076,"comment_status":"closed","ping_status":"closed","sticky":false,"template":"","format":"standard","meta":{"jetpack_post_was_ever_published":false,"_jetpack_newsletter_access":"","_jetpack_dont_email_post_to_subs":false,"_jetpack_newsletter_tier_id":0,"_jetpack_memberships_contains_paywalled_content":false,"_jetpack_memberships_contains_paid_content":false,"footnotes":"","jetpack_publicize_message":"","jetpack_publicize_feature_enabled":true,"jetpack_social_post_already_shared":true,"jetpack_social_options":{"image_generator_settings":{"template":"highway","enabled":false},"version":2}},"categories":[20],"tags":[],"class_list":["post-10075","post","type-post","status-publish","format-standard","has-post-thumbnail","hentry","category-mundo"],"jetpack_publicize_connections":[],"jetpack_featured_media_url":"https:\/\/i0.wp.com\/infolanus.com\/wp-content\/uploads\/2025\/08\/tras-el-asesinato-el-padre-de-miguel-uribe-sera-precandidato-presidencial-en-colombia.png?fit=655%2C368&ssl=1","jetpack_sharing_enabled":true,"jetpack_shortlink":"https:\/\/wp.me\/p9QtMr-2Cv","_links":{"self":[{"href":"https:\/\/infolanus.com\/index.php\/wp-json\/wp\/v2\/posts\/10075","targetHints":{"allow":["GET"]}}],"collection":[{"href":"https:\/\/infolanus.com\/index.php\/wp-json\/wp\/v2\/posts"}],"about":[{"href":"https:\/\/infolanus.com\/index.php\/wp-json\/wp\/v2\/types\/post"}],"author":[{"embeddable":true,"href":"https:\/\/infolanus.com\/index.php\/wp-json\/wp\/v2\/users\/2"}],"replies":[{"embeddable":true,"href":"https:\/\/infolanus.com\/index.php\/wp-json\/wp\/v2\/comments?post=10075"}],"version-history":[{"count":0,"href":"https:\/\/infolanus.com\/index.php\/wp-json\/wp\/v2\/posts\/10075\/revisions"}],"wp:featuredmedia":[{"embeddable":true,"href":"https:\/\/infolanus.com\/index.php\/wp-json\/wp\/v2\/media\/10076"}],"wp:attachment":[{"href":"https:\/\/infolanus.com\/index.php\/wp-json\/wp\/v2\/media?parent=10075"}],"wp:term":[{"taxonomy":"category","embeddable":true,"href":"https:\/\/infolanus.com\/index.php\/wp-json\/wp\/v2\/categories?post=10075"},{"taxonomy":"post_tag","embeddable":true,"href":"https:\/\/infolanus.com\/index.php\/wp-json\/wp\/v2\/tags?post=10075"}],"curies":[{"name":"wp","href":"https:\/\/api.w.org\/{rel}","templated":true}]}}