{"id":10077,"date":"2025-08-22T08:55:29","date_gmt":"2025-08-22T11:55:29","guid":{"rendered":"https:\/\/www.inforegion.com.ar\/?p=342520"},"modified":"2025-08-22T08:55:29","modified_gmt":"2025-08-22T11:55:29","slug":"lanus-lo-detuvieron-por-abusar-sexualmente-de-su-sobrina-una-nena-de-3-anos","status":"publish","type":"post","link":"https:\/\/infolanus.com\/index.php\/2025\/08\/22\/lanus-lo-detuvieron-por-abusar-sexualmente-de-su-sobrina-una-nena-de-3-anos\/","title":{"rendered":"Lan\u00fas: Lo detuvieron por abusar sexualmente de su sobrina, una nena de 3 a\u00f1os"},"content":{"rendered":"<div style=\"width: 640px;\" class=\"wp-video\"><!--[if lt IE 9]><script>document.createElement('video');<\/script><![endif]-->\n<video class=\"wp-video-shortcode\" id=\"video-10077-1\" width=\"640\" height=\"360\" poster=\"https:\/\/www.inforegion.com.ar\/wp-content\/uploads\/2025\/08\/WhatsApp-Video-2025-08-21-at-19.17.40.mp4\" preload=\"metadata\" controls=\"controls\"><source type=\"video\/mp4\" src=\"https:\/\/www.inforegion.com.ar\/wp-content\/uploads\/2025\/08\/WhatsApp-Video-2025-08-21-at-19.17.40.mp4?_=1\" \/><a href=\"https:\/\/www.inforegion.com.ar\/wp-content\/uploads\/2025\/08\/WhatsApp-Video-2025-08-21-at-19.17.40.mp4\">https:\/\/www.inforegion.com.ar\/wp-content\/uploads\/2025\/08\/WhatsApp-Video-2025-08-21-at-19.17.40.mp4<\/a><\/video><\/div>\n<div><img data-recalc-dims=\"1\" decoding=\"async\" src=\"https:\/\/i0.wp.com\/www.inforegion.com.ar\/wp-content\/uploads\/2025\/08\/polilanus.jpg?w=640&#038;ssl=1\" class=\"ff-og-image-inserted\"><\/div>\n<p><strong>Un caso aberrante conmueve a Lan\u00fas. Un hombre de 34 a\u00f1os fue detenido&nbsp;en Lan\u00fas,&nbsp;acusado de abusar sexualmente de su sobrina de apenas 3 a\u00f1os<\/strong> y, posteriormente, divulgar el material en Internet.<\/p>\n<p>Fuentes policiales informaron que <strong>los videos y fotograf\u00edas de los ataques sexuales se descubrieron en julio de 2024 mediante un alerta del FBI<\/strong>.<\/p>\n<p>A partir de esto, efectivos de Divisi\u00f3n Delitos Cibern\u00e9ticos Contra la Ni\u00f1ez y Adolescencia de la Polic\u00eda Federal&nbsp;analizaron las redes sociales del sospechoso y corroboraron que <strong>era el t\u00edo de la menor<\/strong>.<\/p>\n<p>De acuerdo al informe, el contenido&nbsp;se distribuy\u00f3 en distintas plataformas vinculadas a celulares y computadoras ubicadas en el mismo punto geogr\u00e1fico; es decir, la <strong>casa que compart\u00edan la v\u00edctima (una nena de apenas 3 a\u00f1os) y el acusado.<\/strong><\/p>\n<p>El Juzgado de Garant\u00edas N\u00b01 del Departamento Judicial Lan\u00fas-Avellaneda&nbsp;orden\u00f3 el secuestro de los elementos de inter\u00e9s para la causa, la captura del presunto abusador y el rescate de la damnificada.<\/p>\n<p>Los oficiales&nbsp;<strong>concretaron la detenci\u00f3n en las \u00faltimas horas e incautaron diversas prendas de vestir y ropa de cama utilizadas en las grabaciones<\/strong>. Tambi\u00e9n secuestraron un tel\u00e9fono celular.<\/p>\n<p><strong>La ni\u00f1a fue salvada, puesta a resguardo y recibi\u00f3 contenci\u00f3n psicol\u00f3gica<\/strong>.<\/p>\n<p>El hombre, asimismo, est\u00e1 acusado por el delito de&nbsp;\u201cabuso sexual agravado, corrupci\u00f3n de menores agravada, producci\u00f3n, comercializaci\u00f3n de representaci\u00f3n de menores de 18 a\u00f1os, dedicados a actividades sexuales\u201d.<\/p>\n<figure class=\"wp-block-video\"><video controls src=\"https:\/\/www.inforegion.com.ar\/wp-content\/uploads\/2025\/08\/WhatsApp-Video-2025-08-21-at-19.17.40.mp4\"><\/video><\/figure>\n","protected":false},"excerpt":{"rendered":"<p>Un caso aberrante conmueve a Lan\u00fas. Un hombre de 34 a\u00f1os fue detenido&nbsp;en Lan\u00fas,&nbsp;acusado de abusar sexualmente de su sobrina de apenas 3 a\u00f1os y, posteriormente, divulgar el material en Internet. Fuentes policiales informaron que los videos y fotograf\u00edas de los ataques sexuales se descubrieron en julio de 2024 mediante un alerta del FBI. A [&hellip;]<\/p>\n","protected":false},"author":2,"featured_media":10078,"comment_status":"closed","ping_status":"closed","sticky":false,"template":"","format":"standard","meta":{"jetpack_post_was_ever_published":false,"_jetpack_newsletter_access":"","_jetpack_dont_email_post_to_subs":false,"_jetpack_newsletter_tier_id":0,"_jetpack_memberships_contains_paywalled_content":false,"_jetpack_memberships_contains_paid_content":false,"footnotes":"","jetpack_publicize_message":"","jetpack_publicize_feature_enabled":true,"jetpack_social_post_already_shared":true,"jetpack_social_options":{"image_generator_settings":{"template":"highway","enabled":false},"version":2}},"categories":[19,547],"tags":[1199,773,774,23,822,1936],"class_list":["post-10077","post","type-post","status-publish","format-standard","has-post-thumbnail","hentry","category-municipio","category-policiales","tag-abuso-sexual","tag-centrales","tag-destacadas","tag-lanus","tag-policiales","tag-tio"],"jetpack_publicize_connections":[],"jetpack_featured_media_url":"https:\/\/i0.wp.com\/infolanus.com\/wp-content\/uploads\/2025\/08\/lanus-lo-detuvieron-por-abusar-sexualmente-de-su-sobrina-una-nena-de-3-anos.jpg?fit=1200%2C675&ssl=1","jetpack_sharing_enabled":true,"jetpack_shortlink":"https:\/\/wp.me\/p9QtMr-2Cx","_links":{"self":[{"href":"https:\/\/infolanus.com\/index.php\/wp-json\/wp\/v2\/posts\/10077","targetHints":{"allow":["GET"]}}],"collection":[{"href":"https:\/\/infolanus.com\/index.php\/wp-json\/wp\/v2\/posts"}],"about":[{"href":"https:\/\/infolanus.com\/index.php\/wp-json\/wp\/v2\/types\/post"}],"author":[{"embeddable":true,"href":"https:\/\/infolanus.com\/index.php\/wp-json\/wp\/v2\/users\/2"}],"replies":[{"embeddable":true,"href":"https:\/\/infolanus.com\/index.php\/wp-json\/wp\/v2\/comments?post=10077"}],"version-history":[{"count":0,"href":"https:\/\/infolanus.com\/index.php\/wp-json\/wp\/v2\/posts\/10077\/revisions"}],"wp:featuredmedia":[{"embeddable":true,"href":"https:\/\/infolanus.com\/index.php\/wp-json\/wp\/v2\/media\/10078"}],"wp:attachment":[{"href":"https:\/\/infolanus.com\/index.php\/wp-json\/wp\/v2\/media?parent=10077"}],"wp:term":[{"taxonomy":"category","embeddable":true,"href":"https:\/\/infolanus.com\/index.php\/wp-json\/wp\/v2\/categories?post=10077"},{"taxonomy":"post_tag","embeddable":true,"href":"https:\/\/infolanus.com\/index.php\/wp-json\/wp\/v2\/tags?post=10077"}],"curies":[{"name":"wp","href":"https:\/\/api.w.org\/{rel}","templated":true}]}}