{"id":10081,"date":"2025-08-23T22:28:00","date_gmt":"2025-08-24T01:28:00","guid":{"rendered":"https:\/\/www.ambito.com\/c6182009"},"modified":"2025-08-23T22:28:00","modified_gmt":"2025-08-24T01:28:00","slug":"el-viceprimer-ministro-italiano-desafia-a-emmanuel-macron-ponte-el-casco-y-ve-a-ucrania","status":"publish","type":"post","link":"https:\/\/infolanus.com\/index.php\/2025\/08\/23\/el-viceprimer-ministro-italiano-desafia-a-emmanuel-macron-ponte-el-casco-y-ve-a-ucrania\/","title":{"rendered":"El viceprimer ministro italiano desaf\u00eda a Emmanuel Macron: &#8220;Ponte el casco y ve a Ucrania&#8221;"},"content":{"rendered":"<p><!-- { REGION4 --> <\/p>\n<header class=\"news-headline\" readability=\"1.8296529968454\">\n<div class=\"news-headline__topics-and-date-wrapper\"> <span class=\"news-headline__publication-date\"> 23 de agosto 2025 &#8211; 22:28 <\/span><\/div>\n<h2 class=\"news-headline__article-summary\" readability=\"24\">\n<p class=\"ignore-parser\">Matteo Salvini rechaz\u00f3 el env\u00edo de tropas a territorio ucraniano y cuestion\u00f3 la iniciativa europea, mientras Par\u00eds calific\u00f3 sus declaraciones de \u201cinaceptables\u201d.<\/p>\n<\/h2>\n<\/header>\n<div class=\"detail-highlighted-multimedia content-protected-false\">\n<figure class=\"detail-highlighted-multimedia__figure\"> <img data-recalc-dims=\"1\" loading=\"lazy\" decoding=\"async\" src=\"https:\/\/i0.wp.com\/media.ambito.com\/p\/5b359db71567309f19ebdb7e2d08dc09\/adjuntos\/239\/imagenes\/040\/808\/0040808673\/macronjpg.jpg?resize=640%2C360&#038;ssl=1\" class=\"detail-highlighted-multimedia__figure-img img-fluid\" alt=\"Emmanuel Macron, presidente de Francia.&amp;nbsp;\" width=\"640\" height=\"360\" crossorigin=\"anonymous\"><figcaption class=\"detail-highlighted-multimedia__figcaption\" readability=\"-23.5\"> <\/figcaption><\/figure>\n<\/p><\/div>\n<article class=\"article-body article-body--first-paragraph content-protected-false\" data-td-script-src=\"https:\/\/www.ambito.com\/td\/modulos\/encuestas\/js\/function-embeds-min-version-1755922038.js\" readability=\"38.493203883495\">\n<p data-start=\"559\" data-end=\"1070\">El viceprimer ministro de <strong data-start=\"585\" data-end=\"595\">Italia<\/strong>, <strong data-start=\"597\" data-end=\"615\">Matteo Salvini<\/strong>, apunt\u00f3 contra el <a href=\"https:\/\/www.ambito.com\/uruguay\/lula-y-emmanuel-macron-relanzan-las-negociaciones-efectivizar-el-acuerdo-mercosur-ue-n6180775\" target=\"_blank\" rel=\"follow\">presidente franc\u00e9s, <strong>Emmanuel<\/strong> <strong>Macron<\/strong><\/a>, tras la propuesta de enviar tropas europeas a Ucrania en el marco de la llamada \u2018coalici\u00f3n de voluntarios\u2019, impulsada por Londres y Par\u00eds. Durante una visita a <strong data-start=\"836\" data-end=\"849\"> Lombard\u00eda<\/strong>, el l\u00edder de la Liga advirti\u00f3 a Macron: \u201cPonte el casco, la chaqueta, el rifle y ve a <strong><a href=\"https:\/\/www.ambito.com\/mundo\/vladimir-putin-estaria-dispuesto-reunirse-volodimir-zelenski-si-antes-se-resuelve-la-legitimidad-ucrania-n6180969\" target=\"_blank\" rel=\"follow\">Ucrania<\/a><\/strong> \u201d, y agreg\u00f3 que, en Mil\u00e1n, se dir\u00eda \u201csubite al tranv\u00eda\u201d, en referencia a la idea de que cada quien se arregle por s\u00ed mismo.<\/p>\n<\/article>\n<article class=\"article-body article-body--second-paragraph content-protected-false\" readability=\"38\">\n<p data-start=\"1072\" data-end=\"1515\">Salvini subray\u00f3 que los esfuerzos europeos en <strong data-start=\"1118\" data-end=\"1187\">rearme, deudas comunes para misiles y otras iniciativas de Macron<\/strong>, a las que se refiri\u00f3 como \u201cmacronadas\u201d, han quedado obsoletas. En cambio, elogi\u00f3 la mediaci\u00f3n del presidente estadounidense <strong data-start=\"1315\" data-end=\"1331\">Donald Trump<\/strong>, quien, seg\u00fan el viceprimer ministro italiano, logr\u00f3 algo que otros fracasaron: sentar a <strong data-start=\"1421\" data-end=\"1439\">Vlad\u00edmir Putin<\/strong> y <strong>Volod\u00edmir Zelenski<\/strong> a negociar, algo que no ocurr\u00eda desde hac\u00eda a\u00f1os.<\/p>\n<\/article>\n<section class=\"related-news\"> <span class=\"related-news__title\">Informate m\u00e1s<\/span> <\/p>\n<div class=\"row row--eq-height\">\n<div class=\"col-12 col-md-6\">\n<article class=\"news-article news-article--landscape-news news-article--landscape-news\">\n<figure class=\"news-article__figure figure\"> <a href=\"https:\/\/www.ambito.com\/mundo\/brasil-pidieron-la-detencion-jair-bolsonaro-riesgo-fuga-n6181919\" target title=\"\u00e1mbito.com | Brasil: pidieron la detenci\u00f3n de Bolsonaro por riesgo de fuga\" alt=\"\u00e1mbito.com | Brasil: pidieron la detenci\u00f3n de Bolsonaro por riesgo de fuga\" rel=\"noindex nofollow noreferrer\"> <img loading=\"lazy\" decoding=\"async\" src=\"https:\/\/www.ambito.com\/css-custom\/239\/lazy.svg\" data-td-src-property=\"https:\/\/media.ambito.com\/p\/f9df1dde22a1ae86d9ed2c756007ecf2\/adjuntos\/239\/imagenes\/042\/698\/0042698184\/jair-bolsonarojpg.jpg\" alt=\"Pidieron la detenci\u00f3n de Jair Bolsonaro en Brasil.\" title=\"Pidieron la detenci\u00f3n de Jair Bolsonaro en Brasil.\" width=\"93\" height=\"52\" class=\"news-article__figure-img figure-img img-fluid\"> <\/a><\/figure>\n<\/article><\/div>\n<div class=\"col-12 col-md-6\">\n<article class=\"news-article news-article--landscape-news news-article--landscape-news\">\n<figure class=\"news-article__figure figure\"> <a href=\"https:\/\/www.ambito.com\/mundo\/el-pentagono-despidio-un-jefe-inteligencia-la-evaluacion-del-ataque-iran-n6181921\" target title=\"\u00e1mbito.com | El Pent\u00e1gono despidi\u00f3 a un jefe de inteligencia tras la evaluaci\u00f3n del ataque a Ir\u00e1n\" alt=\"\u00e1mbito.com | El Pent\u00e1gono despidi\u00f3 a un jefe de inteligencia tras la evaluaci\u00f3n del ataque a Ir\u00e1n\" rel=\"noindex nofollow noreferrer\"> <img loading=\"lazy\" decoding=\"async\" src=\"https:\/\/www.ambito.com\/css-custom\/239\/lazy.svg\" data-td-src-property=\"https:\/\/media.ambito.com\/p\/d2dbce4b7672bdb42fea736d4ee513d6\/adjuntos\/239\/imagenes\/042\/698\/0042698112\/jeffery-kruse-dia-pentagono.jpeg\" alt=\"El teniente general Jeffery Kruse pertenec\u00eda a la Agencia de Inteligencia de Defensa (DIA) del Pent\u00e1gono.\" title=\"El teniente general Jeffery Kruse pertenec\u00eda a la Agencia de Inteligencia de Defensa (DIA) del Pent\u00e1gono.\" width=\"93\" height=\"52\" class=\"news-article__figure-img figure-img img-fluid\"> <\/a><\/figure>\n<\/article><\/div>\n<\/div>\n<\/section>\n<article class=\"article-body article-body--third-paragraph content-protected-false\" readability=\"35\">\n<h2 data-start=\"1072\" data-end=\"1515\">Par\u00eds responde y convoca a la embajadora italiana<\/h2>\n<p data-start=\"1517\" data-end=\"1897\">La reacci\u00f3n francesa no se hizo esperar. El Ministerio de Exteriores de <strong data-start=\"1589\" data-end=\"1600\">Francia<\/strong> convoc\u00f3 a la embajadora italiana, <strong data-start=\"1635\" data-end=\"1660\">Emanuela D\u2019Alessandro<\/strong>, y calific\u00f3 los comentarios de Salvini como \u201cinaceptables\u201d, recordando que contravienen el clima de confianza y la relaci\u00f3n hist\u00f3rica entre ambos pa\u00edses, as\u00ed como los avances bilaterales recientes, en particular en el apoyo a Ucrania.<\/p>\n<\/article>\n<article class=\"article-body article-body--fourth-paragraph content-protected-false\" readability=\"36\">\n<p data-start=\"1899\" data-end=\"2255\">No es la primera vez que Salvini arremete contra Macron. En mayo pasado lo calific\u00f3 de <strong>\u201cpeligroso\u201d<\/strong> y dijo que, <strong>si deseaban enviar tropas a Ucrania, deber\u00edan ir ellos mismos. <\/strong>En marzo, hab\u00eda acusado al presidente franc\u00e9s de \u201crepresentar un peligro\u201d para Italia y Europa, criticando a quienes, seg\u00fan \u00e9l, hablan de guerra como si ya no existieran problemas.<\/p>\n<\/article>\n<article class=\"article-body article-body--fifth-paragraph content-protected-false\" readability=\"36\">\n<p data-start=\"2257\" data-end=\"2776\">Por su parte, <strong data-start=\"2271\" data-end=\"2280\">Mosc\u00fa<\/strong> ha advertido en repetidas ocasiones que cualquier despliegue de tropas extranjeras en suelo ucraniano podr\u00eda agravar el conflicto, recordando que la expansi\u00f3n de la OTAN hacia las fronteras rusas fue una de las causas originales de la guerra. El ministro de Exteriores ruso, <strong data-start=\"2556\" data-end=\"2574\">Sergu\u00e9i Lavrov<\/strong>, se\u00f1al\u00f3 que <strong>los debates actuales en Europa sobre intervenci\u00f3n militar se relacionan, en esencia, con la concesi\u00f3n de garant\u00edas a trav\u00e9s de la presencia de fuerzas extranjeras en territorio ucraniano.<\/strong><\/p>\n<\/article>\n<article class=\"article-body article-body--remaining-paragraph content-protected-false\" readability=\"30\">\n<p data-start=\"2778\" data-end=\"2990\"> El cruce de declaraciones refleja la creciente tensi\u00f3n pol\u00edtica en Europa y la compleja discusi\u00f3n sobre la intervenci\u00f3n internacional en el conflicto ucraniano, con Italia y Francia en el centro de la pol\u00e9mica.<\/p>\n<\/article>\n<p> <!-- REGION4 } --> <\/p>\n","protected":false},"excerpt":{"rendered":"<p>23 de agosto 2025 &#8211; 22:28 Matteo Salvini rechaz\u00f3 el env\u00edo de tropas a territorio ucraniano y cuestion\u00f3 la iniciativa europea, mientras Par\u00eds calific\u00f3 sus declaraciones de \u201cinaceptables\u201d. El viceprimer ministro de Italia, Matteo Salvini, apunt\u00f3 contra el presidente franc\u00e9s, Emmanuel Macron, tras la propuesta de enviar tropas europeas a Ucrania en el marco de [&hellip;]<\/p>\n","protected":false},"author":2,"featured_media":10082,"comment_status":"closed","ping_status":"closed","sticky":false,"template":"","format":"standard","meta":{"jetpack_post_was_ever_published":false,"_jetpack_newsletter_access":"","_jetpack_dont_email_post_to_subs":false,"_jetpack_newsletter_tier_id":0,"_jetpack_memberships_contains_paywalled_content":false,"_jetpack_memberships_contains_paid_content":false,"footnotes":"","jetpack_publicize_message":"","jetpack_publicize_feature_enabled":true,"jetpack_social_post_already_shared":true,"jetpack_social_options":{"image_generator_settings":{"template":"highway","enabled":false},"version":2}},"categories":[20],"tags":[],"class_list":["post-10081","post","type-post","status-publish","format-standard","has-post-thumbnail","hentry","category-mundo"],"jetpack_publicize_connections":[],"jetpack_featured_media_url":"https:\/\/i0.wp.com\/infolanus.com\/wp-content\/uploads\/2025\/08\/el-viceprimer-ministro-italiano-desafia-a-emmanuel-macron-ponte-el-casco-y-ve-a-ucrania.jpg?fit=655%2C368&ssl=1","jetpack_sharing_enabled":true,"jetpack_shortlink":"https:\/\/wp.me\/p9QtMr-2CB","_links":{"self":[{"href":"https:\/\/infolanus.com\/index.php\/wp-json\/wp\/v2\/posts\/10081","targetHints":{"allow":["GET"]}}],"collection":[{"href":"https:\/\/infolanus.com\/index.php\/wp-json\/wp\/v2\/posts"}],"about":[{"href":"https:\/\/infolanus.com\/index.php\/wp-json\/wp\/v2\/types\/post"}],"author":[{"embeddable":true,"href":"https:\/\/infolanus.com\/index.php\/wp-json\/wp\/v2\/users\/2"}],"replies":[{"embeddable":true,"href":"https:\/\/infolanus.com\/index.php\/wp-json\/wp\/v2\/comments?post=10081"}],"version-history":[{"count":0,"href":"https:\/\/infolanus.com\/index.php\/wp-json\/wp\/v2\/posts\/10081\/revisions"}],"wp:featuredmedia":[{"embeddable":true,"href":"https:\/\/infolanus.com\/index.php\/wp-json\/wp\/v2\/media\/10082"}],"wp:attachment":[{"href":"https:\/\/infolanus.com\/index.php\/wp-json\/wp\/v2\/media?parent=10081"}],"wp:term":[{"taxonomy":"category","embeddable":true,"href":"https:\/\/infolanus.com\/index.php\/wp-json\/wp\/v2\/categories?post=10081"},{"taxonomy":"post_tag","embeddable":true,"href":"https:\/\/infolanus.com\/index.php\/wp-json\/wp\/v2\/tags?post=10081"}],"curies":[{"name":"wp","href":"https:\/\/api.w.org\/{rel}","templated":true}]}}