{"id":10085,"date":"2025-08-24T15:51:21","date_gmt":"2025-08-24T18:51:21","guid":{"rendered":"https:\/\/www.ambito.com\/mundo\/nicolas-maduro-ordeno-la-excarcelacion-13-presos-politicos-venezuela-n6182111"},"modified":"2025-08-24T15:51:21","modified_gmt":"2025-08-24T18:51:21","slug":"nicolas-maduro-ordeno-la-excarcelacion-de-13-presos-politicos-en-venezuela","status":"publish","type":"post","link":"https:\/\/infolanus.com\/index.php\/2025\/08\/24\/nicolas-maduro-ordeno-la-excarcelacion-de-13-presos-politicos-en-venezuela\/","title":{"rendered":"Nicol\u00e1s Maduro orden\u00f3 la excarcelaci\u00f3n de 13 presos pol\u00edticos en Venezuela"},"content":{"rendered":"<p><img data-recalc-dims=\"1\" decoding=\"async\" src=\"https:\/\/i0.wp.com\/media.ambito.com\/p\/b122a3a024751ba7eb96d37f9842a542\/adjuntos\/239\/imagenes\/042\/695\/0042695007\/nicolas-maduro.jpg?w=640&#038;ssl=1\"><!-- { REGION4 --> <\/p>\n<header class=\"news-headline\" readability=\"1.8515901060071\">\n<div class=\"news-headline__topics-and-date-wrapper\"> <span class=\"news-headline__publication-date\"> 24 de agosto 2025 &#8211; 15:51 <\/span><\/div>\n<h2 class=\"news-headline__article-summary\" readability=\"-1\">\n<p class=\"ignore-parser\">La medida beneficia a figuras de la oposici\u00f3n y a exfuncionarios venezolanos. En tanto, el gendarme argentino Nahuel Gallo contin\u00faa detenido en Caracas.<\/p>\n<\/h2>\n<\/header>\n<div class=\"detail-highlighted-multimedia content-protected-false\">\n<figure class=\"detail-highlighted-multimedia__figure\"> <img data-recalc-dims=\"1\" loading=\"lazy\" decoding=\"async\" src=\"https:\/\/i0.wp.com\/media.ambito.com\/p\/3ec9f284b41809dcbdf52f6e4c1ad114\/adjuntos\/239\/imagenes\/042\/695\/0042695003\/nicolas-maduro.jpg?resize=640%2C360&#038;ssl=1\" class=\"detail-highlighted-multimedia__figure-img img-fluid\" alt=\"Maduro dio la orden para bajar las tensiones respecto a los reclamos internacionales sobre los presos pol\u00edticos en Venezuela.\" width=\"640\" height=\"360\" crossorigin=\"anonymous\"><figcaption class=\"detail-highlighted-multimedia__figcaption\" readability=\"1.5\">\n<div class=\"detail-highlighted-multimedia__caption\" readability=\"8\">\n<p>Maduro dio la orden para bajar las tensiones respecto a los reclamos internacionales sobre los presos pol\u00edticos en Venezuela.<\/p>\n<\/div>\n<p> <span class=\"detail-highlighted-multimedia__copyright\">LA Times<\/span><\/figcaption><\/figure>\n<\/div>\n<article class=\"article-body article-body--first-paragraph content-protected-false\" data-td-script-src=\"https:\/\/www.ambito.com\/td\/modulos\/encuestas\/js\/function-embeds-min-version-1756008458.js\" readability=\"5.8140495867769\">\n<p>El r\u00e9gimen de <strong>Nicol\u00e1s Maduro en Venezuela<\/strong> orden\u00f3 <strong><a href=\"https:\/\/www.ambito.com\/mundo\/nayib-bukele-le-propuso-nicolas-maduro-repatriar-detenidos-venezolanos-cambio-liberar-presos-politicos-n6136475\" target=\"_blank\" rel=\"follow\">la excarcelaci\u00f3n de 13 presos pol\u00edticos<\/a><\/strong>, ocho de ellos opositores, entre los que se encuentran dos con nacionalidad italiana, mientras que le otorg\u00f3 el arresto domiciliario a otros cinco.<\/p>\n<\/article>\n<article class=\"article-body article-body--second-paragraph content-protected-false\" readability=\"6\">\n<p>Seg\u00fan informaron diversos medios internacionales, la mayor\u00eda de quienes fueron liberados hab\u00edan sido acusados por un caso de presunta corrupci\u00f3n en alcald\u00edas manejadas por la oposici\u00f3n, denunciados por el gobierno venezolano a principios de a\u00f1o.<\/p>\n<\/article>\n<section class=\"related-news\"> <span class=\"related-news__title\">Informate m\u00e1s<\/span> <\/p>\n<div class=\"row row--eq-height\">\n<div class=\"col-12 col-md-6\">\n<article class=\"news-article news-article--landscape-news news-article--landscape-news\">\n<figure class=\"news-article__figure figure\"> <a href=\"https:\/\/www.ambito.com\/energia\/petrolera-china-inyecta-mas-us1000-millones-venezuela-reflotar-yacimientos-n6181449\" target title=\"\u00e1mbito.com | Petrolera china inyecta m\u00e1s de u$s1.000 millones en Venezuela para reflotar yacimientos\" alt=\"\u00e1mbito.com | Petrolera china inyecta m\u00e1s de u$s1.000 millones en Venezuela para reflotar yacimientos\" rel=\"noindex nofollow noreferrer\"> <img loading=\"lazy\" decoding=\"async\" src=\"https:\/\/www.ambito.com\/css-custom\/239\/lazy.svg\" data-td-src-property=\"https:\/\/media.ambito.com\/p\/cf020c6743647c6a1c8e2ae1da279101\/adjuntos\/239\/imagenes\/042\/694\/0042694061\/93x52\/smart\/petroleo-venezuela.png\" alt=\"Antes de las sanciones de Washington en 2019, el gigante estatal CNPC era uno de los principales inversores extranjeros en la industria petrolera venezolana.\" title=\"Antes de las sanciones de Washington en 2019, el gigante estatal CNPC era uno de los principales inversores extranjeros en la industria petrolera venezolana.\" width=\"93\" height=\"52\" class=\"news-article__figure-img figure-img img-fluid\"> <\/a><\/figure>\n<\/article><\/div>\n<div class=\"col-12 col-md-6\">\n<article class=\"news-article news-article--landscape-news news-article--landscape-news\">\n<figure class=\"news-article__figure figure\"> <a href=\"https:\/\/www.ambito.com\/mundo\/venezuela-denuncia-el-secuestro-66-ninos-procesos-deportacion-eeuu-n6180415\" target title=\"\u00e1mbito.com | Venezuela denuncia el secuestro de 66 ni\u00f1os tras procesos de deportaci\u00f3n en EEUU\" alt=\"\u00e1mbito.com | Venezuela denuncia el secuestro de 66 ni\u00f1os tras procesos de deportaci\u00f3n en EEUU\" rel=\"noindex nofollow noreferrer\"> <img loading=\"lazy\" decoding=\"async\" src=\"https:\/\/www.ambito.com\/css-custom\/239\/lazy.svg\" data-td-src-property=\"https:\/\/media.ambito.com\/p\/cb9b2e161586d0ff1ad1c040f7f20b24\/adjuntos\/239\/imagenes\/037\/779\/0037779967\/maduro-trumpjpg.jpg\" alt=\"Caracas denuncia el \u201csecuestro\u201d de 66 ni\u00f1os en Estados Unidos y exige su repatriaci\u00f3n inmediata.\" title=\"Caracas denuncia el \u201csecuestro\u201d de 66 ni\u00f1os en Estados Unidos y exige su repatriaci\u00f3n inmediata.\" width=\"93\" height=\"52\" class=\"news-article__figure-img figure-img img-fluid\"> <\/a><\/figure>\n<\/article><\/div>\n<\/div>\n<\/section>\n<article class=\"article-body article-body--third-paragraph content-protected-false\" readability=\"6\">\n<p>En tanto, indicaron que dentro del grupo se encuentra el exdiputado <strong>Am\u00e9rico De Grazia<\/strong>, quien hab\u00eda sido detenido luego de la crisis que se desat\u00f3 despu\u00e9s de la presunta reelecci\u00f3n de Nicol\u00e1s Maduro en 2024 que fue denunciada como fraude a escala internacional.<\/p>\n<\/article>\n<article class=\"article-body article-body--fourth-paragraph content-protected-false\" readability=\"16\">\n<div contenteditable=\"false\" class=\"embed_cont type_imagen\" id=\"8117231-Libre-342109929_wrap\" readability=\"8.5\">\n<p> presos politicos venezuela calles <span onclick=\"parent.parent.TinyMCETdcuerpo.preview_embed('8117231-Libre-342109929')\" class=\"embed_colapse less\" id=\"8117231-Libre-342109929_colapse\"><\/span> <span onclick=\"parent.parent.TinyMCETdcuerpo.delete_embed('8117231-Libre-342109929')\" class=\"embed_delete less\" id=\"8117231-Libre-342109929_delete\"><\/span><\/p>\n<div id=\"8117231-Libre-342109929_content\" class=\"embed_content\"><img decoding=\"async\" src=\"https:\/\/www.ambito.com\/css-custom\/239\/lazy.svg\" data-td-src-property=\"https:\/\/media.ambito.com\/p\/72f6b0364556a073b923daf39cc2159c\/adjuntos\/239\/imagenes\/042\/699\/0042699084\/730x0\/smart\/presos-politicos-venezuela-calles.jpg\" alt=\"Am&amp;eacute;rio de Grazia (izquierda), uno de los pol&amp;iacute;ticos excarcelados por Maduro este domingo.\" title=\"Am&amp;eacute;rio de Grazia (izquierda), uno de los pol&amp;iacute;ticos excarcelados por Maduro este domingo.\" width=\"730\" height=\"undefined\" id=\"8117231-Libre-342109929_embed\"><\/div>\n<div id=\"8117231-Libre-342109929_epigrafe\" class=\"embed_epigrafe\" readability=\"8\">\n<p> Am\u00e9rio de Grazia (izquierda), uno de los pol\u00edticos excarcelados por Maduro este domingo.<\/p>\n<\/div><\/div>\n<p>El dirigente Henrique Capriles revel\u00f3 que los liberados son V<strong>\u00edctor Jurado, Sim\u00f3n Vargas, Arelis Ojeda Escalante, Mayra Castro, Diana Berr\u00edo, Gorka Carnevalli, Margarita Assenzo y de Grazia, mientras que Nabil Maalouf, Valent\u00edn Guti\u00e9rrez Pineda, Rafael Ram\u00edrez, Pedro Guanipa y David Barroso<\/strong> recibieron una medida de &#8220;casa por c\u00e1rcel&#8221;.<\/p>\n<\/article>\n<article class=\"article-body article-body--fifth-paragraph content-protected-false\" readability=\"5\">\n<p>\u201cHoy varias familias vuelven a abrazar a los suyos\u201d, se\u00f1al\u00f3 Apriles, a la vez que manifest\u00f3 que todav\u00eda quedan muchas personas detenidas por motivos pol\u00edticos.<\/p>\n<\/article>\n<article class=\"article-body article-body--remaining-paragraph content-protected-false\" readability=\"25\">\n<div contenteditable=\"false\" class=\"embed_cont type_freetext\" rel=\"freetext\" id=\"embed80_wrap\" readability=\"6\">\n<p> Embed <span onclick=\"parent.parent.TinyMCETdcuerpo.preview_embed('embed80')\" class=\"embed_colapse less\" id=\"embed80_colapse\"><\/span> <span onclick=\"parent.parent.TinyMCETdcuerpo.delete_embed('embed80')\" class=\"embed_delete less\" id=\"embed80_delete\"><\/span><\/p>\n<div id=\"embed80_content\" class=\"embed_content\" readability=\"7\">\n<p> https:\/\/x.com\/hcapriles\/status\/1959486737266221324<\/p>\n<\/div><\/div>\n<h2>Esposa de Nahuel Gallo, el gendarme retenido en Venezuela: &#8220;Mi marido es v\u00edctima de un crimen de lesa humanidad&#8221;<\/h2>\n<p><strong>Mar\u00eda G\u00f3mez, esposa del gendarme argentino Nahuel Gallo, denunci\u00f3 p\u00fablicamente la desaparici\u00f3n forzada de su marido en Venezuela<\/strong>, un hecho que calific\u00f3 como \u201cun crimen de lesa humanidad\u201d. A ocho meses de la detenci\u00f3n, asegura que<strong> Gallo no fue presentado ante ning\u00fan tribunal ni se conocen oficialmente las razones de su arresto<\/strong>.<\/p>\n<p>\u201c<strong>Desde el primer momento, Nahuel est\u00e1 siendo v\u00edctima de una desaparici\u00f3n forzada. Ante cualquier organismo internacional, eso es un crimen de lesa humanidad, y es lo que venimos denunciando hace ya m\u00e1s de ocho meses<\/strong>\u201d, afirm\u00f3 G\u00f3mez por Radio Rivadavia.<\/p>\n<p>El gobierno de <strong>Nicol\u00e1s Maduro<\/strong> acusa a Gallo de presunto espionaje y de intentar promover un golpe de Estado en Venezuela. Sin embargo, su pareja sostiene que <strong>esas acusaciones surgieron solo \u201ccuando se hizo la presi\u00f3n medi\u00e1tica sobre el caso\u201d y denuncia que, pese a esas imputaciones, \u201ca Nahuel no lo han presentado ante ning\u00fan tribunal con competencia en terrorismo ni en nada de eso<\/strong>\u201d.<\/p>\n<\/article>\n<div class=\"comments\" id=\"comments\" data-td-script-src=\"https:\/\/connect.facebook.net\/es_LA\/sdk.js#xfbml=1&amp;version=v9.0&amp;appId=592069321760905&amp;autoLogAppEvents=1\">\n<h3 class=\"comments__obj-title\"> Dej\u00e1 tu comentario <\/h3>\n<\/p><\/div>\n<p> <!-- REGION4 } --> <\/p>\n","protected":false},"excerpt":{"rendered":"<p>24 de agosto 2025 &#8211; 15:51 La medida beneficia a figuras de la oposici\u00f3n y a exfuncionarios venezolanos. En tanto, el gendarme argentino Nahuel Gallo contin\u00faa detenido en Caracas. Maduro dio la orden para bajar las tensiones respecto a los reclamos internacionales sobre los presos pol\u00edticos en Venezuela. LA Times El r\u00e9gimen de Nicol\u00e1s Maduro [&hellip;]<\/p>\n","protected":false},"author":2,"featured_media":10086,"comment_status":"closed","ping_status":"closed","sticky":false,"template":"","format":"standard","meta":{"jetpack_post_was_ever_published":false,"_jetpack_newsletter_access":"","_jetpack_dont_email_post_to_subs":false,"_jetpack_newsletter_tier_id":0,"_jetpack_memberships_contains_paywalled_content":false,"_jetpack_memberships_contains_paid_content":false,"footnotes":"","jetpack_publicize_message":"","jetpack_publicize_feature_enabled":true,"jetpack_social_post_already_shared":true,"jetpack_social_options":{"image_generator_settings":{"template":"highway","enabled":false},"version":2}},"categories":[20],"tags":[1286],"class_list":["post-10085","post","type-post","status-publish","format-standard","has-post-thumbnail","hentry","category-mundo","tag-mundo"],"jetpack_publicize_connections":[],"jetpack_featured_media_url":"https:\/\/i0.wp.com\/infolanus.com\/wp-content\/uploads\/2025\/08\/nicolas-maduro-ordeno-la-excarcelacion-de-13-presos-politicos-en-venezuela.jpg?fit=655%2C368&ssl=1","jetpack_sharing_enabled":true,"jetpack_shortlink":"https:\/\/wp.me\/p9QtMr-2CF","_links":{"self":[{"href":"https:\/\/infolanus.com\/index.php\/wp-json\/wp\/v2\/posts\/10085","targetHints":{"allow":["GET"]}}],"collection":[{"href":"https:\/\/infolanus.com\/index.php\/wp-json\/wp\/v2\/posts"}],"about":[{"href":"https:\/\/infolanus.com\/index.php\/wp-json\/wp\/v2\/types\/post"}],"author":[{"embeddable":true,"href":"https:\/\/infolanus.com\/index.php\/wp-json\/wp\/v2\/users\/2"}],"replies":[{"embeddable":true,"href":"https:\/\/infolanus.com\/index.php\/wp-json\/wp\/v2\/comments?post=10085"}],"version-history":[{"count":0,"href":"https:\/\/infolanus.com\/index.php\/wp-json\/wp\/v2\/posts\/10085\/revisions"}],"wp:featuredmedia":[{"embeddable":true,"href":"https:\/\/infolanus.com\/index.php\/wp-json\/wp\/v2\/media\/10086"}],"wp:attachment":[{"href":"https:\/\/infolanus.com\/index.php\/wp-json\/wp\/v2\/media?parent=10085"}],"wp:term":[{"taxonomy":"category","embeddable":true,"href":"https:\/\/infolanus.com\/index.php\/wp-json\/wp\/v2\/categories?post=10085"},{"taxonomy":"post_tag","embeddable":true,"href":"https:\/\/infolanus.com\/index.php\/wp-json\/wp\/v2\/tags?post=10085"}],"curies":[{"name":"wp","href":"https:\/\/api.w.org\/{rel}","templated":true}]}}