{"id":10093,"date":"2025-08-26T10:12:01","date_gmt":"2025-08-26T13:12:01","guid":{"rendered":"https:\/\/infolanus.com\/index.php\/2025\/08\/26\/marcelo-gallardo-no-hablo-en-conferencia-de-prensa-luego-del-empate-de-river\/"},"modified":"2025-08-26T10:12:01","modified_gmt":"2025-08-26T13:12:01","slug":"marcelo-gallardo-no-hablo-en-conferencia-de-prensa-luego-del-empate-de-river","status":"publish","type":"post","link":"https:\/\/infolanus.com\/index.php\/2025\/08\/26\/marcelo-gallardo-no-hablo-en-conferencia-de-prensa-luego-del-empate-de-river\/","title":{"rendered":"Marcelo Gallardo no habl\u00f3 en conferencia de prensa luego del empate de River"},"content":{"rendered":"<div class=\"media_block\"><\/div>\n<div><img data-recalc-dims=\"1\" decoding=\"async\" src=\"https:\/\/i0.wp.com\/fotos.perfil.com\/2025\/08\/26\/trim\/1140\/641\/marcelo-gallardo-2086749.jpg?w=640&#038;ssl=1\" class=\"ff-og-image-inserted\"><\/div>\n<p><strong>River <\/strong>se qued\u00f3 con un sabor amargo en su visita a <strong>Lan\u00fas<\/strong>. Cuando parec\u00eda que el equipo de <a target=\"_blank\" href=\"http:\/\/https:\/\/442.perfil.com\/noticias\/futbol\/marcelo-gallardo-y-los-planes-para-que-river-llegue-entero-a-jugar-contra-palmeiras.phtml\"><strong>Marcelo Gallardo<\/strong><\/a> se llevaba tres puntos valiosos en la Fortaleza, apareci\u00f3 <strong>Rodrigo Castillo<\/strong> en el \u00faltimo minuto de adici\u00f3n para sellar el 1-1 y desatar la furia del entrenador millonario.<\/p>\n<h2><strong>Gallardo estall\u00f3 de bronca tras el gol de Lan\u00fas<\/strong><\/h2>\n<p>El gol naci\u00f3 tras una p\u00e9rdida de <strong>Gonzalo Montiel <\/strong>en la mitad de la cancha y la posterior falta de cobertura de <strong>Juan Fernando Quintero<\/strong> en la marca, una seguidilla de errores que terminaron en el empate granate.<\/p>\n<p>Ni bien la pelota ingres\u00f3 en el arco de Armani, Gallardo explot\u00f3: <strong>lanz\u00f3 un insulto al aire y tuvo un cruce con su ayudante Mat\u00edas Biscay<\/strong>, que se mantuvo sereno pese a la situaci\u00f3n.<\/p>\n<p class=\"destacadoNota\"><a target=\"_blank\" href=\"https:\/\/442.perfil.com\/noticias\/futbol\/lanus-vs-river-por-el-torneo-clausura-2025.phtml\">En la \u00faltima jugada del partido Lan\u00fas se lo empat\u00f3 1-1 a River<\/a><\/p>\n<p>La bronca fue tal que <strong>el<em> Mu\u00f1eco<\/em>&nbsp;decidi\u00f3 suspender la conferencia de prensa post partid<\/strong>o, sin querer dar declaraciones tras el duro golpe.<\/p>\n<p>M\u00e1s all\u00e1 del empate, River qued\u00f3 como \u00fanico l\u00edder de la Zona B con 12 puntos, uno por encima de V\u00e9lez y San Lorenzo. Adem\u00e1s, se mantiene a dos de Rosario Central, puntero de la tabla anual luego de su triunfo en el cl\u00e1sico ante Newell\u2019s con un golazo de tiro libre de \u00c1ngel Di Mar\u00eda.<\/p>\n<h2><strong>As\u00ed fue el empate entre Lan\u00fas y River<\/strong><\/h2>\n<p><iframe width=\"560\" height=\"315\" src=\"https:\/\/www.youtube.com\/embed\/Z8RKo03Lp0A\" frameborder=\"0\" allow=\"accelerometer; autoplay; clipboard-write; encrypted-media; gyroscope; picture-in-picture\" allowfullscreen loading=\"lazy\">[embedded content]<\/iframe><\/p>\n<p>BP<\/p>\n<p> <!-- tags --> <\/p>\n","protected":false},"excerpt":{"rendered":"<p>River se qued\u00f3 con un sabor amargo en su visita a Lan\u00fas. Cuando parec\u00eda que el equipo de Marcelo Gallardo se llevaba tres puntos valiosos en la Fortaleza, apareci\u00f3 Rodrigo Castillo en el \u00faltimo minuto de adici\u00f3n para sellar el 1-1 y desatar la furia del entrenador millonario. Gallardo estall\u00f3 de bronca tras el gol [&hellip;]<\/p>\n","protected":false},"author":2,"featured_media":10094,"comment_status":"closed","ping_status":"closed","sticky":false,"template":"","format":"standard","meta":{"jetpack_post_was_ever_published":false,"_jetpack_newsletter_access":"","_jetpack_dont_email_post_to_subs":false,"_jetpack_newsletter_tier_id":0,"_jetpack_memberships_contains_paywalled_content":false,"_jetpack_memberships_contains_paid_content":false,"footnotes":"","jetpack_publicize_message":"","jetpack_publicize_feature_enabled":true,"jetpack_social_post_already_shared":true,"jetpack_social_options":{"image_generator_settings":{"template":"highway","enabled":false},"version":2}},"categories":[17],"tags":[],"class_list":["post-10093","post","type-post","status-publish","format-standard","has-post-thumbnail","hentry","category-deportes"],"jetpack_publicize_connections":[],"jetpack_featured_media_url":"https:\/\/i0.wp.com\/infolanus.com\/wp-content\/uploads\/2025\/08\/marcelo-gallardo-no-hablo-en-conferencia-de-prensa-luego-del-empate-de-river.jpg?fit=1140%2C641&ssl=1","jetpack_sharing_enabled":true,"jetpack_shortlink":"https:\/\/wp.me\/p9QtMr-2CN","_links":{"self":[{"href":"https:\/\/infolanus.com\/index.php\/wp-json\/wp\/v2\/posts\/10093","targetHints":{"allow":["GET"]}}],"collection":[{"href":"https:\/\/infolanus.com\/index.php\/wp-json\/wp\/v2\/posts"}],"about":[{"href":"https:\/\/infolanus.com\/index.php\/wp-json\/wp\/v2\/types\/post"}],"author":[{"embeddable":true,"href":"https:\/\/infolanus.com\/index.php\/wp-json\/wp\/v2\/users\/2"}],"replies":[{"embeddable":true,"href":"https:\/\/infolanus.com\/index.php\/wp-json\/wp\/v2\/comments?post=10093"}],"version-history":[{"count":0,"href":"https:\/\/infolanus.com\/index.php\/wp-json\/wp\/v2\/posts\/10093\/revisions"}],"wp:featuredmedia":[{"embeddable":true,"href":"https:\/\/infolanus.com\/index.php\/wp-json\/wp\/v2\/media\/10094"}],"wp:attachment":[{"href":"https:\/\/infolanus.com\/index.php\/wp-json\/wp\/v2\/media?parent=10093"}],"wp:term":[{"taxonomy":"category","embeddable":true,"href":"https:\/\/infolanus.com\/index.php\/wp-json\/wp\/v2\/categories?post=10093"},{"taxonomy":"post_tag","embeddable":true,"href":"https:\/\/infolanus.com\/index.php\/wp-json\/wp\/v2\/tags?post=10093"}],"curies":[{"name":"wp","href":"https:\/\/api.w.org\/{rel}","templated":true}]}}