{"id":10102,"date":"2025-08-27T16:33:00","date_gmt":"2025-08-27T19:33:00","guid":{"rendered":"https:\/\/www.ambito.com\/c6183424"},"modified":"2025-08-27T16:33:00","modified_gmt":"2025-08-27T19:33:00","slug":"tiroteo-en-la-iglesia-de-una-escuela-catolica-de-minneapolis-un-hombre-mato-a-dos-ninos-mientras-rezaban","status":"publish","type":"post","link":"https:\/\/infolanus.com\/index.php\/2025\/08\/27\/tiroteo-en-la-iglesia-de-una-escuela-catolica-de-minneapolis-un-hombre-mato-a-dos-ninos-mientras-rezaban\/","title":{"rendered":"Tiroteo en la iglesia de una escuela cat\u00f3lica de Minneapolis: un hombre mat\u00f3 a dos ni\u00f1os mientras rezaban"},"content":{"rendered":"<p><!-- { REGION4 --> <\/p>\n<header class=\"news-headline\" readability=\"1.3982142857143\">\n<div class=\"news-headline__topics-and-date-wrapper\"> <span class=\"news-headline__publication-date\"> 27 de agosto 2025 &#8211; 16:33 <\/span><\/div>\n<h2 class=\"news-headline__article-summary\" readability=\"23\">\n<p class=\"ignore-parser\">El agresor dispar\u00f3 por la ventana durante una misa en la Annunciation Catholic School. El FBI act\u00faa en la investigaci\u00f3n.<\/p>\n<\/h2>\n<\/header>\n<div class=\"detail-highlighted-multimedia content-protected-false\">\n<figure class=\"detail-highlighted-multimedia__figure\"> <img data-recalc-dims=\"1\" loading=\"lazy\" decoding=\"async\" src=\"https:\/\/i0.wp.com\/media.ambito.com\/p\/77db79c798cdf74cee0053922fbb8e96\/adjuntos\/239\/imagenes\/042\/710\/0042710531\/minneapolis.jpg?resize=640%2C360&#038;ssl=1\" class=\"detail-highlighted-multimedia__figure-img img-fluid\" alt=\"Agentes del orden p\u00fablico se re\u00fanieron frente a la escuela en respuesta a un tiroteo masivo reportado.\" width=\"640\" height=\"360\" crossorigin=\"anonymous\"><figcaption class=\"detail-highlighted-multimedia__figcaption\" readability=\"-23.5\"> <span class=\"detail-highlighted-multimedia__copyright\">Bruce Kluckhohn (AP)<\/span><\/figcaption><\/figure>\n<\/div>\n<article class=\"article-body article-body--first-paragraph content-protected-false\" data-td-script-src=\"https:\/\/www.ambito.com\/td\/modulos\/encuestas\/js\/function-embeds-min-version-1756267639.js\" readability=\"34.2071197411\">\n<p>Se produjo un<strong> <a href=\"https:\/\/www.ambito.com\/informacion-general\/balvanera-una-mujer-herida-un-tiroteo-un-local-zapatillas-n6146909\" target=\"_blank\" rel=\"follow\">tiroteo<\/a><\/strong> en <strong>Annunciation Catholic School,<\/strong> ubicada en la zona sur de <strong>Minneapolis<\/strong>, <strong>Minnesota<\/strong>. <strong>D<\/strong><strong>os ni\u00f1os de 8 y 10 a\u00f1os murieron<\/strong> mientras rezaban; hay otras <strong>17 personas heridas<\/strong>, incluidos 14 ni\u00f1os, varios de ellos en <strong>estado muy grave<\/strong>, confirm\u00f3 el oficial Brian O\u2019Hara en conferencia de prensa.<\/p>\n<\/article>\n<article class=\"article-body article-body--second-paragraph content-protected-false\" readability=\"36\">\n<p>El atacante, un joven de alrededor de 20 a\u00f1os, tambi\u00e9n muri\u00f3, <strong>aparentemente por una herida de bala autoinfligida<\/strong>. El agresor estaba armado con<strong> un rifle, una escopeta y una pistola<\/strong>. El hecho se desarroll\u00f3 en la intersecci\u00f3n de la 54.\u00aa Avenida, entre Harriet y Garfield avenues, donde la escuela est\u00e1 adjunta a una iglesia cat\u00f3lica.<\/p>\n<\/article>\n<section class=\"related-news\"> <span class=\"related-news__title\">Informate m\u00e1s<\/span> <\/p>\n<div class=\"row row--eq-height\">\n<div class=\"col-12 col-md-6\">\n<article class=\"news-article news-article--landscape-news news-article--landscape-news\">\n<figure class=\"news-article__figure figure\"> <a href=\"https:\/\/www.ambito.com\/mundo\/benjamin-netanyahu-exigio-la-retirada-inmediata-del-informe-onu-hambruna-gaza-n6183365\" target title=\"\u00e1mbito.com | Netanyahu exigi\u00f3 la retirada inmediata del informe de ONU sobre hambruna en Gaza\" alt=\"\u00e1mbito.com | Netanyahu exigi\u00f3 la retirada inmediata del informe de ONU sobre hambruna en Gaza\" rel=\"noindex nofollow noreferrer\"> <img loading=\"lazy\" decoding=\"async\" src=\"https:\/\/www.ambito.com\/css-custom\/239\/lazy.svg\" data-td-src-property=\"https:\/\/media.ambito.com\/p\/b8c64c8b4bf6c4152d44f210007a7051\/adjuntos\/239\/imagenes\/042\/646\/0042646635\/ninos-hambre-gaza.jpeg\" alt=\"Israel rechaza el informe de la IPC que declar\u00f3 oficialmente la hambruna en Gaza.\" title=\"Israel rechaza el informe de la IPC que declar\u00f3 oficialmente la hambruna en Gaza.\" width=\"93\" height=\"52\" class=\"news-article__figure-img figure-img img-fluid\"> <\/a><\/figure>\n<\/article><\/div>\n<div class=\"col-12 col-md-6\">\n<article class=\"news-article news-article--landscape-news news-article--landscape-news\">\n<figure class=\"news-article__figure figure\"> <a href=\"https:\/\/www.ambito.com\/mundo\/espana-los-incendios-arrasan-mas-362000-hectareas-solo-tres-semanas-n6183301\" target title=\"\u00e1mbito.com | Espa\u00f1a: los incendios arrasan m\u00e1s de 362.000 hect\u00e1reas en solo tres semanas\" alt=\"\u00e1mbito.com | Espa\u00f1a: los incendios arrasan m\u00e1s de 362.000 hect\u00e1reas en solo tres semanas\" rel=\"noindex nofollow noreferrer\"> <img loading=\"lazy\" decoding=\"async\" src=\"https:\/\/www.ambito.com\/css-custom\/239\/lazy.svg\" data-td-src-property=\"https:\/\/media.ambito.com\/p\/0920e05e3ee3c2c94b82d70934d061d3\/adjuntos\/239\/imagenes\/042\/710\/0042710048\/espana.jpg\" alt=\"El 97% del \u00e1rea afectada corresponde a grandes incendios forestales que devastaron zonas arboladas y ecosistemas protegidos.\" title=\"El 97% del \u00e1rea afectada corresponde a grandes incendios forestales que devastaron zonas arboladas y ecosistemas protegidos.\" width=\"93\" height=\"52\" class=\"news-article__figure-img figure-img img-fluid\"> <\/a><\/figure>\n<\/article><\/div>\n<\/div>\n<\/section>\n<article class=\"article-body article-body--third-paragraph content-protected-false\" readability=\"36\">\n<p>La polic\u00eda local estableci\u00f3 la calle <strong>525 W. 54th St<\/strong> como zona de reunificaci\u00f3n de los estudiantes con sus padres. Act\u00faan en la investigaci\u00f3n agentes del <strong>FBI<\/strong>, la <strong>Patrulla Estatal de Minnesota<\/strong>, el <strong>Departamento de Polic\u00eda de Minneapolis<\/strong>, adem\u00e1s de la <strong>Oficina de Alcohol, Tabaco, Armas de Fuego y Explosivos<\/strong> (ATF), quienes respondieron a la emergencia a las 8.30 de la ma\u00f1ana. El tirador abri\u00f3 fuego contra los ni\u00f1os que asist\u00edan a misa antes de iniciar sus clases. Las autoridades confirmaron que el tirador fue <strong>\u201ccontenido\u201d<\/strong> y que ya no representa una \u201camenaza activa\u201d para la comunidad.<\/p>\n<\/article>\n<article class=\"article-body article-body--fourth-paragraph content-protected-false\" readability=\"31\">\n<p>\u201cEste fue un <strong>acto deliberado de violencia contra ni\u00f1os inocentes y otras personas creyentes.<\/strong> La pura crueldad y cobard\u00eda de disparar contra una iglesia llena de ni\u00f1os es absolutamente incomprensible\u201d, expres\u00f3 el <strong>jefe de polic\u00eda de Minneapolis<\/strong>, Brian O\u2019Hara.<\/p>\n<\/article>\n<article class=\"article-body article-body--fifth-paragraph content-protected-false\">\n<div contenteditable=\"false\" class=\"embed_cont type_imagen\" id=\"8118716-Libre-1509236351_wrap\" readability=\"6\">\n<p>minneapolis 2 <span onclick=\"parent.parent.TinyMCETdcuerpo.preview_embed('8118716-Libre-1509236351')\" class=\"embed_colapse less\" id=\"8118716-Libre-1509236351_colapse\"><\/span> <span onclick=\"parent.parent.TinyMCETdcuerpo.delete_embed('8118716-Libre-1509236351')\" class=\"embed_delete less\" id=\"8118716-Libre-1509236351_delete\"><\/span><\/p>\n<div id=\"8118716-Libre-1509236351_content\" class=\"embed_content\"><img decoding=\"async\" src=\"https:\/\/www.ambito.com\/css-custom\/239\/lazy.svg\" data-td-src-property=\"https:\/\/media.ambito.com\/p\/d6078c485d3d6ef8596035a2c5b61da0\/adjuntos\/239\/imagenes\/042\/710\/0042710751\/730x0\/smart\/minneapolis-2.jpg\" alt=\"La Annunciation Catholic es una escuela cat\u00f3lica ubicada en la capital de Minnesota.\" title=\"La Annunciation Catholic es una escuela cat\u00f3lica ubicada en la capital de Minnesota.\" width=\"730\" height=\"undefined\" id=\"8118716-Libre-1509236351_embed\"><\/div>\n<div id=\"8118716-Libre-1509236351_epigrafe\" class=\"embed_epigrafe\" readability=\"7\">\n<p> La Annunciation Catholic es una escuela cat\u00f3lica ubicada en la capital de Minnesota.<\/p>\n<\/div>\n<p>Ben Brewer (REUTERS)<\/p>\n<\/div>\n<\/article>\n<article class=\"article-body article-body--remaining-paragraph content-protected-false\" readability=\"38.518518518519\">\n<h2> La reacci\u00f3n de Donald Trump y el gobernador Walz frente al tiroteo<\/h2>\n<p>El <strong>gobernador Tim Walz<\/strong> confirm\u00f3 en su cuenta oficial que fue informado de la situaci\u00f3n: \u201cEstoy rezando por nuestros ni\u00f1os y maestros cuyos primeros d\u00edas del curso escolar quedaron marcados por este acto violento\u201d.<\/p>\n<div contenteditable=\"false\" class=\"embed_cont type_freetext\" rel=\"freetext\" id=\"embed74_wrap\">\n<p>Embed <span onclick=\"parent.parent.TinyMCETdcuerpo.preview_embed('embed74')\" class=\"embed_colapse less\" id=\"embed74_colapse\"><\/span> <span onclick=\"parent.parent.TinyMCETdcuerpo.delete_embed('embed74')\" class=\"embed_delete less\" id=\"embed74_delete\"><\/span><\/p>\n<div id=\"embed74_content\" class=\"embed_content\">\n<div id=\"embed74_embed\" readability=\"7.6385542168675\">\n<blockquote data-td-script-src=\"https:\/\/platform.twitter.com\/widgets.js\" class=\"twitter-tweet\" readability=\"8.5933734939759\">\n<p dir=\"ltr\" lang=\"en\"> I\u2019ve been briefed on a shooting at Annunciation Catholic School and will continue to provide updates as we get more information. The BCA and State Patrol are on scene.<\/p>\n<p>I\u2019m praying for our kids and teachers whose first week of school was marred by this horrific act of violence.<\/p>\n<p> \u2014 Governor Tim Walz (@GovTimWalz) <a href=\"https:\/\/twitter.com\/GovTimWalz\/status\/1960706436284985707?ref_src=twsrc%5Etfw\">August 27, 2025<\/a><\/p><\/blockquote>\n<\/div><\/div>\n<\/p><\/div>\n<p> El <strong><a href=\"https:\/\/www.ambito.com\/uruguay\/el-dolar-global-sube-la-vez-que-las-acciones-y-el-petroleo-se-estabilizan-medio-nuevas-presiones-donald-trump-n6183213\" target=\"_blank\" rel=\"follow\">presidente Donald Trump<\/a><\/strong> dijo a trav\u00e9s de Truth Social que recibi\u00f3 los informes sobre el tiroteo y asegur\u00f3 que el<strong> FBI actu\u00f3 r\u00e1pidamente en la zona<\/strong>. Adem\u00e1s, solicit\u00f3 oraciones para todos los involucrados.<\/p>\n<p>Por su parte, el <strong>alcalde de Minneapolis<\/strong>, <strong>Jacob Frey<\/strong>, lament\u00f3 los hechos en conferencia de prensa y conden\u00f3 la violencia que cambi\u00f3 para siempre a las familias de las v\u00edctimas.<\/p>\n<\/article>\n<p> <!-- REGION4 } --> <\/p>\n","protected":false},"excerpt":{"rendered":"<p>27 de agosto 2025 &#8211; 16:33 El agresor dispar\u00f3 por la ventana durante una misa en la Annunciation Catholic School. El FBI act\u00faa en la investigaci\u00f3n. Bruce Kluckhohn (AP) Se produjo un tiroteo en Annunciation Catholic School, ubicada en la zona sur de Minneapolis, Minnesota. Dos ni\u00f1os de 8 y 10 a\u00f1os murieron mientras rezaban; [&hellip;]<\/p>\n","protected":false},"author":2,"featured_media":10103,"comment_status":"closed","ping_status":"closed","sticky":false,"template":"","format":"standard","meta":{"jetpack_post_was_ever_published":false,"_jetpack_newsletter_access":"","_jetpack_dont_email_post_to_subs":false,"_jetpack_newsletter_tier_id":0,"_jetpack_memberships_contains_paywalled_content":false,"_jetpack_memberships_contains_paid_content":false,"footnotes":"","jetpack_publicize_message":"","jetpack_publicize_feature_enabled":true,"jetpack_social_post_already_shared":true,"jetpack_social_options":{"image_generator_settings":{"template":"highway","enabled":false},"version":2}},"categories":[20],"tags":[],"class_list":["post-10102","post","type-post","status-publish","format-standard","has-post-thumbnail","hentry","category-mundo"],"jetpack_publicize_connections":[],"jetpack_featured_media_url":"https:\/\/i0.wp.com\/infolanus.com\/wp-content\/uploads\/2025\/08\/tiroteo-en-la-iglesia-de-una-escuela-catolica-de-minneapolis-un-hombre-mato-a-dos-ninos-mientras-rezaban.jpg?fit=655%2C368&ssl=1","jetpack_sharing_enabled":true,"jetpack_shortlink":"https:\/\/wp.me\/p9QtMr-2CW","_links":{"self":[{"href":"https:\/\/infolanus.com\/index.php\/wp-json\/wp\/v2\/posts\/10102","targetHints":{"allow":["GET"]}}],"collection":[{"href":"https:\/\/infolanus.com\/index.php\/wp-json\/wp\/v2\/posts"}],"about":[{"href":"https:\/\/infolanus.com\/index.php\/wp-json\/wp\/v2\/types\/post"}],"author":[{"embeddable":true,"href":"https:\/\/infolanus.com\/index.php\/wp-json\/wp\/v2\/users\/2"}],"replies":[{"embeddable":true,"href":"https:\/\/infolanus.com\/index.php\/wp-json\/wp\/v2\/comments?post=10102"}],"version-history":[{"count":0,"href":"https:\/\/infolanus.com\/index.php\/wp-json\/wp\/v2\/posts\/10102\/revisions"}],"wp:featuredmedia":[{"embeddable":true,"href":"https:\/\/infolanus.com\/index.php\/wp-json\/wp\/v2\/media\/10103"}],"wp:attachment":[{"href":"https:\/\/infolanus.com\/index.php\/wp-json\/wp\/v2\/media?parent=10102"}],"wp:term":[{"taxonomy":"category","embeddable":true,"href":"https:\/\/infolanus.com\/index.php\/wp-json\/wp\/v2\/categories?post=10102"},{"taxonomy":"post_tag","embeddable":true,"href":"https:\/\/infolanus.com\/index.php\/wp-json\/wp\/v2\/tags?post=10102"}],"curies":[{"name":"wp","href":"https:\/\/api.w.org\/{rel}","templated":true}]}}