{"id":10108,"date":"2025-08-29T00:50:53","date_gmt":"2025-08-29T03:50:53","guid":{"rendered":"https:\/\/infolanus.com\/index.php\/2025\/08\/29\/marcelo-gallardo-celebro-la-victoria-en-penales-y-fue-autocritico-a-pesar-de-la-clasificacion-hoy-estamos-en-cinco-puntos\/"},"modified":"2025-08-29T00:50:53","modified_gmt":"2025-08-29T03:50:53","slug":"marcelo-gallardo-celebro-la-victoria-en-penales-y-fue-autocritico-a-pesar-de-la-clasificacion-hoy-estamos-en-cinco-puntos","status":"publish","type":"post","link":"https:\/\/infolanus.com\/index.php\/2025\/08\/29\/marcelo-gallardo-celebro-la-victoria-en-penales-y-fue-autocritico-a-pesar-de-la-clasificacion-hoy-estamos-en-cinco-puntos\/","title":{"rendered":"Marcelo Gallardo celebr\u00f3 la victoria en penales y fue autocr\u00edtico a pesar de la clasificaci\u00f3n: &#8220;Hoy estamos en cinco puntos&#8221;"},"content":{"rendered":"<div class=\"media_block\"><\/div>\n<div><img data-recalc-dims=\"1\" decoding=\"async\" src=\"https:\/\/i0.wp.com\/fotos.perfil.com\/2025\/08\/29\/trim\/1140\/641\/marcelo-gallardo-2089068.jpg?w=640&#038;ssl=1\" class=\"ff-og-image-inserted\"><\/div>\n<p>En la noche de este jueves, <a target=\"_blank\" href=\"https:\/\/442.perfil.com\/noticias\/futbol\/river-vs-union-por-la-copa-argentina.phtml\"><strong>River super\u00f3 a Uni\u00f3n en la tanda de penales<\/strong><\/a> y avanz\u00f3 a los cuartos de final gracias a dos de sus referentes:<a target=\"_blank\" href=\"https:\/\/442.perfil.com\/noticias\/futbol\/franco-armani-volvio-a-ser-el-heroe-de-river-en-los-penales-nunca-me-doy-por-vencido.phtml\"><strong> Franco Armani<\/strong><\/a>, clave con sus atajadas, y <strong>Gonzalo Montiel<\/strong>, quien convirti\u00f3 el penal decisivo que sell\u00f3 la clasificaci\u00f3n.<\/p>\n<p>El <em>Millonario <\/em>no mostr\u00f3 su mejor versi\u00f3n y lo sinti\u00f3 en el resultado: no pudo imponerse en los 90 minutos ante el <em>Tatengue <\/em>y termin\u00f3 sufriendo en los penales, <strong>donde finalmente logr\u00f3 meterse en la siguiente instancia.<\/strong><\/p>\n<p>En ese contexto, el director t\u00e9cnico <strong>Marcelo Gallardo comparti\u00f3 su an\u00e1lisis del partido<\/strong>, <strong>evalu\u00f3 el rendimiento de algunos jugadores <\/strong>y <strong>anticip\u00f3 lo que ser\u00e1 el duelo frente a Palmeiras por la Copa Libertadores.<\/strong><\/p>\n<p><strong>&#8220;Nuestro karma eran los penales. Creo que cambiamos esa situaci\u00f3n adversa con dos definiciones en poco tiempo<\/strong>.&nbsp;Hay que saber sufrir y saber ganar&#8221;, arranc\u00f3 el <em>Mu\u00f1eco<\/em>.<\/p>\n<p>Luego, sobre los mismos tiros penales, agreg\u00f3: <strong>&#8220;No nos agradan los penales, pero bienvenido sea. <\/strong>Hoy estamos con otra postura ante esta alternativa&#8221;.<\/p>\n<p>Acerca del tiempo regular, sostuvo: &#8220;Fue un partido parejo. Uni\u00f3n fue un equipo duro, f\u00edsicamente con fuerza.<strong> Nos gener\u00f3 dolores de cabeza, pero tuvimos paciencia&#8221;.<\/strong><\/p>\n<p>&#8220;Hoy no pudimos convertir las situaciones que tuvimos. Reconocemos que enfrentamos a un rival duro. Por momentos hicimos lo que hab\u00edamos planeado, pero nos costaba mover la pelota y no fuimos efectivos por dentro&#8221;, agreg\u00f3 Gallardo.<\/p>\n<p>El director t\u00e9cnico tampoco dej\u00f3 de lado la autocr\u00edtica y expres\u00f3:<strong>&nbsp;&#8220;Me voy con el deseo de que el equipo siga mejorando<\/strong>. Hay que ser realistas con la vara que nosotros mismos nos ponemos.<strong> Si tuviera que ponerle un puntaje al equipo, hoy estamos en cinco puntos<\/strong>. Estamos en una l\u00ednea entre el aprobado y el desaprobado&#8221;.<\/p>\n<p>Sobre Franco Armani, uno de los h\u00e9roes de la noche al atajar dos penales para el <em>Millonario<\/em>, el entrenador declar\u00f3<strong>:&nbsp;&#8220;Ya est\u00e1 en la mesa de los grandes arqueros de River.<\/strong> Que \u00e9l sienta que puede dar y prepararse para este tipo de situaciones, en las que antes no se sent\u00eda tan c\u00f3modo, habla muy bien de su voluntad.<strong> Me pone muy feliz por \u00e9l. Se lo ha criticado injustamente y hoy est\u00e1 revirtiendo esa imagen que no era positiva\u201d.<\/strong><\/p>\n<p>Por \u00faltimo, pero no menos importante, palpit\u00f3 el cruce contra Palmeiras por la Copa Libertadores: &#8220;<strong>Ac\u00e1 todo el mundo dice del Palmeiras, pero en Brasil tambi\u00e9n se preocupan por enfrentar a River.<\/strong>&nbsp;Vamos a estar mejor mentalmente.&nbsp;Mientras tanto aprovecharemos este tiempo para mostrar presencia y tener un vuelo diferente<strong>. Soy optimista, va a ser muy parejo&#8221;.<\/strong><\/p>\n<p>FMZ<\/p>\n<p> <!-- tags --> <\/p>\n","protected":false},"excerpt":{"rendered":"<p>En la noche de este jueves, River super\u00f3 a Uni\u00f3n en la tanda de penales y avanz\u00f3 a los cuartos de final gracias a dos de sus referentes: Franco Armani, clave con sus atajadas, y Gonzalo Montiel, quien convirti\u00f3 el penal decisivo que sell\u00f3 la clasificaci\u00f3n. El Millonario no mostr\u00f3 su mejor versi\u00f3n y lo [&hellip;]<\/p>\n","protected":false},"author":2,"featured_media":10109,"comment_status":"closed","ping_status":"closed","sticky":false,"template":"","format":"standard","meta":{"jetpack_post_was_ever_published":false,"_jetpack_newsletter_access":"","_jetpack_dont_email_post_to_subs":false,"_jetpack_newsletter_tier_id":0,"_jetpack_memberships_contains_paywalled_content":false,"_jetpack_memberships_contains_paid_content":false,"footnotes":"","jetpack_publicize_message":"","jetpack_publicize_feature_enabled":true,"jetpack_social_post_already_shared":true,"jetpack_social_options":{"image_generator_settings":{"template":"highway","enabled":false},"version":2}},"categories":[17],"tags":[],"class_list":["post-10108","post","type-post","status-publish","format-standard","has-post-thumbnail","hentry","category-deportes"],"jetpack_publicize_connections":[],"jetpack_featured_media_url":"https:\/\/i0.wp.com\/infolanus.com\/wp-content\/uploads\/2025\/08\/marcelo-gallardo-celebro-la-victoria-en-penales-y-fue-autocritico-a-pesar-de-la-clasificacion-hoy-estamos-en-cinco-puntos.jpg?fit=1140%2C641&ssl=1","jetpack_sharing_enabled":true,"jetpack_shortlink":"https:\/\/wp.me\/p9QtMr-2D2","_links":{"self":[{"href":"https:\/\/infolanus.com\/index.php\/wp-json\/wp\/v2\/posts\/10108","targetHints":{"allow":["GET"]}}],"collection":[{"href":"https:\/\/infolanus.com\/index.php\/wp-json\/wp\/v2\/posts"}],"about":[{"href":"https:\/\/infolanus.com\/index.php\/wp-json\/wp\/v2\/types\/post"}],"author":[{"embeddable":true,"href":"https:\/\/infolanus.com\/index.php\/wp-json\/wp\/v2\/users\/2"}],"replies":[{"embeddable":true,"href":"https:\/\/infolanus.com\/index.php\/wp-json\/wp\/v2\/comments?post=10108"}],"version-history":[{"count":0,"href":"https:\/\/infolanus.com\/index.php\/wp-json\/wp\/v2\/posts\/10108\/revisions"}],"wp:featuredmedia":[{"embeddable":true,"href":"https:\/\/infolanus.com\/index.php\/wp-json\/wp\/v2\/media\/10109"}],"wp:attachment":[{"href":"https:\/\/infolanus.com\/index.php\/wp-json\/wp\/v2\/media?parent=10108"}],"wp:term":[{"taxonomy":"category","embeddable":true,"href":"https:\/\/infolanus.com\/index.php\/wp-json\/wp\/v2\/categories?post=10108"},{"taxonomy":"post_tag","embeddable":true,"href":"https:\/\/infolanus.com\/index.php\/wp-json\/wp\/v2\/tags?post=10108"}],"curies":[{"name":"wp","href":"https:\/\/api.w.org\/{rel}","templated":true}]}}