{"id":10114,"date":"2025-08-30T00:25:09","date_gmt":"2025-08-30T03:25:09","guid":{"rendered":"https:\/\/infolanus.com\/index.php\/2025\/08\/30\/julio-vaccari-se-pronuncio-por-primera-vez-tras-los-incidentes-en-la-copa-sudamericana-el-futbol-tiene-que-estar-triste-por-lo-sucedido\/"},"modified":"2025-08-30T00:25:09","modified_gmt":"2025-08-30T03:25:09","slug":"julio-vaccari-se-pronuncio-por-primera-vez-tras-los-incidentes-en-la-copa-sudamericana-el-futbol-tiene-que-estar-triste-por-lo-sucedido","status":"publish","type":"post","link":"https:\/\/infolanus.com\/index.php\/2025\/08\/30\/julio-vaccari-se-pronuncio-por-primera-vez-tras-los-incidentes-en-la-copa-sudamericana-el-futbol-tiene-que-estar-triste-por-lo-sucedido\/","title":{"rendered":"Julio Vaccari se pronunci\u00f3 por primera vez tras los incidentes en la Copa Sudamericana: &#8220;El f\u00fatbol tiene que estar triste por lo sucedido&#8221;"},"content":{"rendered":"<div class=\"media_block\"><\/div>\n<p>En la noche de este viernes,<a target=\"_blank\" href=\"https:\/\/442.perfil.com\/noticias\/futbol\/instituto-vs-independiente-fecha-7-torneo-clausura-2025.phtml\"><strong> Independiente empat\u00f3 0-0 ante Instituto por el Torneo Clausura<\/strong><\/a>, en lo que fue <strong>el primer partido del <em>Rojo <\/em>tras l<a target=\"_blank\" href=\"https:\/\/442.perfil.com\/noticias\/futbol\/el-descargo-de-independiente-por-los-incidentes-con-universidad-de-chile.phtml\">os graves incidentes ocurridos entre los barras de la U. de Chile durante la Copa Sudamericana.<\/a><\/strong><\/p>\n<p>En ese sentido, el director t\u00e9cnico del <em>Rey de Copas<\/em>,<strong> Julio Vaccari, habl\u00f3 por primera vez y dio su punto de vista sobre la tragedia <\/strong>ocurrida el mi\u00e9rcoles pasado en el Libertadores de Am\u00e9rica &#8211; Ricardo Enrique Bochini.<\/p>\n<p><strong>&#8220;Es una tristeza muy grande. El f\u00fatbol tiene que estar triste por lo sucedido.<\/strong> El deseo de uno es que siempre las situaciones futbol\u00edsticas se resuelvan dentro del campo&#8221;, arranc\u00f3 el entrenador del Rojo.<\/p>\n<p>Luego, agreg\u00f3: &#8220;S\u00e9 que la gente de Independiente est\u00e1 haciendo todo lo posible y nosotros estamos encolumnados detr\u00e1s de eso, pero <strong>siempre sabiendo que nosotros representamos un escudo muy grande y que tenemos que hacernos cargo de la parte futbol\u00edstica<\/strong>. Es lo que nos toca y es desde el lugar que nosotros podemos ayudar&#8221;.<\/p>\n<p>Explicando c\u00f3mo vivi\u00f3 esta situaci\u00f3n el plantel durante la semana, explic\u00f3: <strong>&#8220;No est\u00e1bamos preparados para hablar del tema. El primer d\u00eda no, el segundo ya empezamos a hablar&#8221;.<\/strong><\/p>\n<div>\n<figure class=\"image\"><img data-recalc-dims=\"1\" decoding=\"async\" alt=\"disturbios\" height=\"345\" src=\"https:\/\/i0.wp.com\/fotos.perfil.com\/\/\/2025\/08\/23\/900\/0\/independiente-disturbios-2085391.jpg?resize=640%2C345&#038;ssl=1\" width=\"640\" loading=\"lazy\"><figcaption>Disturbios en el Libertadores de Am\u00e9rica<\/figcaption><\/figure>\n<\/div>\n<p class=\"destacadoNota\"><a target=\"_blank\" href=\"https:\/\/442.perfil.com\/noticias\/futbol\/siguen-profugos-los-hinchas-de-independiente-buscados-por-los-incidentes-con-la-u-de-chile.phtml\">Siguen pr\u00f3fugos los hinchas de Independiente buscados por los incidentes con la U de Chile<\/a><\/p>\n<p><strong>&#8220;No es normal<\/strong>, hay muchos chicos del cuerpo t\u00e9cnico, del plantel y empleados que tienen familia en la gente que va al codo del&nbsp; estadio&#8221;, a\u00f1adi\u00f3 Vaccari sobre lo sucedido.<\/p>\n<p>Sobre c\u00f3mo lo va manejando el equipo, destac\u00f3: <strong>&#8220;Nos propusimos, con el correr de los d\u00edas, ir dejando pasar la situaci\u00f3n para poder representar a este escudo de la mejor manera&#8221;.<\/strong><\/p>\n<p>Por \u00faltimo, dej\u00f3 un fuerte mensaje: <strong>&#8220;Es un problema cultural y social, grande y grave. Es una falta de educaci\u00f3n muy importante&#8221;.<\/strong><\/p>\n<p>FMZ<\/p>\n<p> <!-- tags --> <\/p>\n","protected":false},"excerpt":{"rendered":"<p>En la noche de este viernes, Independiente empat\u00f3 0-0 ante Instituto por el Torneo Clausura, en lo que fue el primer partido del Rojo tras los graves incidentes ocurridos entre los barras de la U. de Chile durante la Copa Sudamericana. En ese sentido, el director t\u00e9cnico del Rey de Copas, Julio Vaccari, habl\u00f3 por [&hellip;]<\/p>\n","protected":false},"author":2,"featured_media":10115,"comment_status":"closed","ping_status":"closed","sticky":false,"template":"","format":"standard","meta":{"jetpack_post_was_ever_published":false,"_jetpack_newsletter_access":"","_jetpack_dont_email_post_to_subs":false,"_jetpack_newsletter_tier_id":0,"_jetpack_memberships_contains_paywalled_content":false,"_jetpack_memberships_contains_paid_content":false,"footnotes":"","jetpack_publicize_message":"","jetpack_publicize_feature_enabled":true,"jetpack_social_post_already_shared":true,"jetpack_social_options":{"image_generator_settings":{"template":"highway","enabled":false},"version":2}},"categories":[17],"tags":[],"class_list":["post-10114","post","type-post","status-publish","format-standard","has-post-thumbnail","hentry","category-deportes"],"jetpack_publicize_connections":[],"jetpack_featured_media_url":"https:\/\/i0.wp.com\/infolanus.com\/wp-content\/uploads\/2025\/08\/julio-vaccari-se-pronuncio-por-primera-vez-tras-los-incidentes-en-la-copa-sudamericana-el-futbol-tiene-que-estar-triste-por-lo-sucedido.jpg?fit=900%2C485&ssl=1","jetpack_sharing_enabled":true,"jetpack_shortlink":"https:\/\/wp.me\/p9QtMr-2D8","_links":{"self":[{"href":"https:\/\/infolanus.com\/index.php\/wp-json\/wp\/v2\/posts\/10114","targetHints":{"allow":["GET"]}}],"collection":[{"href":"https:\/\/infolanus.com\/index.php\/wp-json\/wp\/v2\/posts"}],"about":[{"href":"https:\/\/infolanus.com\/index.php\/wp-json\/wp\/v2\/types\/post"}],"author":[{"embeddable":true,"href":"https:\/\/infolanus.com\/index.php\/wp-json\/wp\/v2\/users\/2"}],"replies":[{"embeddable":true,"href":"https:\/\/infolanus.com\/index.php\/wp-json\/wp\/v2\/comments?post=10114"}],"version-history":[{"count":0,"href":"https:\/\/infolanus.com\/index.php\/wp-json\/wp\/v2\/posts\/10114\/revisions"}],"wp:featuredmedia":[{"embeddable":true,"href":"https:\/\/infolanus.com\/index.php\/wp-json\/wp\/v2\/media\/10115"}],"wp:attachment":[{"href":"https:\/\/infolanus.com\/index.php\/wp-json\/wp\/v2\/media?parent=10114"}],"wp:term":[{"taxonomy":"category","embeddable":true,"href":"https:\/\/infolanus.com\/index.php\/wp-json\/wp\/v2\/categories?post=10114"},{"taxonomy":"post_tag","embeddable":true,"href":"https:\/\/infolanus.com\/index.php\/wp-json\/wp\/v2\/tags?post=10114"}],"curies":[{"name":"wp","href":"https:\/\/api.w.org\/{rel}","templated":true}]}}