{"id":10129,"date":"2025-09-01T22:11:00","date_gmt":"2025-09-02T01:11:00","guid":{"rendered":"https:\/\/www.ambito.com\/c6185416"},"modified":"2025-09-01T22:11:00","modified_gmt":"2025-09-02T01:11:00","slug":"donald-trump-anuncio-que-le-otorgara-la-medalla-presidencial-de-la-libertad-a-rudy-giuliani","status":"publish","type":"post","link":"https:\/\/infolanus.com\/index.php\/2025\/09\/01\/donald-trump-anuncio-que-le-otorgara-la-medalla-presidencial-de-la-libertad-a-rudy-giuliani\/","title":{"rendered":"Donald Trump anunci\u00f3 que le otorgar\u00e1 la Medalla Presidencial de la Libertad a Rudy Giuliani"},"content":{"rendered":"<p><!-- { REGION4 --> <\/p>\n<header class=\"news-headline\" readability=\"2.3064516129032\">\n<div class=\"news-headline__topics-and-date-wrapper\"> <span class=\"news-headline__publication-date\"> 1 de septiembre 2025 &#8211; 22:11 <\/span><\/div>\n<h2 class=\"news-headline__article-summary\" readability=\"25\">\n<p data-start=\"231\" data-end=\"416\" class=\"ignore-parser\">El presidente de EEUU destac\u00f3 al exalcalde de Nueva York, quien atraviesa un delicado estado de salud, como \u201cpatriota\u201d y \u201cel mayor alcalde&#8221; de la ciudad.<\/p>\n<\/h2>\n<\/header>\n<div class=\"detail-highlighted-multimedia content-protected-false\">\n<figure class=\"detail-highlighted-multimedia__figure\"> <img data-recalc-dims=\"1\" loading=\"lazy\" decoding=\"async\" src=\"https:\/\/i0.wp.com\/media.ambito.com\/p\/64770174e6b74103c2cf0754f517ba3e\/adjuntos\/239\/imagenes\/042\/724\/0042724243\/655x368\/smart\/rurdy-giuliani-trump.jpg?resize=640%2C428&#038;ssl=1\" class=\"detail-highlighted-multimedia__figure-img img-fluid\" alt=\"Rudy Giuliani sufri\u00f3 una fractura vertebral, adem\u00e1s de m\u00faltiples heridas y contusiones tras un accidente de tr\u00e1nsito.\" width=\"640\" height=\"428\" crossorigin=\"anonymous\"><figcaption class=\"detail-highlighted-multimedia__figcaption\" readability=\"-23\"> <\/figcaption><\/figure>\n<\/p><\/div>\n<article class=\"article-body article-body--first-paragraph content-protected-false\" data-td-script-src=\"https:\/\/www.ambito.com\/td\/modulos\/encuestas\/js\/function-embeds-min-version-1756699714.js\" readability=\"30.523076923077\">\n<p data-start=\"431\" data-end=\"704\">El presidente de Estados Unidos, <strong data-start=\"464\" data-end=\"480\"><a href=\"https:\/\/www.ambito.com\/finanzas\/christine-lagarde-vs-donald-trump-el-intento-controlar-la-fed-es-una-grave-amenaza-la-economia-global-n6184991\" target=\"_blank\" rel=\"follow\">Donald Trump<\/a><\/strong>, anunci\u00f3 que otorgar\u00e1 la <strong data-start=\"506\" data-end=\"545\"> Medalla Presidencial de la Libertad<\/strong> al exalcalde de Nueva York <strong data-start=\"573\" data-end=\"590\">Rudy Giuliani<\/strong> (1994-2001), quien permanece en un <strong data-start=\"626\" data-end=\"654\">delicado estado de salud<\/strong> tras sufrir un accidente de tr\u00e1fico d\u00edas atr\u00e1s.<\/p>\n<\/article>\n<article class=\"article-body article-body--second-paragraph content-protected-false\" readability=\"35\">\n<p data-start=\"706\" data-end=\"1026\">\u201cMe complace anunciar que Rudy Giuliani, <strong>el alcalde m\u00e1s grande de la historia de la ciudad de Nueva York<\/strong> y un patriota estadounidense igualmente grande, recibir\u00e1 la Medalla Presidencial de la Libertad, el mayor honor civil de nuestro pa\u00eds\u201d, public\u00f3 el mandatario en <strong data-start=\"964\" data-end=\"980\">Truth Social<\/strong>, sin precisar fecha ni lugar de la entrega.<\/p>\n<\/article>\n<section class=\"related-news\"> <span class=\"related-news__title\">Informate m\u00e1s<\/span> <\/p>\n<div class=\"row row--eq-height\">\n<div class=\"col-12 col-md-6\">\n<article class=\"news-article news-article--landscape-news news-article--landscape-news\">\n<figure class=\"news-article__figure figure\"> <a href=\"https:\/\/www.ambito.com\/mundo\/donald-trump-le-retiro-la-proteccion-del-servicio-secreto-kamala-harris-n6184582\" target title=\"\u00e1mbito.com | Trump le retir\u00f3 la protecci\u00f3n del Servicio Secreto a Kamala Harris\" alt=\"\u00e1mbito.com | Trump le retir\u00f3 la protecci\u00f3n del Servicio Secreto a Kamala Harris\" rel=\"noindex nofollow noreferrer\"> <img loading=\"lazy\" decoding=\"async\" src=\"https:\/\/www.ambito.com\/css-custom\/239\/lazy.svg\" data-td-src-property=\"https:\/\/media.ambito.com\/p\/d067640940faf781315ce1d142d22608\/adjuntos\/239\/imagenes\/042\/718\/0042718931\/kamala-harrisjpeg.jpeg\" alt=\"Donald Trump revoc\u00f3 la protecci\u00f3n del Servicio Secreto para Kamala Harris.&nbsp;\" title=\"Donald Trump revoc\u00f3 la protecci\u00f3n del Servicio Secreto para Kamala Harris.&nbsp;\" width=\"93\" height=\"52\" class=\"news-article__figure-img figure-img img-fluid\"> <\/a><\/figure>\n<\/article><\/div>\n<div class=\"col-12 col-md-6\">\n<article class=\"news-article news-article--landscape-news news-article--landscape-news\">\n<figure class=\"news-article__figure figure\"> <a href=\"https:\/\/www.ambito.com\/mundo\/eeuu-donald-trump-congelo-us4900-millones-una-tactica-usada-ultima-vez-hace-casi-medio-siglo-n6184513\" target title=\"\u00e1mbito.com | EEUU: Trump congel\u00f3 u$s4.900 millones con una t\u00e1ctica usada por \u00faltima vez hace casi medio siglo\" alt=\"\u00e1mbito.com | EEUU: Trump congel\u00f3 u$s4.900 millones con una t\u00e1ctica usada por \u00faltima vez hace casi medio siglo\" rel=\"noindex nofollow noreferrer\"> <img loading=\"lazy\" decoding=\"async\" src=\"https:\/\/www.ambito.com\/css-custom\/239\/lazy.svg\" data-td-src-property=\"https:\/\/media.ambito.com\/p\/0cc1eea244be6ad8106121cdf3dd3a14\/adjuntos\/239\/imagenes\/042\/674\/0042674678\/donald-trump.jpg\" alt=\"Trump bloque\u00f3 fondos para ayuda exterior y genera cr\u00edticas por su impacto en la pol\u00edtica internacional.\" title=\"Trump bloque\u00f3 fondos para ayuda exterior y genera cr\u00edticas por su impacto en la pol\u00edtica internacional.\" width=\"93\" height=\"52\" class=\"news-article__figure-img figure-img img-fluid\"> <\/a><\/figure>\n<\/article><\/div>\n<\/div>\n<\/section>\n<article class=\"article-body article-body--third-paragraph content-protected-false\">\n<div contenteditable=\"false\" class=\"embed_cont type_imagen\" id=\"8121017-Libre-415586984_wrap\" readability=\"6\">\n<p>image <span onclick=\"parent.parent.TinyMCETdcuerpo.preview_embed('8121017-Libre-415586984')\" class=\"embed_colapse less\" id=\"8121017-Libre-415586984_colapse\"><\/span> <span onclick=\"parent.parent.TinyMCETdcuerpo.delete_embed('8121017-Libre-415586984')\" class=\"embed_delete less\" id=\"8121017-Libre-415586984_delete\"><\/span><\/p>\n<div id=\"8121017-Libre-415586984_content\" class=\"embed_content\"><img decoding=\"async\" src=\"https:\/\/www.ambito.com\/css-custom\/239\/lazy.svg\" data-td-src-property=\"https:\/\/media.ambito.com\/p\/7bdb8f14eb403533d8d4d19a71c4a0b0\/adjuntos\/239\/imagenes\/042\/724\/0042724244\/730x0\/smart\/image.png\" alt=\"La publicaci\u00f3n de Donald Trump en Truth Social.\" title=\"La publicaci\u00f3n de Donald Trump en Truth Social.\" width=\"730\" height=\"undefined\" id=\"8121017-Libre-415586984_embed\"><\/div>\n<div id=\"8121017-Libre-415586984_epigrafe\" class=\"embed_epigrafe\" readability=\"7\">\n<p> La publicaci\u00f3n de Donald Trump en Truth Social.<\/p>\n<\/div><\/div>\n<\/article>\n<article class=\"article-body article-body--fourth-paragraph content-protected-false\" readability=\"34\">\n<p data-start=\"1028\" data-end=\"1248\"> Giuliani, de 81 a\u00f1os, sufri\u00f3 una <strong data-start=\"1061\" data-end=\"1083\">fractura vertebral<\/strong>, adem\u00e1s de <strong data-start=\"1095\" data-end=\"1130\">m\u00faltiples heridas y contusiones<\/strong>, cuando un veh\u00edculo impact\u00f3 a gran velocidad contra el coche en el que viajaba, seg\u00fan inform\u00f3 su jefe de seguridad.<\/p>\n<\/article>\n<article class=\"article-body article-body--fifth-paragraph content-protected-false\" readability=\"23.521126760563\">\n<p data-start=\"1250\" data-end=\"1472\">Entre los galardonados previamente con <a href=\"https:\/\/www.ambito.com\/finanzas\/donald-trump-revoca-permisos-operar-china-empresas-chips-acciones-samsung-y-sk-hynix-se-desploman-n6184978\" target=\"_blank\" rel=\"follow\"> la m\u00e1xima distinci\u00f3n civil de Estados Unidos <\/a>figuran el chef espa\u00f1ol <strong data-start=\"1358\" data-end=\"1373\">Jos\u00e9 Andr\u00e9s<\/strong> y el difunto <strong data-start=\"1387\" data-end=\"1405\">papa Francisco<\/strong>, reconocidos en enero de 2025 por el expresidente <strong data-start=\"1456\" data-end=\"1469\">Joe Biden<\/strong>.<\/p>\n<\/article>\n<article class=\"article-body article-body--remaining-paragraph content-protected-false\" readability=\"44\">\n<h2>Donald Trump le retir\u00f3 la protecci\u00f3n del Servicio Secreto a Kamala Harris<\/h2>\n<p data-start=\"136\" data-end=\"352\">El presidente de Estados Unidos, <strong>Donald Trump,<\/strong> revoc\u00f3 oficialmente la custodia del <strong data-start=\"223\" data-end=\"243\">Servicio Secreto<\/strong> que acompa\u00f1aba a la exvicepresidenta <strong>Kamala Harris,<\/strong> de acuerdo con una <strong>carta oficial<\/strong>. As\u00ed lo confirmaron de manera definitiva desde la <strong>Casa Blanca<\/strong>.<\/p>\n<p data-start=\"136\" data-end=\"352\">La normativa estadounidense otorga a los expresidentes protecci\u00f3n de por vida, mientras que los exvicepresidentes <strong>solo cuentan con seis meses de resguardo<\/strong> una vez que dejan el cargo. En el caso de Harris, ese plazo concluy\u00f3 el 21 de julio.<\/p>\n<p data-start=\"136\" data-end=\"352\">Sin embargo, su seguridad hab\u00eda sido prorrogada por <strong>un a\u00f1o adiciona<\/strong>l a trav\u00e9s de una directiva firmada por el entonces presidente <strong data-start=\"760\" data-end=\"773\">Joe Biden<\/strong>, poco antes de abandonar la Casa Blanca. Dicho acuerdo no se hab\u00eda dado a conocer hasta ahora.<\/p>\n<\/article>\n<p> <!-- REGION4 } --> <\/p>\n","protected":false},"excerpt":{"rendered":"<p>1 de septiembre 2025 &#8211; 22:11 El presidente de EEUU destac\u00f3 al exalcalde de Nueva York, quien atraviesa un delicado estado de salud, como \u201cpatriota\u201d y \u201cel mayor alcalde&#8221; de la ciudad. El presidente de Estados Unidos, Donald Trump, anunci\u00f3 que otorgar\u00e1 la Medalla Presidencial de la Libertad al exalcalde de Nueva York Rudy Giuliani [&hellip;]<\/p>\n","protected":false},"author":2,"featured_media":10130,"comment_status":"closed","ping_status":"closed","sticky":false,"template":"","format":"standard","meta":{"jetpack_post_was_ever_published":false,"_jetpack_newsletter_access":"","_jetpack_dont_email_post_to_subs":false,"_jetpack_newsletter_tier_id":0,"_jetpack_memberships_contains_paywalled_content":false,"_jetpack_memberships_contains_paid_content":false,"footnotes":"","jetpack_publicize_message":"","jetpack_publicize_feature_enabled":true,"jetpack_social_post_already_shared":true,"jetpack_social_options":{"image_generator_settings":{"template":"highway","enabled":false},"version":2}},"categories":[20],"tags":[],"class_list":["post-10129","post","type-post","status-publish","format-standard","has-post-thumbnail","hentry","category-mundo"],"jetpack_publicize_connections":[],"jetpack_featured_media_url":"https:\/\/i0.wp.com\/infolanus.com\/wp-content\/uploads\/2025\/09\/donald-trump-anuncio-que-le-otorgara-la-medalla-presidencial-de-la-libertad-a-rudy-giuliani.jpg?fit=655%2C368&ssl=1","jetpack_sharing_enabled":true,"jetpack_shortlink":"https:\/\/wp.me\/p9QtMr-2Dn","_links":{"self":[{"href":"https:\/\/infolanus.com\/index.php\/wp-json\/wp\/v2\/posts\/10129","targetHints":{"allow":["GET"]}}],"collection":[{"href":"https:\/\/infolanus.com\/index.php\/wp-json\/wp\/v2\/posts"}],"about":[{"href":"https:\/\/infolanus.com\/index.php\/wp-json\/wp\/v2\/types\/post"}],"author":[{"embeddable":true,"href":"https:\/\/infolanus.com\/index.php\/wp-json\/wp\/v2\/users\/2"}],"replies":[{"embeddable":true,"href":"https:\/\/infolanus.com\/index.php\/wp-json\/wp\/v2\/comments?post=10129"}],"version-history":[{"count":0,"href":"https:\/\/infolanus.com\/index.php\/wp-json\/wp\/v2\/posts\/10129\/revisions"}],"wp:featuredmedia":[{"embeddable":true,"href":"https:\/\/infolanus.com\/index.php\/wp-json\/wp\/v2\/media\/10130"}],"wp:attachment":[{"href":"https:\/\/infolanus.com\/index.php\/wp-json\/wp\/v2\/media?parent=10129"}],"wp:term":[{"taxonomy":"category","embeddable":true,"href":"https:\/\/infolanus.com\/index.php\/wp-json\/wp\/v2\/categories?post=10129"},{"taxonomy":"post_tag","embeddable":true,"href":"https:\/\/infolanus.com\/index.php\/wp-json\/wp\/v2\/tags?post=10129"}],"curies":[{"name":"wp","href":"https:\/\/api.w.org\/{rel}","templated":true}]}}