{"id":10152,"date":"2025-09-05T15:37:00","date_gmt":"2025-09-05T18:37:00","guid":{"rendered":"https:\/\/www.ambito.com\/c6187079"},"modified":"2025-09-05T15:37:00","modified_gmt":"2025-09-05T18:37:00","slug":"lula-da-silva-aviso-que-cualquier-salvaguarda-tomada-por-la-ue-debe-cumplir-plenamente-lo-acordado-con-el-mercosur","status":"publish","type":"post","link":"https:\/\/infolanus.com\/index.php\/2025\/09\/05\/lula-da-silva-aviso-que-cualquier-salvaguarda-tomada-por-la-ue-debe-cumplir-plenamente-lo-acordado-con-el-mercosur\/","title":{"rendered":"Lula da Silva avis\u00f3 que cualquier salvaguarda tomada por la UE debe &#8220;cumplir plenamente&#8221; lo acordado con el Mercosur"},"content":{"rendered":"<div><img data-recalc-dims=\"1\" decoding=\"async\" src=\"https:\/\/i0.wp.com\/media.ambito.com\/p\/79af662fe1982092681527830427a2a3\/adjuntos\/239\/imagenes\/042\/625\/0042625389\/1200x675\/smart\/lula-da-silva-brasil-usina-termoelectrica-gna-ii.png?w=640&#038;ssl=1\" class=\"ff-og-image-inserted\"><\/div>\n<div id>\n<p>El presidente de <strong>Brasil, Luiz In\u00e1cio <a href=\"https:\/\/www.ambito.com\/mundo\/lula-da-silva-sugirio-que-jair-bolsonaro-tiene-vinculos-el-crimen-organizado-y-le-aconsejo-cuidarse-n6184366\" target=\"_blank\" rel=\"follow\">Lula da Silva<\/a><\/strong>, le avis\u00f3 este viernes a la presidenta de la <strong> Comisi\u00f3n Europea, Ursula von der Leyen<\/strong>, que cualquier salvaguarda que la <strong>Uni\u00f3n Europea<\/strong> adopte unilateralmente sobre el acuerdo entre <strong>Bruselas y Mercosur <\/strong>deber\u00e1 respetar lo ya acordado en diciembre pasado.<\/p>\n<\/div>\n<div id>\n<p class>Seg\u00fan difundi\u00f3 el mandatario en su cuenta de X (ex Twitter), charlaron telef\u00f3nicamente cerca de 20 minutos y abordaron &#8220;relaciones entre Brasil y el bloque europeo&#8221;, adem\u00e1s de intercambiar visiones sobre temas de la agenda global.<\/p>\n<\/div>\n<div id>\n<p class>&#8220;<strong>Defend\u00ed que cualquier reglamento de salvaguardias adoptado internamente por la UE debe cumplir <\/strong>plenamente el esp\u00edritu y los t\u00e9rminos acordados en el Acuerdo&#8221;, apunt\u00f3 una vez comenzado su mensaje.<\/p>\n<\/div>\n<div id>\n<h2>Lula da Silva avis\u00f3 a la Comisi\u00f3n Europea que se debe respetar lo acordado con el Mercosur<\/h2>\n<p class>A la vez, da Silva agreg\u00f3: &#8220;<strong>Coincidimos en que, dada la incertidumbre actual y la disrupci\u00f3n del comercio internacional, la alianza entre ambos bloques regionales es a\u00fan m\u00e1s estrat\u00e9gica<\/strong>. El futuro acuerdo crear\u00e1 un mercado de m\u00e1s de 700 millones de personas y representar\u00e1 el 26% del PIB mundial&#8221;.<\/p>\n<\/div>\n<div id>\n<div contenteditable=\"false\" class=\"embed_cont type_freetext\" rel=\"freetext\" id=\"embed9713_wrap\" data-provider=\"Twitter\" readability=\"31.00625\">\n<p>Embed &#8211; https:\/\/publish.x.com\/oembed?url=https:\/\/x.com\/LulaOficial\/status\/1963964241620189272?t=owKqs1b6u8eABXMyngfKig&amp;s=19&amp;partner=&amp;hide_thread=false<span onclick=\"parent.parent.TinyMCETdcuerpo.preview_embed('embed9713')\" class=\"embed_colapse less\" id=\"embed9713_colapse\"><\/span><span onclick=\"parent.parent.TinyMCETdcuerpo.delete_embed('embed9713')\" class=\"embed_delete less\" id=\"embed9713_delete\"><\/span><\/p>\n<div id=\"embed9713_content\" class=\"embed_content\">\n<div id=\"embed9713_embed\" readability=\"9.5744680851064\">\n<blockquote data-td-script-src=\"https:\/\/platform.twitter.com\/widgets.js\" class=\"twitter-tweet\" readability=\"12.765957446809\">\n<p dir=\"ltr\" lang=\"pt\"> Telefonei, na manh\u00e3 desta sexta-feira (05), para a presidenta da Comiss\u00e3o Europeia \u00darsula <a href=\"https:\/\/twitter.com\/vonderleyen?ref_src=twsrc%5Etfw\">@vonderleyen<\/a>. <\/p>\n<p>Na liga\u00e7\u00e3o, que durou cerca de 20 minutos, conversamos sobre as rela\u00e7\u00f5es entre o Brasil e o bloco europeu, e trocamos impress\u00f5es sobre temas da agenda global.<\/p>\n<p>Saudei o envio\u2026<\/p>\n<p> \u2014 Lula (@LulaOficial) <a href=\"https:\/\/twitter.com\/LulaOficial\/status\/1963964241620189272?ref_src=twsrc%5Etfw\">September 5, 2025<\/a><\/p><\/blockquote>\n<\/div><\/div>\n<\/p><\/div>\n<\/p><\/div>\n<div id>\n<p> &#8220;Reiteramos nuestro compromiso con el<strong> multilateralismo y un orden internacional m\u00e1s justo y pac\u00edfico<\/strong>&#8220;, agreg\u00f3 el brasile\u00f1o. Adem\u00e1s, a\u00f1adi\u00f3 que su gesti\u00f3n reforz\u00f3 su compromiso con la descarbonizaci\u00f3n de la econom\u00eda, &#8220;en consonancia con el compromiso de Brasil y la Uni\u00f3n Europea de implementar el Acuerdo de Par\u00eds y abordar la grave crisis clim\u00e1tica&#8221; mundial.<\/p>\n<p>A su vez, Von der Leyen describi\u00f3 en X como &#8220;excelente&#8221; la conversaci\u00f3n con Lula sobre el &#8220;inter\u00e9s conjunto en avanzar en el Acuerdo UE-Mercosur&#8221;: &#8220;<strong>Esta es una se\u00f1al importante de nuestra fuerte asociaci\u00f3n y compromiso con el multilateralismo.<\/strong> Europa apoya plenamente los preparativos de Brasil para la COP30&#8243;.<\/p>\n<div contenteditable=\"false\" class=\"embed_cont type_freetext\" rel=\"freetext\" id=\"embed6455_wrap\" data-provider=\"Twitter\" readability=\"31.04693877551\">\n<p>Embed &#8211; https:\/\/publish.x.com\/oembed?url=https:\/\/x.com\/vonderleyen\/status\/1963960605213184319?t=_GbKa-V4gEqHDUmLHFzXBw&amp;s=19&amp;partner=&amp;hide_thread=false<span onclick=\"parent.parent.TinyMCETdcuerpo.preview_embed('embed6455')\" class=\"embed_colapse less\" id=\"embed6455_colapse\"><\/span><span onclick=\"parent.parent.TinyMCETdcuerpo.delete_embed('embed6455')\" class=\"embed_delete less\" id=\"embed6455_delete\"><\/span><\/p>\n<div id=\"embed6455_content\" class=\"embed_content\">\n<div id=\"embed6455_embed\" readability=\"8.6873156342183\">\n<blockquote data-td-script-src=\"https:\/\/platform.twitter.com\/widgets.js\" class=\"twitter-tweet\" readability=\"10.973451327434\">\n<p dir=\"ltr\" lang=\"en\"> Excellent call with <a href=\"https:\/\/twitter.com\/LulaOficial?ref_src=twsrc%5Etfw\">@LulaOficial<\/a> today on our joint interest to advance the EU\u2013Mercosur Agreement.<\/p>\n<p>This is an important signal of our strong partnership and commitment to multilateralism. <\/p>\n<p>Europe fully supports Brazil\u2019s COP30 preparations. <\/p>\n<p>With Brazil\u2019s leadership on carbon\u2026<\/p>\n<p> \u2014 Ursula von der Leyen (@vonderleyen) <a href=\"https:\/\/twitter.com\/vonderleyen\/status\/1963960605213184319?ref_src=twsrc%5Etfw\">September 5, 2025<\/a><\/p><\/blockquote>\n<\/div><\/div>\n<\/p><\/div>\n<h2> Lula da Silva sugiri\u00f3 que Jair Bolsonaro tiene v\u00ednculos con el crimen organizado y le aconsej\u00f3 &#8220;cuidarse&#8221;<\/h2>\n<p class>El presidente de <strong>Brasil, Luiz In\u00e1cio <a href=\"https:\/\/www.ambito.com\/mundo\/en-medio-la-tension-diplomatica-lula-anuncio-que-eeuu-le-revoco-la-visa-su-ministro-justicia-n6182889\" target=\"_blank\" rel=\"follow noopener\">Lula da Silva<\/a><\/strong>, sugiri\u00f3 que el exmandatario <strong><a href=\"https:\/\/www.ambito.com\/mundo\/tension-brasil-la-policia-pide-vigilancia-interna-la-casa-jair-bolsonaro-n6183337\" target=\"_blank\" rel=\"follow noopener\"> Jair Bolsonaro<\/a><\/strong> tiene v\u00ednculos con el crimen organizado. As\u00ed lo hizo luego de anunciar que va a revelar a los integrantes de este tipo de cr\u00edmenes tras una megaoperaci\u00f3n contra a una organizaci\u00f3n. En esa l\u00ednea, le sugiri\u00f3 &#8220;tener cuidado&#8221;.<\/p>\n<p>La operaci\u00f3n de la gesti\u00f3n Da Silva se dio contra la organizaci\u00f3n <strong>Primer Comando de la Capital (PCC)<\/strong> y en esa l\u00ednea lanz\u00f3 una advertencia: &#8220;El expresidente que tenga cuidado&#8221;, en alusi\u00f3n a Bolsonaro.<\/p>\n<p class>Lula da Silva se refiri\u00f3 a la relaci\u00f3n de la derecha brasile\u00f1a con las &#8216;fintech&#8217;, nuevas empresas financieras tecnol\u00f3gicas- en el punto de mira por su relaci\u00f3n con el crimen organizado, pero tambi\u00e9n con las campa\u00f1as de desinformaci\u00f3n a trav\u00e9s de las redes sociales.<\/p>\n<\/div>\n","protected":false},"excerpt":{"rendered":"<p>El presidente de Brasil, Luiz In\u00e1cio Lula da Silva, le avis\u00f3 este viernes a la presidenta de la Comisi\u00f3n Europea, Ursula von der Leyen, que cualquier salvaguarda que la Uni\u00f3n Europea adopte unilateralmente sobre el acuerdo entre Bruselas y Mercosur deber\u00e1 respetar lo ya acordado en diciembre pasado. Seg\u00fan difundi\u00f3 el mandatario en su cuenta [&hellip;]<\/p>\n","protected":false},"author":2,"featured_media":10153,"comment_status":"closed","ping_status":"closed","sticky":false,"template":"","format":"standard","meta":{"jetpack_post_was_ever_published":false,"_jetpack_newsletter_access":"","_jetpack_dont_email_post_to_subs":false,"_jetpack_newsletter_tier_id":0,"_jetpack_memberships_contains_paywalled_content":false,"_jetpack_memberships_contains_paid_content":false,"footnotes":"","jetpack_publicize_message":"","jetpack_publicize_feature_enabled":true,"jetpack_social_post_already_shared":true,"jetpack_social_options":{"image_generator_settings":{"template":"highway","enabled":false},"version":2}},"categories":[20],"tags":[],"class_list":["post-10152","post","type-post","status-publish","format-standard","has-post-thumbnail","hentry","category-mundo"],"jetpack_publicize_connections":[],"jetpack_featured_media_url":"https:\/\/i0.wp.com\/infolanus.com\/wp-content\/uploads\/2025\/09\/lula-da-silva-aviso-que-cualquier-salvaguarda-tomada-por-la-ue-debe-cumplir-plenamente-lo-acordado-con-el-mercosur.png?fit=1200%2C675&ssl=1","jetpack_sharing_enabled":true,"jetpack_shortlink":"https:\/\/wp.me\/p9QtMr-2DK","_links":{"self":[{"href":"https:\/\/infolanus.com\/index.php\/wp-json\/wp\/v2\/posts\/10152","targetHints":{"allow":["GET"]}}],"collection":[{"href":"https:\/\/infolanus.com\/index.php\/wp-json\/wp\/v2\/posts"}],"about":[{"href":"https:\/\/infolanus.com\/index.php\/wp-json\/wp\/v2\/types\/post"}],"author":[{"embeddable":true,"href":"https:\/\/infolanus.com\/index.php\/wp-json\/wp\/v2\/users\/2"}],"replies":[{"embeddable":true,"href":"https:\/\/infolanus.com\/index.php\/wp-json\/wp\/v2\/comments?post=10152"}],"version-history":[{"count":0,"href":"https:\/\/infolanus.com\/index.php\/wp-json\/wp\/v2\/posts\/10152\/revisions"}],"wp:featuredmedia":[{"embeddable":true,"href":"https:\/\/infolanus.com\/index.php\/wp-json\/wp\/v2\/media\/10153"}],"wp:attachment":[{"href":"https:\/\/infolanus.com\/index.php\/wp-json\/wp\/v2\/media?parent=10152"}],"wp:term":[{"taxonomy":"category","embeddable":true,"href":"https:\/\/infolanus.com\/index.php\/wp-json\/wp\/v2\/categories?post=10152"},{"taxonomy":"post_tag","embeddable":true,"href":"https:\/\/infolanus.com\/index.php\/wp-json\/wp\/v2\/tags?post=10152"}],"curies":[{"name":"wp","href":"https:\/\/api.w.org\/{rel}","templated":true}]}}