{"id":10168,"date":"2025-09-08T21:46:00","date_gmt":"2025-09-09T00:46:00","guid":{"rendered":"https:\/\/www.ambito.com\/c6188096"},"modified":"2025-09-08T21:46:00","modified_gmt":"2025-09-09T00:46:00","slug":"democratas-difundieron-una-polemica-carta-atribuida-a-donald-trump-dirigida-a-jeffrey-epstein","status":"publish","type":"post","link":"https:\/\/infolanus.com\/index.php\/2025\/09\/08\/democratas-difundieron-una-polemica-carta-atribuida-a-donald-trump-dirigida-a-jeffrey-epstein\/","title":{"rendered":"Dem\u00f3cratas difundieron una pol\u00e9mica carta atribuida a Donald Trump dirigida a Jeffrey Epstein"},"content":{"rendered":"<p><!-- { REGION4 --> <\/p>\n<header class=\"news-headline\" readability=\"1.8451612903226\">\n<div class=\"news-headline__topics-and-date-wrapper\"> <span class=\"news-headline__publication-date\"> 8 de septiembre 2025 &#8211; 21:46 <\/span><\/div>\n<h2 class=\"news-headline__article-summary\" readability=\"24\">\n<p data-start=\"231\" data-end=\"391\" class=\"ignore-parser\">La Comisi\u00f3n de Supervisi\u00f3n de la C\u00e1mara de Representantes difundi\u00f3 una misiva sexualmente sugestiva atribuida al republicano, que \u00e9l niega haber escrito.<\/p>\n<\/h2>\n<\/header>\n<div class=\"detail-highlighted-multimedia content-protected-false\">\n<figure class=\"detail-highlighted-multimedia__figure\"> <img data-recalc-dims=\"1\" loading=\"lazy\" decoding=\"async\" src=\"https:\/\/i0.wp.com\/media.ambito.com\/p\/487324410852c6a50a71d08a3464020e\/adjuntos\/239\/imagenes\/042\/484\/0042484829\/655x368\/smart\/donald-trump-jeffrey-epsteinpng.png?resize=640%2C360&#038;ssl=1\" class=\"detail-highlighted-multimedia__figure-img img-fluid\" alt=\"Donald Trump junto a Jeffrey Epstein.\" width=\"640\" height=\"360\" crossorigin=\"anonymous\"><figcaption class=\"detail-highlighted-multimedia__figcaption\" readability=\"-24\"> <\/figcaption><\/figure>\n<\/p><\/div>\n<article class=\"article-body article-body--first-paragraph content-protected-false\" data-td-script-src=\"https:\/\/www.ambito.com\/td\/modulos\/encuestas\/js\/function-embeds-min-version-1757218072.js\" readability=\"24.797142857143\">\n<p data-start=\"393\" data-end=\"773\">Los <strong data-start=\"419\" data-end=\"494\">dem\u00f3cratas de la Comisi\u00f3n de Supervisi\u00f3n de la C\u00e1mara de Representantes<\/strong> difundieron una carta dirigida a <strong data-start=\"528\" data-end=\"547\"><a href=\"https:\/\/www.ambito.com\/mundo\/revelan-un-video-inedito-la-muerte-jeffrey-epstein-que-reabre-teorias-el-minuto-perdido-n6186449\" target=\"_blank\" rel=\"follow\">Jeffrey Epstein<\/a><\/strong>, presuntamente firmada por el presidente <strong data-start=\"575\" data-end=\"591\"><a href=\"https:\/\/www.ambito.com\/mundo\/tribunal-eeuu-ratifica-multa-millonaria-donald-trump-caso-difamacion-n6187956\" target=\"_blank\" rel=\"follow\"> Donald Trump<\/a><\/strong> en 2003. El documento, de tono sexual, fue publicado junto a otros archivos y reaviv\u00f3 las sospechas sobre <a href=\"https:\/\/www.ambito.com\/mundo\/la-tormenta-del-caso-epstein-llega-la-casa-blanca-y-preocupa-aun-mas-donald-trump-n6175315\" target=\"_blank\" rel=\"follow\">los v\u00ednculos entre el presidente y el fallecido financista. <\/a><\/p>\n<\/article>\n<article class=\"article-body article-body--second-paragraph content-protected-false\" readability=\"30\">\n<p>La carta fue incluida como parte de un \u00e1lbum de cumplea\u00f1os compilado en 2003 para <strong data-start=\"871\" data-end=\"882\">Epstein<\/strong>, quien se suicid\u00f3 en 2019 en una c\u00e1rcel de Manhattan mientras esperaba juicio por <strong data-start=\"965\" data-end=\"1002\">abuso sexual y tr\u00e1fico de menores<\/strong>.<\/p>\n<\/article>\n<section class=\"related-news\"> <span class=\"related-news__title\">Informate m\u00e1s<\/span> <\/p>\n<div class=\"row row--eq-height\">\n<div class=\"col-12 col-md-6\">\n<article class=\"news-article news-article--landscape-news news-article--landscape-news\">\n<figure class=\"news-article__figure figure\"> <a href=\"https:\/\/www.ambito.com\/economia\/donald-trump-lo-hizo-se-freno-seco-la-creacion-empleo-y-la-fed-ya-tiene-argumento-solido-la-baja-tasas-n6187512\" target title=\"\u00e1mbito.com | Trump lo hizo: se fren\u00f3 en seco la creaci\u00f3n de empleo y la Fed ya tiene argumento s\u00f3lido para la baja de tasas\" alt=\"\u00e1mbito.com | Trump lo hizo: se fren\u00f3 en seco la creaci\u00f3n de empleo y la Fed ya tiene argumento s\u00f3lido para la baja de tasas\" rel=\"noindex nofollow noreferrer\"> <img loading=\"lazy\" decoding=\"async\" src=\"https:\/\/www.ambito.com\/css-custom\/239\/lazy.svg\" data-td-src-property=\"https:\/\/media.ambito.com\/p\/0cc1eea244be6ad8106121cdf3dd3a14\/adjuntos\/239\/imagenes\/042\/674\/0042674678\/donald-trump.jpg\" alt=\"Trump 2.0 lo hizo. Por primera vez desde abril de 2021 hay m\u00e1s desocupados que b\u00fasquedas laborales.\" title=\"Trump 2.0 lo hizo. Por primera vez desde abril de 2021 hay m\u00e1s desocupados que b\u00fasquedas laborales.\" width=\"93\" height=\"52\" class=\"news-article__figure-img figure-img img-fluid\"> <\/a><\/figure>\n<\/article><\/div>\n<div class=\"col-12 col-md-6\">\n<article class=\"news-article news-article--landscape-news news-article--landscape-news\">\n<figure class=\"news-article__figure figure\"> <a href=\"https:\/\/www.ambito.com\/mundo\/eeuu-inicia-el-juicio-al-acusado-intentar-asesinar-donald-trump-n6187437\" target title=\"\u00e1mbito.com | Inicia en Florida el juicio federal al acusado de intentar asesinar a Trump\" alt=\"\u00e1mbito.com | Inicia en Florida el juicio federal al acusado de intentar asesinar a Trump\" rel=\"noindex nofollow noreferrer\"> <img loading=\"lazy\" decoding=\"async\" src=\"https:\/\/www.ambito.com\/css-custom\/239\/lazy.svg\" data-td-src-property=\"https:\/\/media.ambito.com\/p\/01583f9f46e44ac5a6769432fc2c23c5\/adjuntos\/239\/imagenes\/042\/739\/0042739004\/routh-trump.jpg\" alt=\"Ryan Routh, acusado de planear el atentado, decidi\u00f3 representarse a s\u00ed mismo ante la jueza Aileen Cannon.\" title=\"Ryan Routh, acusado de planear el atentado, decidi\u00f3 representarse a s\u00ed mismo ante la jueza Aileen Cannon.\" width=\"93\" height=\"52\" class=\"news-article__figure-img figure-img img-fluid\"> <\/a><\/figure>\n<\/article><\/div>\n<\/div>\n<\/section>\n<article class=\"article-body article-body--third-paragraph content-protected-false\" readability=\"31\">\n<p data-start=\"1007\" data-end=\"1272\">Por su parte, Trump neg\u00f3 haber escrito la misiva o haber realizado el dibujo de una mujer curvil\u00ednea que aparece en ella. Adem\u00e1s, present\u00f3 una <strong data-start=\"1150\" data-end=\"1216\">demanda de u$s10.000 millones contra <\/strong><em data-start=\"1189\" data-end=\"1214\">The Wall Street Journal<\/em> por un art\u00edculo anterior que lo vinculaba al mensaje.<\/p>\n<\/article>\n<article class=\"article-body article-body--fourth-paragraph content-protected-false\" readability=\"26\">\n<h2 data-start=\"775\" data-end=\"1005\">Qu\u00e9 dice la carta que Donald Trump le habr\u00eda enviado a Jeffrey Epstein<\/h2>\n<div contenteditable=\"false\" class=\"embed_cont type_imagen\" id=\"8124129-Libre-435331892_wrap\" readability=\"8\">\n<p>la-carta-que-trump-le-habria-enviado-epstein <span onclick=\"parent.parent.TinyMCETdcuerpo.preview_embed('8124129-Libre-435331892')\" class=\"embed_colapse less\" id=\"8124129-Libre-435331892_colapse\"><\/span> <span onclick=\"parent.parent.TinyMCETdcuerpo.delete_embed('8124129-Libre-435331892')\" class=\"embed_delete less\" id=\"8124129-Libre-435331892_delete\"><\/span><\/p>\n<div id=\"8124129-Libre-435331892_content\" class=\"embed_content\"><img decoding=\"async\" src=\"https:\/\/www.ambito.com\/css-custom\/239\/lazy.svg\" data-td-src-property=\"https:\/\/media.ambito.com\/p\/fd3d52806a188ad3aba1004bc3a302a6\/adjuntos\/239\/imagenes\/042\/745\/0042745405\/730x0\/smart\/la-carta-que-trump-le-habria-enviado-epstein.webp\" alt=\"La carta que Donald Trump le habr\u00eda enviado a Jeffrey Epstein.\" title=\"La carta que Donald Trump le habr\u00eda enviado a Jeffrey Epstein.\" width=\"730\" height=\"undefined\" id=\"8124129-Libre-435331892_embed\"><\/div>\n<div id=\"8124129-Libre-435331892_epigrafe\" class=\"embed_epigrafe\" readability=\"7\">\n<p> La carta que Donald Trump le habr\u00eda enviado a Jeffrey Epstein.<\/p>\n<\/div><\/div>\n<\/article>\n<article class=\"article-body article-body--fifth-paragraph content-protected-false\" readability=\"38\">\n<p data-start=\"1337\" data-end=\"1846\"> El texto dice: &#8220;Voz en off: \/ Debe haber m\u00e1s en la vida que tenerlo todo. \/ Donald: S\u00ed, lo hay, pero no te dir\u00e9 qu\u00e9 es. \/ Jeffrey: Yo tampoco, pues yo tambi\u00e9n s\u00e9 qu\u00e9 es. \/ Donald: Tenemos ciertas cosas en com\u00fan, Jeffrey. \/ Jeffrey: Es cierto, ahora que lo pienso. \/ Donald: Los enigmas nunca envejecen, \u00bfte has fijado? \/ Jeffrey: De hecho, me qued\u00f3 claro la \u00faltima vez que te vi. \/ Donald: Un amigo es algo maravilloso. Feliz cumplea\u00f1os, y que cada d\u00eda sea otro secreto maravilloso. Donald J. Trump&#8221;.<\/p>\n<\/article>\n<article class=\"article-body article-body--remaining-paragraph content-protected-false\" readability=\"47\">\n<p data-start=\"1848\" data-end=\"2108\">En X, los legisladores escribieron: \u201cAqu\u00ed est\u00e1. Hemos conseguido la nota de cumplea\u00f1os de Trump a Jeffrey Epstein que el presidente dijo que no exist\u00eda. Trump habla de un \u2018secreto maravilloso\u2019 que compart\u00edan los dos. <strong>\u00bfQu\u00e9 ocultan? \u00a1Publiquen los archivos!\u201d.<\/strong><\/p>\n<p data-start=\"2110\" data-end=\"2289\"> El documento, que incluye un perfil femenino y la supuesta firma del presidente, <strong>fue entregado a la Comisi\u00f3n y luego difundido en redes sociales por los congresistas dem\u00f3cratas.<\/strong><\/p>\n<h2 data-start=\"1337\" data-end=\"1846\"> La respuesta de la Casa Blanca sobre la supuesta carta de Donald Trump<\/h2>\n<p data-start=\"2370\" data-end=\"2582\">La <strong data-start=\"2373\" data-end=\"2388\">Casa Blanca<\/strong> neg\u00f3 de manera tajante la autenticidad de la carta atribuida a Trump. La misiva, publicada por los legisladores, volvi\u00f3 a poner bajo la lupa los presuntos v\u00ednculos del mandatario con Epstein.<\/p>\n<p data-start=\"2584\" data-end=\"2791\">\u201c<strong data-start=\"2585\" data-end=\"2628\">Trump no hizo este dibujo y no lo firm\u00f3<\/strong>\u201d, asegur\u00f3 la vocera presidencial <strong data-start=\"2662\" data-end=\"2682\">Karoline Leavitt<\/strong>, quien denunci\u00f3 en X la circulaci\u00f3n de \u201cinformaciones falsas destinadas a alimentar el complot dem\u00f3crata\u201d.<\/p>\n<\/article>\n<p> <!-- REGION4 } --> <\/p>\n","protected":false},"excerpt":{"rendered":"<p>8 de septiembre 2025 &#8211; 21:46 La Comisi\u00f3n de Supervisi\u00f3n de la C\u00e1mara de Representantes difundi\u00f3 una misiva sexualmente sugestiva atribuida al republicano, que \u00e9l niega haber escrito. Los dem\u00f3cratas de la Comisi\u00f3n de Supervisi\u00f3n de la C\u00e1mara de Representantes difundieron una carta dirigida a Jeffrey Epstein, presuntamente firmada por el presidente Donald Trump en [&hellip;]<\/p>\n","protected":false},"author":2,"featured_media":10169,"comment_status":"closed","ping_status":"closed","sticky":false,"template":"","format":"standard","meta":{"jetpack_post_was_ever_published":false,"_jetpack_newsletter_access":"","_jetpack_dont_email_post_to_subs":false,"_jetpack_newsletter_tier_id":0,"_jetpack_memberships_contains_paywalled_content":false,"_jetpack_memberships_contains_paid_content":false,"footnotes":"","jetpack_publicize_message":"","jetpack_publicize_feature_enabled":true,"jetpack_social_post_already_shared":true,"jetpack_social_options":{"image_generator_settings":{"template":"highway","enabled":false},"version":2}},"categories":[20],"tags":[],"class_list":["post-10168","post","type-post","status-publish","format-standard","has-post-thumbnail","hentry","category-mundo"],"jetpack_publicize_connections":[],"jetpack_featured_media_url":"https:\/\/i0.wp.com\/infolanus.com\/wp-content\/uploads\/2025\/09\/democratas-difundieron-una-polemica-carta-atribuida-a-donald-trump-dirigida-a-jeffrey-epstein.png?fit=655%2C368&ssl=1","jetpack_sharing_enabled":true,"jetpack_shortlink":"https:\/\/wp.me\/p9QtMr-2E0","_links":{"self":[{"href":"https:\/\/infolanus.com\/index.php\/wp-json\/wp\/v2\/posts\/10168","targetHints":{"allow":["GET"]}}],"collection":[{"href":"https:\/\/infolanus.com\/index.php\/wp-json\/wp\/v2\/posts"}],"about":[{"href":"https:\/\/infolanus.com\/index.php\/wp-json\/wp\/v2\/types\/post"}],"author":[{"embeddable":true,"href":"https:\/\/infolanus.com\/index.php\/wp-json\/wp\/v2\/users\/2"}],"replies":[{"embeddable":true,"href":"https:\/\/infolanus.com\/index.php\/wp-json\/wp\/v2\/comments?post=10168"}],"version-history":[{"count":0,"href":"https:\/\/infolanus.com\/index.php\/wp-json\/wp\/v2\/posts\/10168\/revisions"}],"wp:featuredmedia":[{"embeddable":true,"href":"https:\/\/infolanus.com\/index.php\/wp-json\/wp\/v2\/media\/10169"}],"wp:attachment":[{"href":"https:\/\/infolanus.com\/index.php\/wp-json\/wp\/v2\/media?parent=10168"}],"wp:term":[{"taxonomy":"category","embeddable":true,"href":"https:\/\/infolanus.com\/index.php\/wp-json\/wp\/v2\/categories?post=10168"},{"taxonomy":"post_tag","embeddable":true,"href":"https:\/\/infolanus.com\/index.php\/wp-json\/wp\/v2\/tags?post=10168"}],"curies":[{"name":"wp","href":"https:\/\/api.w.org\/{rel}","templated":true}]}}