{"id":10185,"date":"2025-09-11T16:12:00","date_gmt":"2025-09-11T19:12:00","guid":{"rendered":"https:\/\/www.ambito.com\/c6189403"},"modified":"2025-09-11T16:12:00","modified_gmt":"2025-09-11T19:12:00","slug":"jair-bolsonaro-condenado-en-brasil-el-supremo-tribunal-federal-formo-la-mayoria-necesaria","status":"publish","type":"post","link":"https:\/\/infolanus.com\/index.php\/2025\/09\/11\/jair-bolsonaro-condenado-en-brasil-el-supremo-tribunal-federal-formo-la-mayoria-necesaria\/","title":{"rendered":"Jair Bolsonaro condenado en Brasil: el Supremo Tribunal Federal form\u00f3 la mayor\u00eda necesaria"},"content":{"rendered":"<p><!-- { REGION4 --> <\/p>\n<header class=\"news-headline\" readability=\"2.3115942028986\">\n<div class=\"news-headline__topics-and-date-wrapper\"> <span class=\"news-headline__publication-date\"> 11 de septiembre 2025 &#8211; 16:12 <\/span><\/div>\n<h2 class=\"news-headline__article-summary\" readability=\"25\">\n<p class=\"ignore-parser\">La cuarta jueza del Tribunal Superior del pa\u00eds, Carmen L\u00facia, vot\u00f3 a favor de la condena y el resultado es tres a uno sobre cinco votos. Falta un magistrado para definir el monto de la pena.<\/p>\n<\/h2>\n<\/header>\n<div class=\"detail-highlighted-multimedia content-protected-false\">\n<figure class=\"detail-highlighted-multimedia__figure\"> <img data-recalc-dims=\"1\" loading=\"lazy\" decoding=\"async\" src=\"https:\/\/i0.wp.com\/media.ambito.com\/p\/29280ad2c2e163c357860144e428852c\/adjuntos\/239\/imagenes\/042\/698\/0042698181\/jair-bolsonarojpg.jpg?resize=640%2C360&#038;ssl=1\" class=\"detail-highlighted-multimedia__figure-img img-fluid\" alt=\"Jair Bolsonaro podr\u00eda enfrentar 40 a\u00f1os de c\u00e1rcel por el intento de golpe de Estado.\" width=\"640\" height=\"360\" crossorigin=\"anonymous\"><figcaption class=\"detail-highlighted-multimedia__figcaption\" readability=\"-24\"> <\/figcaption><\/figure>\n<\/p><\/div>\n<article class=\"article-body article-body--first-paragraph content-protected-false\" data-td-script-src=\"https:\/\/www.ambito.com\/td\/modulos\/encuestas\/js\/function-embeds-min-version-1757563649.js\" readability=\"22.637195121951\">\n<p>El Tribunal Supremo de Brasil determin\u00f3 este jueves<strong> <a href=\"https:\/\/www.ambito.com\/mundo\/brasil-dos-jueces-votan-favor-condenar-jair-bolsonaro-intento-golpe-estado-n6188595\" target=\"_blank\" rel=\"follow\">condenar al expresidente de Brasil, Jair Bolsonaro<\/a><\/strong>, por intento de <a href=\"https:\/\/www.ambito.com\/mundo\/el-supremo-tribunal-brasil-comenzo-deliberar-la-posible-condena-jair-bolsonaro-n6188322\" target=\"_blank\" rel=\"follow\"> golpe de Estado contra Lula Da Silva en enero de 2023<\/a>. <strong>La jueza Carmen L\u00facia, vot\u00f3 a favor de la condena y el resultado es tres a uno sobre cinco votos. <\/strong>Falta un magistrado para definir el monto de la pena.<\/p>\n<\/article>\n<article class=\"article-body article-body--second-paragraph content-protected-false\" readability=\"34\">\n<p data-start=\"1352\" data-end=\"1678\">Por la tarde, <strong data-start=\"1378\" data-end=\"1408\">C\u00e1rmen L\u00facia Antunes Rocha<\/strong> se convirti\u00f3 en la tercera integrante de la Corte en respaldar la condena. Antes ya lo hab\u00edan hecho el relator de la causa, <strong data-start=\"1533\" data-end=\"1556\">Alexandre de Moraes<\/strong>, y el juez <strong data-start=\"1568\" data-end=\"1583\">Fl\u00e1vio Dino<\/strong>, quienes tambi\u00e9n se\u00f1alaron la responsabilidad del exmandatario junto a otros siete acusados.<\/p>\n<\/article>\n<section class=\"related-news\"> <span class=\"related-news__title\">Informate m\u00e1s<\/span> <\/p>\n<div class=\"row row--eq-height\">\n<div class=\"col-12 col-md-6\">\n<article class=\"news-article news-article--landscape-news news-article--landscape-news\">\n<figure class=\"news-article__figure figure\"> <a href=\"https:\/\/www.ambito.com\/mundo\/brasil-dos-jueces-votan-favor-condenar-jair-bolsonaro-intento-golpe-estado-n6188595\" target title=\"\u00e1mbito.com | Brasil: dos jueces votan a favor de condenar a Bolsonaro por intento de golpe de Estado\" alt=\"\u00e1mbito.com | Brasil: dos jueces votan a favor de condenar a Bolsonaro por intento de golpe de Estado\" rel=\"noindex nofollow noreferrer\"> <img loading=\"lazy\" decoding=\"async\" src=\"https:\/\/www.ambito.com\/css-custom\/239\/lazy.svg\" data-td-src-property=\"https:\/\/media.ambito.com\/p\/f9df1dde22a1ae86d9ed2c756007ecf2\/adjuntos\/239\/imagenes\/042\/698\/0042698184\/jair-bolsonarojpg.jpg\" alt=\"La acusaci\u00f3n principal de la Procuradur\u00eda General de la Rep\u00fablica apunta a que Bolsonaro busc\u00f3 impedir la investidura de Lula da Silva y coordin\u00f3 acciones con la c\u00fapula militar.\" title=\"La acusaci\u00f3n principal de la Procuradur\u00eda General de la Rep\u00fablica apunta a que Bolsonaro busc\u00f3 impedir la investidura de Lula da Silva y coordin\u00f3 acciones con la c\u00fapula militar.\" width=\"93\" height=\"52\" class=\"news-article__figure-img figure-img img-fluid\"> <\/a><\/figure>\n<\/article><\/div>\n<div class=\"col-12 col-md-6\">\n<article class=\"news-article news-article--landscape-news news-article--landscape-news\">\n<figure class=\"news-article__figure figure\"> <a href=\"https:\/\/www.ambito.com\/mundo\/el-supremo-tribunal-brasil-comenzo-deliberar-la-posible-condena-jair-bolsonaro-n6188322\" target title=\"\u00e1mbito.com | El Supremo Tribunal de Brasil comienza a deliberar la posible condena a Bolsonaro\" alt=\"\u00e1mbito.com | El Supremo Tribunal de Brasil comienza a deliberar la posible condena a Bolsonaro\" rel=\"noindex nofollow noreferrer\"> <img loading=\"lazy\" decoding=\"async\" src=\"https:\/\/www.ambito.com\/css-custom\/239\/lazy.svg\" data-td-src-property=\"https:\/\/media.ambito.com\/p\/5fa1c330aee65b9d2f4d5d9daa4adfdb\/adjuntos\/239\/imagenes\/042\/704\/0042704875\/jair-bolsonaro-xinhua-2.jpg\" alt=\"Para el juez del Supremo Tribunal no existe duda de la veracidad de los delitos que se le imputan a Bolsonaro.\" title=\"Para el juez del Supremo Tribunal no existe duda de la veracidad de los delitos que se le imputan a Bolsonaro.\" width=\"93\" height=\"52\" class=\"news-article__figure-img figure-img img-fluid\"> <\/a><\/figure>\n<\/article><\/div>\n<\/div>\n<\/section>\n<article class=\"article-body article-body--third-paragraph content-protected-false\" readability=\"31\">\n<p data-start=\"1352\" data-end=\"1678\">La <strong data-start=\"904\" data-end=\"949\">Primera Sala del Supremo Tribunal Federal<\/strong> form\u00f3 as\u00ed la mayor\u00eda necesaria para considerar culpable a Bolsonaro por el intento de golpe, ocurrido apenas una semana despu\u00e9s de la asunci\u00f3n de Lula, cuando <strong data-start=\"1132\" data-end=\"1198\">miles de bolsonaristas asaltaron las sedes de los tres poderes<\/strong>.<\/p>\n<\/article>\n<article class=\"article-body article-body--fourth-paragraph content-protected-false\" readability=\"34\">\n<p data-start=\"1680\" data-end=\"2093\">En su voto, L\u00facia destac\u00f3 la gravedad de los hechos y los calific\u00f3 como un ataque directo a la democracia: \u201cEl 8 de enero de 2023 no fue un hecho trivial, despu\u00e9s de un almuerzo dominical, cuando la gente sali\u00f3 a pasear. Fue un conjunto de hechos inauditos e infames ocurridos a lo largo de un a\u00f1o y medio para inflar e instigar diversas pr\u00e1cticas delictivas, cuando deber\u00eda haber habido una respuesta penal\u201d.<\/p>\n<\/article>\n<article class=\"article-body article-body--fifth-paragraph content-protected-false\" readability=\"29\">\n<p data-start=\"2095\" data-end=\"2253\">El \u00faltimo voto del tribunal se dar\u00e1 a conocer este viernes y no alterar\u00e1 la condena, pero s\u00ed definir\u00e1 el <strong data-start=\"2200\" data-end=\"2220\">monto de la pena<\/strong> que deber\u00e1 afrontar Bolsonaro.<\/p>\n<\/article>\n<article class=\"article-body article-body--remaining-paragraph content-protected-false\" readability=\"50\">\n<h2 data-start=\"2095\" data-end=\"2253\">Resta conocer el voto de Cristiano Zanin<\/h2>\n<p data-start=\"2106\" data-end=\"2645\">En contraposici\u00f3n, el juez <strong data-start=\"2133\" data-end=\"2145\">Luiz Fux<\/strong> se pronunci\u00f3 por la absoluci\u00f3n de Bolsonaro y cuestion\u00f3 la validez de todo el proceso. En una extensa intervenci\u00f3n que se prolong\u00f3 por m\u00e1s de diez horas, argument\u00f3 que la Fiscal\u00eda no logr\u00f3 demostrar de manera concluyente las acusaciones y record\u00f3 que en un juicio penal la responsabilidad debe probarse \u201cm\u00e1s all\u00e1 de toda duda razonable\u201d. Seg\u00fan su criterio, los discursos o entrevistas del exmandatario no pueden ser tratados como si fueran \u201cnarrativas subversivas\u201d ni como pruebas de conspiraci\u00f3n.<\/p>\n<p data-start=\"2647\" data-end=\"2998\">Fux adem\u00e1s plante\u00f3 objeciones de car\u00e1cter t\u00e9cnico: sostuvo que Bolsonaro y los otros siete acusados <strong data-start=\"2747\" data-end=\"2782\">no ten\u00edan prerrogativa de fuero<\/strong> al momento de los hechos, ocurridos despu\u00e9s de dejar la presidencia, y remarc\u00f3 que el Supremo solo puede juzgar a un exmandatario por delitos cometidos durante su mandato, los cuales s-eg\u00fan \u00e9l- no fueron probados.<\/p>\n<p data-start=\"3000\" data-end=\"3288\">Aunque la mayor\u00eda ya garantiza la <strong data-start=\"3034\" data-end=\"3058\">condena de Bolsonaro<\/strong>, todav\u00eda resta conocer el voto del presidente de la Primera Sala, <strong data-start=\"3125\" data-end=\"3144\">Cristiano Zanin<\/strong>, lo que ocurrir\u00e1 este viernes. Luego, los jueces deber\u00e1n debatir el <strong data-start=\"3213\" data-end=\"3233\">monto de la pena<\/strong>, que podr\u00eda llegar hasta los <strong data-start=\"3263\" data-end=\"3285\">40 a\u00f1os de prisi\u00f3n<\/strong>.<\/p>\n<\/article>\n<p> <!-- REGION4 } --> <\/p>\n","protected":false},"excerpt":{"rendered":"<p>11 de septiembre 2025 &#8211; 16:12 La cuarta jueza del Tribunal Superior del pa\u00eds, Carmen L\u00facia, vot\u00f3 a favor de la condena y el resultado es tres a uno sobre cinco votos. Falta un magistrado para definir el monto de la pena. El Tribunal Supremo de Brasil determin\u00f3 este jueves condenar al expresidente de Brasil, [&hellip;]<\/p>\n","protected":false},"author":2,"featured_media":10186,"comment_status":"closed","ping_status":"closed","sticky":false,"template":"","format":"standard","meta":{"jetpack_post_was_ever_published":false,"_jetpack_newsletter_access":"","_jetpack_dont_email_post_to_subs":false,"_jetpack_newsletter_tier_id":0,"_jetpack_memberships_contains_paywalled_content":false,"_jetpack_memberships_contains_paid_content":false,"footnotes":"","jetpack_publicize_message":"","jetpack_publicize_feature_enabled":true,"jetpack_social_post_already_shared":true,"jetpack_social_options":{"image_generator_settings":{"template":"highway","enabled":false},"version":2}},"categories":[20],"tags":[],"class_list":["post-10185","post","type-post","status-publish","format-standard","has-post-thumbnail","hentry","category-mundo"],"jetpack_publicize_connections":[],"jetpack_featured_media_url":"https:\/\/i0.wp.com\/infolanus.com\/wp-content\/uploads\/2025\/09\/jair-bolsonaro-condenado-en-brasil-el-supremo-tribunal-federal-formo-la-mayoria-necesaria.jpg?fit=655%2C368&ssl=1","jetpack_sharing_enabled":true,"jetpack_shortlink":"https:\/\/wp.me\/p9QtMr-2Eh","_links":{"self":[{"href":"https:\/\/infolanus.com\/index.php\/wp-json\/wp\/v2\/posts\/10185","targetHints":{"allow":["GET"]}}],"collection":[{"href":"https:\/\/infolanus.com\/index.php\/wp-json\/wp\/v2\/posts"}],"about":[{"href":"https:\/\/infolanus.com\/index.php\/wp-json\/wp\/v2\/types\/post"}],"author":[{"embeddable":true,"href":"https:\/\/infolanus.com\/index.php\/wp-json\/wp\/v2\/users\/2"}],"replies":[{"embeddable":true,"href":"https:\/\/infolanus.com\/index.php\/wp-json\/wp\/v2\/comments?post=10185"}],"version-history":[{"count":0,"href":"https:\/\/infolanus.com\/index.php\/wp-json\/wp\/v2\/posts\/10185\/revisions"}],"wp:featuredmedia":[{"embeddable":true,"href":"https:\/\/infolanus.com\/index.php\/wp-json\/wp\/v2\/media\/10186"}],"wp:attachment":[{"href":"https:\/\/infolanus.com\/index.php\/wp-json\/wp\/v2\/media?parent=10185"}],"wp:term":[{"taxonomy":"category","embeddable":true,"href":"https:\/\/infolanus.com\/index.php\/wp-json\/wp\/v2\/categories?post=10185"},{"taxonomy":"post_tag","embeddable":true,"href":"https:\/\/infolanus.com\/index.php\/wp-json\/wp\/v2\/tags?post=10185"}],"curies":[{"name":"wp","href":"https:\/\/api.w.org\/{rel}","templated":true}]}}