{"id":10208,"date":"2025-09-13T21:29:00","date_gmt":"2025-09-14T00:29:00","guid":{"rendered":"https:\/\/www.ambito.com\/c6190139"},"modified":"2025-09-13T21:29:00","modified_gmt":"2025-09-14T00:29:00","slug":"miles-de-drones-recrearon-el-rostro-del-papa-francisco-en-un-concierto-en-el-vaticano","status":"publish","type":"post","link":"https:\/\/infolanus.com\/index.php\/2025\/09\/13\/miles-de-drones-recrearon-el-rostro-del-papa-francisco-en-un-concierto-en-el-vaticano\/","title":{"rendered":"Miles de drones recrearon el rostro del papa Francisco en un concierto en el Vaticano"},"content":{"rendered":"<p><!-- { REGION4 --> <\/p>\n<header class=\"news-headline\" readability=\"2.7745664739884\">\n<div class=\"news-headline__topics-and-date-wrapper\"> <span class=\"news-headline__publication-date\"> 13 de septiembre 2025 &#8211; 21:29 <\/span><\/div>\n<h2 class=\"news-headline__article-summary\" readability=\"26\">\n<p class=\"ignore-parser\">Decenas de miles de personas se congregaron en la Plaza de San Pedro para disfrutar del espect\u00e1culo <em data-start=\"182\" data-end=\"203\" data-is-only-node class=\"ignore-parser\">Grace for the World<\/em>, un evento que uni\u00f3 m\u00fasica, tecnolog\u00eda y un mensaje de fraternidad universal.<\/p>\n<\/h2>\n<\/header>\n<div class=\"detail-highlighted-multimedia content-protected-false\">\n<figure class=\"detail-highlighted-multimedia__figure\"> <img data-recalc-dims=\"1\" loading=\"lazy\" decoding=\"async\" src=\"https:\/\/i0.wp.com\/media.ambito.com\/p\/c84b330c3043ecdf0bb7af32d552edcb\/adjuntos\/239\/imagenes\/042\/762\/0042762043\/papa-francisco-1.jpg?resize=640%2C360&#038;ssl=1\" class=\"detail-highlighted-multimedia__figure-img img-fluid\" alt=\"papa-francisco (1)\" width=\"640\" height=\"360\" crossorigin=\"anonymous\"><figcaption class=\"detail-highlighted-multimedia__figcaption\"><span class=\"detail-highlighted-multimedia__copyright\"> REUTERS\/Ciro De Luca<\/span><\/figcaption><\/figure>\n<\/div>\n<article class=\"article-body article-body--first-paragraph content-protected-false\" data-td-script-src=\"https:\/\/www.ambito.com\/td\/modulos\/encuestas\/js\/function-embeds-min-version-1757736446.js\" readability=\"31.95\">\n<p data-start=\"303\" data-end=\"741\">La <strong data-start=\"306\" data-end=\"328\">Plaza de San Pedro<\/strong>, en el coraz\u00f3n del Vaticano, se transform\u00f3 este s\u00e1bado en un escenario de emoci\u00f3n y fraternidad cuando <strong data-start=\"432\" data-end=\"448\">3.500 drones<\/strong> iluminaron el cielo formando el rostro del <a href=\"https:\/\/www.ambito.com\/informacion-general\/carlo-acutis-el-santo-milenial-que-iba-canonizar-francisco-estos-son-los-dos-milagros-que-se-le-atribuyen-n6187848\" target=\"_blank\" rel=\"follow\"><strong>papa<\/strong> <strong>Francisco<\/strong><\/a>. El despliegue a\u00e9reo form\u00f3 parte del concierto gratuito <strong data-start=\"563\" data-end=\"588\"> \u201cGrace for the World\u201d<\/strong>, un espect\u00e1culo musical y lum\u00ednico que reuni\u00f3 a decenas de miles de personas y se convirti\u00f3 en uno de los eventos m\u00e1s multitudinarios del a\u00f1o en Roma.<\/p>\n<\/article>\n<article class=\"article-body article-body--second-paragraph content-protected-false\" readability=\"35\">\n<p data-start=\"743\" data-end=\"1209\">El momento m\u00e1s conmovedor lleg\u00f3 con la interpretaci\u00f3n de <strong data-start=\"800\" data-end=\"817\">Amazing Grace<\/strong>, que uni\u00f3 al tenor italiano <strong data-start=\"846\" data-end=\"864\">Andrea Bocelli<\/strong> y al rapero estadounidense <strong data-start=\"892\" data-end=\"906\">Jelly Roll<\/strong>. La combinaci\u00f3n de estilos tan distintos, junto con la imagen del pont\u00edfice iluminando el cielo, simboliz\u00f3 la diversidad cultural y el poder de la m\u00fasica como veh\u00edculo de unidad y reflexi\u00f3n. Durante el espect\u00e1culo, la audiencia pudo vivir una experiencia que mezcl\u00f3 arte, tecnolog\u00eda y espiritualidad.<\/p>\n<\/article>\n<section class=\"related-news\"> <span class=\"related-news__title\">Informate m\u00e1s<\/span> <\/p>\n<div class=\"row row--eq-height\">\n<div class=\"col-12 col-md-6\">\n<article class=\"news-article news-article--landscape-news news-article--landscape-news\">\n<figure class=\"news-article__figure figure\"> <a href=\"https:\/\/www.ambito.com\/mundo\/mas-110000-personas-colmaron-londres-la-mayor-marcha-antiinmigracion-los-ultimos-anos-tensiones-y-agresiones-el-lema-unamos-al-reino-n6190130\" target title=\"\u00e1mbito.com | M\u00e1s de 110.000 personas colmaron Londres en la mayor marcha antiinmigraci\u00f3n de los \u00faltimos a\u00f1os\" alt=\"\u00e1mbito.com | M\u00e1s de 110.000 personas colmaron Londres en la mayor marcha antiinmigraci\u00f3n de los \u00faltimos a\u00f1os\" rel=\"noindex nofollow noreferrer\"> <img loading=\"lazy\" decoding=\"async\" src=\"https:\/\/www.ambito.com\/css-custom\/239\/lazy.svg\" data-td-src-property=\"https:\/\/media.ambito.com\/p\/9c2430d5b0bcb7525605c8bd7a7dc8d1\/adjuntos\/239\/imagenes\/042\/761\/0042761956\/93x52\/smart\/unite-the-kingdom.png\" alt=\"mas de 110.000 personas colmaron londres en la mayor marcha antiinmigracion de los ultimos anos\" title=\"mas de 110.000 personas colmaron londres en la mayor marcha antiinmigracion de los ultimos anos\" width=\"93\" height=\"52\" class=\"news-article__figure-img figure-img img-fluid\"> <span class=\"news-article__media-badge news-article__media-badge--video\"><\/span><\/a> <\/figure>\n<\/article><\/div>\n<div class=\"col-12 col-md-6\">\n<article class=\"news-article news-article--landscape-news news-article--landscape-news\">\n<figure class=\"news-article__figure figure\"> <a href=\"https:\/\/www.ambito.com\/mundo\/venezuela-denuncio-que-un-destructor-eeuu-intercepto-un-barco-pesquero-el-caribe-n6190113\" target title=\"\u00e1mbito.com | Venezuela denunci\u00f3 que un destructor de EEUU intercept\u00f3 a un barco pesquero en el Caribe\" alt=\"\u00e1mbito.com | Venezuela denunci\u00f3 que un destructor de EEUU intercept\u00f3 a un barco pesquero en el Caribe\" rel=\"noindex nofollow noreferrer\"> <img loading=\"lazy\" decoding=\"async\" src=\"https:\/\/www.ambito.com\/css-custom\/239\/lazy.svg\" data-td-src-property=\"https:\/\/media.ambito.com\/p\/398b21a622dca7c3d6461619c40cb493\/adjuntos\/239\/imagenes\/042\/761\/0042761796\/eeuu-veenzuela.webp\" alt=\"Un destructor estadounidense, el USS Jason Dunham, fue acusado por Caracas de interceptar al barco pesquero venezolano Carmen Rosa en aguas del Caribe.\" title=\"Un destructor estadounidense, el USS Jason Dunham, fue acusado por Caracas de interceptar al barco pesquero venezolano Carmen Rosa en aguas del Caribe.\" width=\"93\" height=\"52\" class=\"news-article__figure-img figure-img img-fluid\"> <\/a><\/figure>\n<\/article><\/div>\n<\/div>\n<\/section>\n<article class=\"article-body article-body--third-paragraph content-protected-false\" readability=\"34\">\n<p data-start=\"1211\" data-end=\"1637\">El concierto cerr\u00f3 el <strong data-start=\"1233\" data-end=\"1289\">tercer Encuentro Mundial sobre la Fraternidad Humana<\/strong>, un ciclo de reuniones que surgi\u00f3 tras la publicaci\u00f3n en 2020 de la enc\u00edclica <em data-start=\"1368\" data-end=\"1384\">Fratelli Tutti<\/em>, considerada una de las obras m\u00e1s trascendentes de Francisco. El texto propone un mundo basado en la paz, la solidaridad y la fraternidad universal, valores que se reforzaron con el espect\u00e1culo y las intervenciones de los artistas sobre el escenario.<\/p>\n<\/article>\n<article class=\"article-body article-body--fourth-paragraph content-protected-false\" readability=\"35\">\n<h2 data-start=\"1211\" data-end=\"1637\">Un elenco internacional por la unidad<\/h2>\n<p data-start=\"1639\" data-end=\"2042\">El evento fue co-dirigido por <strong data-start=\"1669\" data-end=\"1690\">Pharrell Williams<\/strong> y <strong data-start=\"1693\" data-end=\"1711\">Andrea Bocelli<\/strong>, y cont\u00f3 con un elenco internacional de primer nivel: se presentaron tambi\u00e9n <strong data-start=\"1789\" data-end=\"1804\">John Legend<\/strong>, la franco-benin\u00e9s <strong data-start=\"1824\" data-end=\"1843\">Ang\u00e9lique Kidjo<\/strong> y el rapero tailand\u00e9s <strong data-start=\"1866\" data-end=\"1876\">BamBam<\/strong>, entre otros. Seg\u00fan los organizadores, la intenci\u00f3n fue reforzar el mensaje global de unidad y fraternidad, mostrando que la m\u00fasica trasciende fronteras y estilos.<\/p>\n<\/article>\n<article class=\"article-body article-body--fifth-paragraph content-protected-false\" readability=\"34\">\n<p data-start=\"1639\" data-end=\"2042\">Previo al evento, Williams resumi\u00f3 el esp\u00edritu de la jornada en un mensaje en Instagram: \u201cJuntos, reflexionemos a trav\u00e9s de la m\u00fasica para difundir el mensaje de unidad y gracia para toda la humanidad\u201d. As\u00ed, el espect\u00e1culo no solo fue un tributo visual y sonoro al pont\u00edfice, sino tambi\u00e9n una invitaci\u00f3n a la reflexi\u00f3n sobre los valores de la fraternidad universal.<\/p>\n<\/article>\n<article class=\"article-body article-body--remaining-paragraph content-protected-false\" readability=\"44\">\n<p data-start=\"2044\" data-end=\"2619\">Aunque el papa <strong data-start=\"2059\" data-end=\"2071\">Le\u00f3n XIV<\/strong> -pianista de formaci\u00f3n cl\u00e1sica y gran amante de la m\u00fasica- no asisti\u00f3 al concierto seg\u00fan su agenda oficial, su presencia se hizo sentir en sus palabras previas, dirigidas a los participantes del encuentro: \u201cEl mundo est\u00e1 marcado por conflictos y divisiones, y ustedes est\u00e1n unidos en un fuerte y valiente \u2018no\u2019 a la guerra y \u2018s\u00ed\u2019 a la paz y a la fraternidad\u201d, se\u00f1al\u00f3. Adem\u00e1s, destac\u00f3 el rol de los artistas: \u201cQuiero agradecer a quienes, a trav\u00e9s de su creatividad, difundir\u00e1n este mensaje a todo el mundo desde la magn\u00edfica columnata de Bernini\u201d.<\/p>\n<p data-start=\"2621\" data-end=\"2986\">Con capacidad para decenas de miles de asistentes, la Plaza de San Pedro acogi\u00f3 a multitudes que disfrutaron de un espect\u00e1culo que combin\u00f3 m\u00fasica, tecnolog\u00eda y espiritualidad. La transmisi\u00f3n en vivo por cadenas de televisi\u00f3n italianas y estadounidenses permiti\u00f3 que el homenaje al papa Francisco y el mensaje de fraternidad llegaran a audiencias de todo el mundo.<\/p>\n<\/article>\n<p> <!-- REGION4 } --> <\/p>\n","protected":false},"excerpt":{"rendered":"<p>13 de septiembre 2025 &#8211; 21:29 Decenas de miles de personas se congregaron en la Plaza de San Pedro para disfrutar del espect\u00e1culo Grace for the World, un evento que uni\u00f3 m\u00fasica, tecnolog\u00eda y un mensaje de fraternidad universal. REUTERS\/Ciro De Luca La Plaza de San Pedro, en el coraz\u00f3n del Vaticano, se transform\u00f3 este [&hellip;]<\/p>\n","protected":false},"author":2,"featured_media":10209,"comment_status":"closed","ping_status":"closed","sticky":false,"template":"","format":"standard","meta":{"jetpack_post_was_ever_published":false,"_jetpack_newsletter_access":"","_jetpack_dont_email_post_to_subs":false,"_jetpack_newsletter_tier_id":0,"_jetpack_memberships_contains_paywalled_content":false,"_jetpack_memberships_contains_paid_content":false,"footnotes":"","jetpack_publicize_message":"","jetpack_publicize_feature_enabled":true,"jetpack_social_post_already_shared":true,"jetpack_social_options":{"image_generator_settings":{"template":"highway","enabled":false},"version":2}},"categories":[20],"tags":[],"class_list":["post-10208","post","type-post","status-publish","format-standard","has-post-thumbnail","hentry","category-mundo"],"jetpack_publicize_connections":[],"jetpack_featured_media_url":"https:\/\/i0.wp.com\/infolanus.com\/wp-content\/uploads\/2025\/09\/miles-de-drones-recrearon-el-rostro-del-papa-francisco-en-un-concierto-en-el-vaticano.jpg?fit=655%2C368&ssl=1","jetpack_sharing_enabled":true,"jetpack_shortlink":"https:\/\/wp.me\/p9QtMr-2EE","_links":{"self":[{"href":"https:\/\/infolanus.com\/index.php\/wp-json\/wp\/v2\/posts\/10208","targetHints":{"allow":["GET"]}}],"collection":[{"href":"https:\/\/infolanus.com\/index.php\/wp-json\/wp\/v2\/posts"}],"about":[{"href":"https:\/\/infolanus.com\/index.php\/wp-json\/wp\/v2\/types\/post"}],"author":[{"embeddable":true,"href":"https:\/\/infolanus.com\/index.php\/wp-json\/wp\/v2\/users\/2"}],"replies":[{"embeddable":true,"href":"https:\/\/infolanus.com\/index.php\/wp-json\/wp\/v2\/comments?post=10208"}],"version-history":[{"count":0,"href":"https:\/\/infolanus.com\/index.php\/wp-json\/wp\/v2\/posts\/10208\/revisions"}],"wp:featuredmedia":[{"embeddable":true,"href":"https:\/\/infolanus.com\/index.php\/wp-json\/wp\/v2\/media\/10209"}],"wp:attachment":[{"href":"https:\/\/infolanus.com\/index.php\/wp-json\/wp\/v2\/media?parent=10208"}],"wp:term":[{"taxonomy":"category","embeddable":true,"href":"https:\/\/infolanus.com\/index.php\/wp-json\/wp\/v2\/categories?post=10208"},{"taxonomy":"post_tag","embeddable":true,"href":"https:\/\/infolanus.com\/index.php\/wp-json\/wp\/v2\/tags?post=10208"}],"curies":[{"name":"wp","href":"https:\/\/api.w.org\/{rel}","templated":true}]}}