{"id":10243,"date":"2025-09-19T00:07:00","date_gmt":"2025-09-19T03:07:00","guid":{"rendered":"https:\/\/www.ambito.com\/c6192310"},"modified":"2025-09-19T00:07:00","modified_gmt":"2025-09-19T03:07:00","slug":"roger-waters-apunto-contra-javier-milei-por-su-apoyo-a-israel","status":"publish","type":"post","link":"https:\/\/infolanus.com\/index.php\/2025\/09\/19\/roger-waters-apunto-contra-javier-milei-por-su-apoyo-a-israel\/","title":{"rendered":"Roger Waters apunt\u00f3 contra Javier Milei por su apoyo a Israel"},"content":{"rendered":"<p><!-- { REGION4 --> <\/p>\n<header class=\"news-headline\" readability=\"1.8361774744027\">\n<div class=\"news-headline__topics-and-date-wrapper\"> <span class=\"news-headline__publication-date\"> 19 de septiembre 2025 &#8211; 00:07 <\/span><\/div>\n<h2 class=\"news-headline__article-summary\" readability=\"24\">\n<p class=\"ignore-parser\">El fundador de Pink Floyd arremeti\u00f3 contra mandatarios de todo el mundo por respaldar los ataques de Israel en la Franja de Gaza, considerados por la ONU como un genocidio.<\/p>\n<\/h2>\n<\/header>\n<div class=\"detail-highlighted-multimedia content-protected-false\">\n<figure class=\"detail-highlighted-multimedia__figure\"> <img data-recalc-dims=\"1\" decoding=\"async\" src=\"https:\/\/i0.wp.com\/media.ambito.com\/p\/1d80fc8d0bfd5ecea6f41245a0df7895\/adjuntos\/239\/imagenes\/042\/778\/0042778488\/655x368\/smart\/image.png?resize=640%2C307&#038;ssl=1\" class=\"detail-highlighted-multimedia__figure-img img-fluid\" alt=\"Roger Waters critic\u00f3 a mandatarios de todo el mundo por no condenar los ataques de Israel contra Gaza.\" width=\"640\" height=\"307\" crossorigin=\"anonymous\" fetchpriority=\"high\"><figcaption class=\"detail-highlighted-multimedia__figcaption\" readability=\"-23.5\"> <\/figcaption><\/figure>\n<\/p><\/div>\n<article class=\"article-body article-body--first-paragraph content-protected-false\" data-td-script-src=\"https:\/\/www.ambito.com\/td\/modulos\/encuestas\/js\/function-embeds-min-version-1758168436.js\" readability=\"29.064220183486\">\n<p>El reconocido cantante brit\u00e1nico <strong>Roger Waters<\/strong> hizo un duro video en sus redes sociales contra mandatarios de todo el mundo que permanecen en silencio o apoyan <a href=\"https:\/\/www.ambito.com\/mundo\/franja-gaza-la-cifra-palestinos-muertos-supera-los-65000-la-ofensiva-israel-n6191878\" target=\"_blank\" rel=\"follow\">los ataques de <strong>Israel<\/strong> sobre <strong>Gaza<\/strong><\/a><strong>, los cuales fueron calificados de <a href=\"https:\/\/www.ambito.com\/mundo\/israel-comete-genocidio-gaza-concluyo-una-investigacion-la-onu-n6190958\" target=\"_blank\" rel=\"follow\"> genocidio por la ONU<\/a><\/strong>. El fundador de Pink Floyd escupi\u00f3 despu\u00e9s de pronunciar el nombre de <strong> Javier Milei<\/strong>, junto con los de otros l\u00edderes internacionales como <strong>Donald Trump, Benjam\u00edn Netanyahu y Daniel Noboa.<\/strong><\/p>\n<\/article>\n<article class=\"article-body article-body--second-paragraph content-protected-false\" readability=\"31\">\n<p>Adem\u00e1s, lanz\u00f3 una advertencia: &#8220;Somos muchos, ustedes unos pocos y no somos roedores, somos seres humanos&#8221;.<\/p>\n<\/article>\n<section class=\"related-news\"> <span class=\"related-news__title\">Informate m\u00e1s<\/span> <\/p>\n<div class=\"row row--eq-height\">\n<div class=\"col-12 col-md-6\">\n<article class=\"news-article news-article--landscape-news news-article--landscape-news\">\n<figure class=\"news-article__figure figure\"> <a href=\"https:\/\/www.ambito.com\/ambito-nacional\/lisandro-catalan-insistira-su-gira-provincias-pese-los-votos-contra-los-gobernadores-que-abandonaron-el-dialoguismo-n6192237\" target title=\"\u00e1mbito.com | Catal\u00e1n insistir\u00e1 con su gira a provincias, pese a los votos en contra de los gobernadores que abandonaron el dialoguismo\" alt=\"\u00e1mbito.com | Catal\u00e1n insistir\u00e1 con su gira a provincias, pese a los votos en contra de los gobernadores que abandonaron el dialoguismo\" rel=\"noindex nofollow noreferrer\"> <img loading=\"lazy\" decoding=\"async\" src=\"https:\/\/www.ambito.com\/css-custom\/239\/lazy.svg\" data-td-src-property=\"https:\/\/media.ambito.com\/p\/8854a685ffc838e339b1fa55560a435d\/adjuntos\/239\/imagenes\/042\/778\/0042778199\/93x52\/smart\/catalan.jpg\" alt=\"Lisandro Catal\u00e1n inici\u00f3 una ronda de di\u00e1logo con gobernadores para recomponer el v\u00ednculo con la Casa Rosada.\" title=\"Lisandro Catal\u00e1n inici\u00f3 una ronda de di\u00e1logo con gobernadores para recomponer el v\u00ednculo con la Casa Rosada.\" width=\"93\" height=\"52\" class=\"news-article__figure-img figure-img img-fluid\"> <\/a><\/figure>\n<\/article><\/div>\n<div class=\"col-12 col-md-6\">\n<article class=\"news-article news-article--landscape-news news-article--landscape-news\">\n<figure class=\"news-article__figure figure\"> <a href=\"https:\/\/www.ambito.com\/economia\/madura-reunion-bilateral-donald-trump-y-javier-milei-previo-las-elecciones-se-activa-un-credito-del-tesoro-eeuu-n6192256\" target title=\"\u00e1mbito.com | Madura reuni\u00f3n bilateral entre Trump y Milei previo a las elecciones: \u00bfse activa un cr\u00e9dito del Tesoro de EEUU?\" alt=\"\u00e1mbito.com | Madura reuni\u00f3n bilateral entre Trump y Milei previo a las elecciones: \u00bfse activa un cr\u00e9dito del Tesoro de EEUU?\" rel=\"noindex nofollow noreferrer\"> <img loading=\"lazy\" decoding=\"async\" src=\"https:\/\/www.ambito.com\/css-custom\/239\/lazy.svg\" data-td-src-property=\"https:\/\/media.ambito.com\/p\/1f4fbd3ca93b5dac2b8fb1025583d1e1\/adjuntos\/239\/imagenes\/042\/277\/0042277110\/milei-trumpjpeg.jpeg\" alt=\"Javier Milei y Donald Trump.\" title=\"Javier Milei y Donald Trump.\" width=\"93\" height=\"52\" class=\"news-article__figure-img figure-img img-fluid\"> <\/a><\/figure>\n<\/article><\/div>\n<\/div>\n<\/section>\n<article class=\"article-body article-body--third-paragraph content-protected-false\" readability=\"40\">\n<p>En un video viralizado en las redes sociales, <strong>Waters<\/strong> cruz\u00f3 a varios l\u00edderes mundiales. &#8220;Mr. Starmer, presidente <strong>Trump, Emmanuel Macron, Netanyahu, Noboa en Ecuador, Milei en Argentina<\/strong>. <strong>Este es el final del camino para ustedes. Nosotros somos muchos, ustedes unos pocos y no somos roedores, somos seres humanos<\/strong>&#8220;, apunt\u00f3 el m\u00fasico, que volvi\u00f3 a pronunciarse en defensa de Palestina.<\/p>\n<\/article>\n<article class=\"article-body article-body--fourth-paragraph content-protected-false\" readability=\"32\">\n<p>A su vez, hizo una analog\u00eda para rechazar el conflicto b\u00e9lico que se desat\u00f3 el 7 de octubre de 2023 tras los ataques del grupo terrorista Hamas contra Israel. &#8220;No nos vamos a mover un cent\u00edmetro de su Armaged\u00f3n. <strong>Hay un ni\u00f1o en la carretera. Ese ni\u00f1o est\u00e1 solo e indefenso. No vamos a permitir que ustedes arrojen a ese ni\u00f1o a la zanja<\/strong>&#8220;, sostuvo Waters.<\/p>\n<\/article>\n<article class=\"article-body article-body--fifth-paragraph content-protected-false\" readability=\"32\">\n<p>Respecto a la guerra, apunt\u00f3 en particular contra Israel y remarc\u00f3: &#8220;Hoy estamos todos aqu\u00ed para apoyar a nuestros hermanos y hermanas de Palestina. La gran mayor\u00eda de la gente com\u00fan de todo el mundo exige el fin del crimen atroz que Israel est\u00e1 cometiendo no solo en Gaza, sino tambi\u00e9n en el resto de la Palestina ocupada&#8221;.<\/p>\n<\/article>\n<article class=\"article-body article-body--remaining-paragraph content-protected-false\" readability=\"52.768592057762\">\n<p>&#8220;El crimen atroz es el sionismo, que ahora nuestros l\u00edderes fingen ignorar porque les incomoda cuando echan un vistazo de reojo y les recuerda nuestra propia historia colonial atroz en Am\u00e9rica del Norte y del Sur, Australasia y, no lo olvidemos, \u00c1frica&#8221;, agreg\u00f3 en esta l\u00ednea.<\/p>\n<div contenteditable=\"false\" class=\"embed_cont type_freetext\" rel=\"freetext\" id=\"embed7573_wrap\" data-provider=\"Twitter\" readability=\"28.988950276243\">\n<p>Embed &#8211; https:\/\/publish.x.com\/oembed?url=https:\/\/x.com\/rogerwaters\/status\/1967098968489459778&amp;partner=&amp;hide_thread=false<span onclick=\"parent.parent.TinyMCETdcuerpo.preview_embed('embed7573')\" class=\"embed_colapse less\" id=\"embed7573_colapse\"><\/span><span onclick=\"parent.parent.TinyMCETdcuerpo.delete_embed('embed7573')\" class=\"embed_delete less\" id=\"embed7573_delete\"><\/span><\/p>\n<div id=\"embed7573_content\" class=\"embed_content\">\n<div id=\"embed7573_embed\" readability=\"5.3132780082988\">\n<blockquote data-td-script-src=\"https:\/\/platform.twitter.com\/widgets.js\" class=\"twitter-tweet\" readability=\"4.9045643153527\">\n<p dir=\"ltr\" lang=\"en\"> I made this video last Wednesday at the request of some fellow artists in Germany. I hope it was used. Anyway here it is because it represents the voice of reason. <a href=\"https:\/\/t.co\/Lle8J4iZ1z\">pic.twitter.com\/Lle8J4iZ1z<\/a><\/p>\n<p> \u2014 Roger Waters (@rogerwaters) <a href=\"https:\/\/twitter.com\/rogerwaters\/status\/1967098968489459778?ref_src=twsrc%5Etfw\">September 14, 2025<\/a><\/p><\/blockquote>\n<\/div><\/div>\n<\/p><\/div>\n<h2> La ONU concluy\u00f3 que Israel comete un genocidio en Gaza<\/h2>\n<p><strong>Israel<\/strong> comete genocidio en <strong>Gaza,<\/strong> denunci\u00f3 la <strong>Comisi\u00f3n Internacional Independiente de las Naciones Unidas<\/strong> que present\u00f3 un informe en el que tambi\u00e9n responsabiliz\u00f3 a altos cargos israel\u00edes, <strong>como el primer ministro, Benjam\u00edn Netanyahu, por &#8220;incitar&#8221; a cometer estos actos.<\/strong><\/p>\n<p> En detalle, el estudio sobre <strong>Gaza<\/strong> se basa sobre los cinco actos genocidas definidos por el derecho internacional y asegura que existen pruebas de que al menos cuatro de ellos fueron cometidos desde el inicio de la guerra contra Ham\u00e1s, en octubre de 2023.<\/p>\n<p>Ante las acusaciones, el <strong>Ministerio de Asuntos Exteriores de Israel <\/strong>rechaz\u00f3 categ\u00f3ricamente el documento, al que calific\u00f3 de &#8220;<strong>distorsionado y falso<\/strong>&#8220;.<\/p>\n<\/article>\n<p> <!-- REGION4 } --> <\/p>\n","protected":false},"excerpt":{"rendered":"<p>19 de septiembre 2025 &#8211; 00:07 El fundador de Pink Floyd arremeti\u00f3 contra mandatarios de todo el mundo por respaldar los ataques de Israel en la Franja de Gaza, considerados por la ONU como un genocidio. El reconocido cantante brit\u00e1nico Roger Waters hizo un duro video en sus redes sociales contra mandatarios de todo el [&hellip;]<\/p>\n","protected":false},"author":2,"featured_media":10244,"comment_status":"closed","ping_status":"closed","sticky":false,"template":"","format":"standard","meta":{"jetpack_post_was_ever_published":false,"_jetpack_newsletter_access":"","_jetpack_dont_email_post_to_subs":false,"_jetpack_newsletter_tier_id":0,"_jetpack_memberships_contains_paywalled_content":false,"_jetpack_memberships_contains_paid_content":false,"footnotes":"","jetpack_publicize_message":"","jetpack_publicize_feature_enabled":true,"jetpack_social_post_already_shared":true,"jetpack_social_options":{"image_generator_settings":{"template":"highway","enabled":false},"version":2}},"categories":[20],"tags":[],"class_list":["post-10243","post","type-post","status-publish","format-standard","has-post-thumbnail","hentry","category-mundo"],"jetpack_publicize_connections":[],"jetpack_featured_media_url":"https:\/\/i0.wp.com\/infolanus.com\/wp-content\/uploads\/2025\/09\/roger-waters-apunto-contra-javier-milei-por-su-apoyo-a-israel.png?fit=655%2C368&ssl=1","jetpack_sharing_enabled":true,"jetpack_shortlink":"https:\/\/wp.me\/p9QtMr-2Fd","_links":{"self":[{"href":"https:\/\/infolanus.com\/index.php\/wp-json\/wp\/v2\/posts\/10243","targetHints":{"allow":["GET"]}}],"collection":[{"href":"https:\/\/infolanus.com\/index.php\/wp-json\/wp\/v2\/posts"}],"about":[{"href":"https:\/\/infolanus.com\/index.php\/wp-json\/wp\/v2\/types\/post"}],"author":[{"embeddable":true,"href":"https:\/\/infolanus.com\/index.php\/wp-json\/wp\/v2\/users\/2"}],"replies":[{"embeddable":true,"href":"https:\/\/infolanus.com\/index.php\/wp-json\/wp\/v2\/comments?post=10243"}],"version-history":[{"count":0,"href":"https:\/\/infolanus.com\/index.php\/wp-json\/wp\/v2\/posts\/10243\/revisions"}],"wp:featuredmedia":[{"embeddable":true,"href":"https:\/\/infolanus.com\/index.php\/wp-json\/wp\/v2\/media\/10244"}],"wp:attachment":[{"href":"https:\/\/infolanus.com\/index.php\/wp-json\/wp\/v2\/media?parent=10243"}],"wp:term":[{"taxonomy":"category","embeddable":true,"href":"https:\/\/infolanus.com\/index.php\/wp-json\/wp\/v2\/categories?post=10243"},{"taxonomy":"post_tag","embeddable":true,"href":"https:\/\/infolanus.com\/index.php\/wp-json\/wp\/v2\/tags?post=10243"}],"curies":[{"name":"wp","href":"https:\/\/api.w.org\/{rel}","templated":true}]}}