{"id":10246,"date":"2025-09-19T11:03:09","date_gmt":"2025-09-19T14:03:09","guid":{"rendered":"https:\/\/infolanus.com\/index.php\/2025\/09\/19\/renace-el-malevo-de-fierro-emblema-de-lanus\/"},"modified":"2025-09-19T11:03:09","modified_gmt":"2025-09-19T14:03:09","slug":"renace-el-malevo-de-fierro-emblema-de-lanus","status":"publish","type":"post","link":"https:\/\/infolanus.com\/index.php\/2025\/09\/19\/renace-el-malevo-de-fierro-emblema-de-lanus\/","title":{"rendered":"Renace El Malevo de Fierro Emblema de Lanus"},"content":{"rendered":"<p>El gobierno local de Lan\u00fas ha reinstalado la escultura conocida como <i>El Malevo de Fierro<\/i> en el acceso al Puente Alsina. Esta nueva ubicaci\u00f3n para la obra del aclamado escultor Jos\u00e9 Pererase forma parte de un proyecto de revitalizaci\u00f3n del \u00e1rea, que incluy\u00f3 la limpieza de las v\u00edas circundantes, la instalaci\u00f3n de nueva iluminaci\u00f3n y trabajos de pintura.<\/p>\n<p>Durante la inauguraci\u00f3n oficial de las labores, el intendente Juli\u00e1n \u00c1lvarez, acompa\u00f1ado por el secretario de Gobierno, Leandro Decuzzi, expres\u00f3 su profunda emoci\u00f3n: &#8220;Es un d\u00eda muy emotivo y significativo porque recuperamos este emblema de nuestra identidad, de nuestra esencia argentina&#8221;.<\/p>\n<p>La pieza, creada por el artista espa\u00f1ol radicado en la ciudad desde 1951, fue colocada por primera vez por el Municipio en 2013. En aquella ocasi\u00f3n, <i>El Malevo<\/i> cumpl\u00eda la funci\u00f3n de dar la bienvenida a quienes llegaban a Lan\u00fas desde la Capital Federal.<\/p>\n<p>No obstante, en 2018, la emblem\u00e1tica figura del barrio con pasado tanguero fue retirada por la administraci\u00f3n anterior con una gr\u00faa y abandonada en el vivero municipal, lo que le caus\u00f3 graves da\u00f1os estructurales.<\/p>\n<p>Finalmente, en 2024, tras la exposici\u00f3n de su obra <i>Desagravio<\/i> en el Museo Leonardo Favio, donde Perera present\u00f3 una vasta retrospectiva de su trayectoria, el Municipio y el Instituto Cultural de la Provincia de Buenos Aires acordaron emprender el proceso de restauraci\u00f3n de la escultura, el cual fue supervisado directamente por el propio artista.<\/p>\n","protected":false},"excerpt":{"rendered":"<p>Lan\u00fas reinstala la ic\u00f3nica escultura *El Malevo de Fierro* de Jos\u00e9 Pererase en Puente Alsina. Restaurada y supervisada por el artista, revitaliza el \u00e1rea y celebra la identidad local.<\/p>\n","protected":false},"author":2,"featured_media":10245,"comment_status":"open","ping_status":"open","sticky":false,"template":"","format":"standard","meta":{"jetpack_post_was_ever_published":false,"_jetpack_newsletter_access":"","_jetpack_dont_email_post_to_subs":false,"_jetpack_newsletter_tier_id":0,"_jetpack_memberships_contains_paywalled_content":false,"_jetpack_memberships_contains_paid_content":false,"footnotes":"","jetpack_publicize_message":"","jetpack_publicize_feature_enabled":true,"jetpack_social_post_already_shared":true,"jetpack_social_options":{"image_generator_settings":{"template":"highway","enabled":false},"version":2}},"categories":[19],"tags":[],"class_list":["post-10246","post","type-post","status-publish","format-standard","has-post-thumbnail","hentry","category-municipio"],"jetpack_publicize_connections":[],"jetpack_featured_media_url":"https:\/\/i0.wp.com\/infolanus.com\/wp-content\/uploads\/2025\/09\/El-Malevo-de-Fierro-vuelve-a-dar-su-bienvenida-en-el-Acceso-Puente-Alsina.jpeg?fit=1280%2C853&ssl=1","jetpack_sharing_enabled":true,"jetpack_shortlink":"https:\/\/wp.me\/p9QtMr-2Fg","_links":{"self":[{"href":"https:\/\/infolanus.com\/index.php\/wp-json\/wp\/v2\/posts\/10246","targetHints":{"allow":["GET"]}}],"collection":[{"href":"https:\/\/infolanus.com\/index.php\/wp-json\/wp\/v2\/posts"}],"about":[{"href":"https:\/\/infolanus.com\/index.php\/wp-json\/wp\/v2\/types\/post"}],"author":[{"embeddable":true,"href":"https:\/\/infolanus.com\/index.php\/wp-json\/wp\/v2\/users\/2"}],"replies":[{"embeddable":true,"href":"https:\/\/infolanus.com\/index.php\/wp-json\/wp\/v2\/comments?post=10246"}],"version-history":[{"count":0,"href":"https:\/\/infolanus.com\/index.php\/wp-json\/wp\/v2\/posts\/10246\/revisions"}],"wp:featuredmedia":[{"embeddable":true,"href":"https:\/\/infolanus.com\/index.php\/wp-json\/wp\/v2\/media\/10245"}],"wp:attachment":[{"href":"https:\/\/infolanus.com\/index.php\/wp-json\/wp\/v2\/media?parent=10246"}],"wp:term":[{"taxonomy":"category","embeddable":true,"href":"https:\/\/infolanus.com\/index.php\/wp-json\/wp\/v2\/categories?post=10246"},{"taxonomy":"post_tag","embeddable":true,"href":"https:\/\/infolanus.com\/index.php\/wp-json\/wp\/v2\/tags?post=10246"}],"curies":[{"name":"wp","href":"https:\/\/api.w.org\/{rel}","templated":true}]}}