{"id":10324,"date":"2025-10-02T20:56:00","date_gmt":"2025-10-02T23:56:00","guid":{"rendered":"https:\/\/www.ambito.com\/c6197804"},"modified":"2025-10-02T20:56:00","modified_gmt":"2025-10-02T23:56:00","slug":"venezuela-denuncio-la-presencia-de-aviones-de-eeuu-cerca-de-su-frontera","status":"publish","type":"post","link":"https:\/\/infolanus.com\/index.php\/2025\/10\/02\/venezuela-denuncio-la-presencia-de-aviones-de-eeuu-cerca-de-su-frontera\/","title":{"rendered":"Venezuela denunci\u00f3 la presencia de aviones de EEUU cerca de su frontera"},"content":{"rendered":"<p><!-- { REGION4 --> <\/p>\n<header class=\"news-headline\" readability=\"1.8536585365854\">\n<div class=\"news-headline__topics-and-date-wrapper\"> <span class=\"news-headline__publication-date\"> 2 de octubre 2025 &#8211; 20:56 <\/span><\/div>\n<h2 class=\"news-headline__article-summary\" readability=\"24\">\n<p class=\"ignore-parser\">El ministro de Defensa venezolano advirti\u00f3: &#8220;No cometan el error de agredir militarmente a <strong class=\"ignore-parser\">Venezuela. Piensen bien, investiguen bien y lean el esp\u00edritu nacional<\/strong>&#8220;.<\/p>\n<\/h2>\n<\/header>\n<div class=\"detail-highlighted-multimedia content-protected-false\">\n<figure class=\"detail-highlighted-multimedia__figure\"> <img data-recalc-dims=\"1\" decoding=\"async\" src=\"https:\/\/i0.wp.com\/media.ambito.com\/p\/d25d91387eba48d90c1475eaf79e3004\/adjuntos\/239\/imagenes\/042\/738\/0042738776\/maduro-trump.jpg?resize=640%2C360&#038;ssl=1\" class=\"detail-highlighted-multimedia__figure-img img-fluid\" alt=\"Escala la tensi\u00f3n entre EEUU y Venezuela.\" width=\"640\" height=\"360\" crossorigin=\"anonymous\" fetchpriority=\"high\" decode=\"async\"><figcaption class=\"detail-highlighted-multimedia__figcaption\" readability=\"-24\"> <\/figcaption><\/figure>\n<\/p><\/div>\n<article class=\"article-body article-body--first-paragraph content-protected-false\" data-td-script-src=\"https:\/\/www.ambito.com\/td\/modulos\/encuestas\/js\/function-embeds-min-version-1759464426.js\" readability=\"31\">\n<p>El ministro de Defensa de <strong>Venezuela, Vladimir Padrino L\u00f3pez<\/strong>, denunci\u00f3 este jueves la detecci\u00f3n de al menos <strong>cinco aviones de combate estadounidenses sobrevolando<\/strong> cerca de sus fronteras y advirti\u00f3 que es una &#8220;gran amenaza contra la seguridad de la naci\u00f3n&#8221;.<\/p>\n<\/article>\n<article class=\"article-body article-body--second-paragraph content-protected-false\" readability=\"23.281853281853\">\n<p>Se trata de un <a href=\"https:\/\/www.ambito.com\/mundo\/donald-trump-aseguro-que-eeuu-destruyo-una-tercera-lancha-narco-proveniente-venezuela-n6191063\" target=\"_blank\" rel=\"follow\">nuevo cap\u00edtulo en la escalada diplom\u00e1tica<\/a> entre ambos pa\u00edses, que comenz\u00f3 cuando <strong>Donald Trump<\/strong> abri\u00f3 una cruzada antidrogas en el <strong>Caribe<\/strong> y acus\u00f3 al presidente <strong><a href=\"https:\/\/www.ambito.com\/mundo\/nicolas-maduro-convoco-donald-trump-tener-un-dialogo-medio-la-maxima-tension-el-caribe-n6187350\" target=\"_blank\" rel=\"follow\">Nicol\u00e1s Maduro<\/a><\/strong> de <strong>liderar una organizaci\u00f3n criminal dedicada al narcotr\u00e1fico.<\/strong><\/p>\n<\/article>\n<section class=\"related-news\"><span class=\"related-news__title\"> Informate m\u00e1s<\/span> <\/p>\n<div class=\"row row--eq-height\">\n<div class=\"col-12 col-md-6\">\n<article class=\"news-article news-article--landscape-news news-article--landscape-news\">\n<figure class=\"news-article__figure figure\"> <a href=\"https:\/\/www.ambito.com\/uruguay\/yamandu-orsi-llamo-promover-acuerdos-minimos-abordar-la-crisis-politica-venezuela-n6193816\" target title=\"\u00e1mbito.com | Orsi llam\u00f3 a promover acuerdos m\u00ednimos para abordar la crisis pol\u00edtica en Venezuela\" alt=\"\u00e1mbito.com | Orsi llam\u00f3 a promover acuerdos m\u00ednimos para abordar la crisis pol\u00edtica en Venezuela\" rel=\"noindex nofollow noreferrer\"> <img loading=\"lazy\" decoding=\"async\" src=\"https:\/\/www.ambito.com\/css-custom\/239\/lazy.svg\" data-td-src-property=\"https:\/\/media.ambito.com\/p\/aa15de283d0bbba844d2d6143e18e534\/adjuntos\/351\/imagenes\/042\/789\/0042789348\/93x52\/smart\/capturaorsi.PNG\" alt=\"El presidente Yamand\u00fa Orsi particip\u00f3 de la Cumbre Anual de Concordia que se celebra en Nueva York.\" title=\"El presidente Yamand\u00fa Orsi particip\u00f3 de la Cumbre Anual de Concordia que se celebra en Nueva York.\" width=\"93\" height=\"52\" class=\"news-article__figure-img figure-img img-fluid\"> <\/a><\/figure>\n<\/article><\/div>\n<div class=\"col-12 col-md-6\">\n<article class=\"news-article news-article--landscape-news news-article--landscape-news\">\n<figure class=\"news-article__figure figure\"> <a href=\"https:\/\/www.ambito.com\/mundo\/leon-xiv-alguien-que-rechaza-el-aborto-pero-pide-la-pena-muerte-no-es-provida-n6197768\" target title=\"\u00e1mbito.com | Le\u00f3n XIV: Alguien que rechaza el aborto pero pide la pena de muerte no es provida\" alt=\"\u00e1mbito.com | Le\u00f3n XIV: Alguien que rechaza el aborto pero pide la pena de muerte no es provida\" rel=\"noindex nofollow noreferrer\"> <img loading=\"lazy\" decoding=\"async\" src=\"https:\/\/www.ambito.com\/css-custom\/239\/lazy.svg\" data-td-src-property=\"https:\/\/media.ambito.com\/p\/1c29f6b95d99f1bbac198b9d9fc650f3\/adjuntos\/239\/imagenes\/042\/698\/0042698782\/papa-leon-xivjpg.jpg\" alt=\"El Papa habl\u00f3 sobre las contradicciones sobre la pena de muerte y el aborto\" title=\"El Papa habl\u00f3 sobre las contradicciones sobre la pena de muerte y el aborto\" width=\"93\" height=\"52\" class=\"news-article__figure-img figure-img img-fluid\"> <\/a><\/figure>\n<\/article><\/div>\n<\/div>\n<\/section>\n<article class=\"article-body article-body--third-paragraph content-protected-false\" readability=\"34\">\n<p>&#8220;No cometan el error de agredir militarmente a <strong>Venezuela. Piensen bien, investiguen bien y lean el esp\u00edritu nacional<\/strong>&#8220;, advirti\u00f3 <strong>Padrino L\u00f3pez <\/strong>y agreg\u00f3: &#8220;Se ha detectado en el sistema <strong>integrado de defensa a\u00e9rea<\/strong>, dentro de la regi\u00f3n de Maiquet\u00eda, a m\u00e1s de cinco aviones vectores con caracter\u00edsticas de vuelo de 400 nudos y volando a una altura de 35 mil pies&#8221;.<\/p>\n<\/article>\n<article class=\"article-body article-body--fourth-paragraph content-protected-false\" readability=\"29\">\n<p>&#8220;Son aviones de combate que <strong>el imperialismo norteamericano se ha atrevido acercar a las costas venezolanas<\/strong>&#8220;, acus\u00f3 Padrino L\u00f3pez.<\/p>\n<\/article>\n<article class=\"article-body article-body--fifth-paragraph content-protected-false\" readability=\"34\">\n<p>A su vez, tambi\u00e9n dijo que nunca vieron &#8220;este despliegue de aviones de la clase F-35&#8221; y advirti\u00f3: &#8220;Los estamos viendo, quiero que sepan que <strong>eso no nos intimida<\/strong>. La presencia de esos aviones volando en la <strong>cercan\u00eda de nuestra \u00e1rea de influencia es una groser\u00eda, es una provocaci\u00f3n, una amenaza contra la seguridad de la naci\u00f3n<\/strong>\u201d.<\/p>\n<\/article>\n<article class=\"article-body article-body--remaining-paragraph content-protected-false\" readability=\"53\">\n<p>A partir de esta nueva escalada, el funcionario adelant\u00f3 que realizar\u00e1n una \u201cmovilizaci\u00f3n nacional\u201d en caso de ser \u201cagredida\u201d por Estados Unidos.<\/p>\n<p>Por otro lado, se refiri\u00f3 a la medida que promulg\u00f3 d\u00edas atr\u00e1s el gobierno venezolano para ampliar los poderes del mandatario a trav\u00e9s de un <strong>decreto de \u201cconmoci\u00f3n exterior\u201d<\/strong> que autoriza a las <strong>autoridades a tomar el control militar de los servicios p\u00fablicos<\/strong> y de las instituciones estrat\u00e9gicas, adem\u00e1s de facilitar el cierre de las fronteras. Padrino explic\u00f3 que con esta norma buscan \u201c<strong>proteger los intereses econ\u00f3micos<\/strong>, la <strong>producci\u00f3n,<\/strong> la <strong>vida <\/strong>y la <strong>salud\u201d<\/strong> de los ciudadanos. \u201cPara eso son los estados de excepci\u00f3n en revoluci\u00f3n, nunca jam\u00e1s en revoluci\u00f3n\u201d, remarc\u00f3.<\/p>\n<h2>Los ataques de EEUU a embarcaciones venezolanas<\/h2>\n<p>Esta nueva denuncia se da luego de que en las \u00faltimas semanas flotas de EEUU hubieran tres lanchas supuestamente cargadas de de estupefacientes en aguas del Caribe, cerca de las costas de Venezuela. El propio Trump anunci\u00f3 los ataques en los que murieron varias personas.<\/p>\n<p>La trilog\u00eda de ataques comenz\u00f3 cuando Trump orden\u00f3 la <strong>intercepci\u00f3n de un barco que presuntamente transportaba drogas<\/strong>. <strong>La \u00faltima operaci\u00f3n dej\u00f3 un saldo de 11 muertos.<\/strong><\/p>\n<p> Al ser cuestionado acerca de qu\u00e9 pruebas tiene Estados Unidos de que estos buques son utilizados para el traslado de drogas, Trump respondi\u00f3: <strong>\u201cTenemos pruebas. Basta con mirar el cargamento esparcido por todo el oc\u00e9ano: grandes bolsas de coca\u00edna y fentanilo por todas partes\u201d.<\/strong><\/p>\n<\/article>\n<p> <!-- REGION4 } --> <\/p>\n","protected":false},"excerpt":{"rendered":"<p>2 de octubre 2025 &#8211; 20:56 El ministro de Defensa venezolano advirti\u00f3: &#8220;No cometan el error de agredir militarmente a Venezuela. Piensen bien, investiguen bien y lean el esp\u00edritu nacional&#8220;. El ministro de Defensa de Venezuela, Vladimir Padrino L\u00f3pez, denunci\u00f3 este jueves la detecci\u00f3n de al menos cinco aviones de combate estadounidenses sobrevolando cerca de [&hellip;]<\/p>\n","protected":false},"author":2,"featured_media":10325,"comment_status":"closed","ping_status":"closed","sticky":false,"template":"","format":"standard","meta":{"jetpack_post_was_ever_published":false,"_jetpack_newsletter_access":"","_jetpack_dont_email_post_to_subs":false,"_jetpack_newsletter_tier_id":0,"_jetpack_memberships_contains_paywalled_content":false,"_jetpack_memberships_contains_paid_content":false,"footnotes":"","jetpack_publicize_message":"","jetpack_publicize_feature_enabled":true,"jetpack_social_post_already_shared":true,"jetpack_social_options":{"image_generator_settings":{"template":"highway","enabled":false},"version":2}},"categories":[20],"tags":[],"class_list":["post-10324","post","type-post","status-publish","format-standard","has-post-thumbnail","hentry","category-mundo"],"jetpack_publicize_connections":[],"jetpack_featured_media_url":"https:\/\/i0.wp.com\/infolanus.com\/wp-content\/uploads\/2025\/10\/venezuela-denuncio-la-presencia-de-aviones-de-eeuu-cerca-de-su-frontera.jpg?fit=655%2C368&ssl=1","jetpack_sharing_enabled":true,"jetpack_shortlink":"https:\/\/wp.me\/p9QtMr-2Gw","_links":{"self":[{"href":"https:\/\/infolanus.com\/index.php\/wp-json\/wp\/v2\/posts\/10324","targetHints":{"allow":["GET"]}}],"collection":[{"href":"https:\/\/infolanus.com\/index.php\/wp-json\/wp\/v2\/posts"}],"about":[{"href":"https:\/\/infolanus.com\/index.php\/wp-json\/wp\/v2\/types\/post"}],"author":[{"embeddable":true,"href":"https:\/\/infolanus.com\/index.php\/wp-json\/wp\/v2\/users\/2"}],"replies":[{"embeddable":true,"href":"https:\/\/infolanus.com\/index.php\/wp-json\/wp\/v2\/comments?post=10324"}],"version-history":[{"count":0,"href":"https:\/\/infolanus.com\/index.php\/wp-json\/wp\/v2\/posts\/10324\/revisions"}],"wp:featuredmedia":[{"embeddable":true,"href":"https:\/\/infolanus.com\/index.php\/wp-json\/wp\/v2\/media\/10325"}],"wp:attachment":[{"href":"https:\/\/infolanus.com\/index.php\/wp-json\/wp\/v2\/media?parent=10324"}],"wp:term":[{"taxonomy":"category","embeddable":true,"href":"https:\/\/infolanus.com\/index.php\/wp-json\/wp\/v2\/categories?post=10324"},{"taxonomy":"post_tag","embeddable":true,"href":"https:\/\/infolanus.com\/index.php\/wp-json\/wp\/v2\/tags?post=10324"}],"curies":[{"name":"wp","href":"https:\/\/api.w.org\/{rel}","templated":true}]}}