{"id":10332,"date":"2025-10-03T20:41:00","date_gmt":"2025-10-03T23:41:00","guid":{"rendered":"https:\/\/www.ambito.com\/c6198238"},"modified":"2025-10-03T20:41:00","modified_gmt":"2025-10-03T23:41:00","slug":"donald-trump-dijo-que-hamas-esta-listo-para-una-paz-duradera-y-pidio-a-israel-que-deje-de-bombardear-gaza","status":"publish","type":"post","link":"https:\/\/infolanus.com\/index.php\/2025\/10\/03\/donald-trump-dijo-que-hamas-esta-listo-para-una-paz-duradera-y-pidio-a-israel-que-deje-de-bombardear-gaza\/","title":{"rendered":"Donald Trump dijo que Ham\u00e1s &#8220;est\u00e1 listo para una paz duradera&#8221; y pidi\u00f3 a Israel que deje de bombardear Gaza"},"content":{"rendered":"<p><!-- { REGION4 --> <\/p>\n<header class=\"news-headline\" readability=\"1.8807947019868\">\n<div class=\"news-headline__topics-and-date-wrapper\"> <span class=\"news-headline__publication-date\"> 3 de octubre 2025 &#8211; 20:41 <\/span><\/div>\n<h2 class=\"news-headline__article-summary\" readability=\"24\">\n<p class=\"ignore-parser\">El presidente estadounidense se mostr\u00f3 confiado sobre la aceptaci\u00f3n de su plan, pero llam\u00f3 a Israel a que cese con los bombardeos sobre Gaza.<\/p>\n<\/h2>\n<\/header>\n<div class=\"detail-highlighted-multimedia content-protected-false\">\n<figure class=\"detail-highlighted-multimedia__figure\"> <img data-recalc-dims=\"1\" decoding=\"async\" src=\"https:\/\/i0.wp.com\/media.ambito.com\/p\/4c946cf037880d8b8826cc91968f20df\/adjuntos\/239\/imagenes\/037\/758\/0037758303\/netanyahu-y-trump.jpeg?resize=540%2C405&#038;ssl=1\" class=\"detail-highlighted-multimedia__figure-img img-fluid\" alt=\"Trump asegura que Hamas est\u00e1 listo para una paz duradera.\" width=\"540\" height=\"405\" crossorigin=\"anonymous\" fetchpriority=\"high\" decode=\"async\"><figcaption class=\"detail-highlighted-multimedia__figcaption\" readability=\"-24\"> <span class=\"detail-highlighted-multimedia__copyright\">Foto: Reuters<\/span><\/figcaption><\/figure>\n<\/div>\n<article class=\"article-body article-body--first-paragraph content-protected-false\" data-td-script-src=\"https:\/\/www.ambito.com\/td\/modulos\/encuestas\/js\/function-embeds-min-version-1759464426.js\" readability=\"23.043189368771\">\n<p class><strong>&#8220;Creo que Ham\u00e1s esta listo para una paz duradera&#8221;<\/strong>, se\u00f1al\u00f3 el presidente de Estados Unidos, Donald Trump, en su plataforma Truth Social y acot\u00f3 que le exigi\u00f3 a Israel que &#8220;dejara de bombardear Gaza&#8221;, <a href=\"https:\/\/www.ambito.com\/mundo\/hamas-acepta-liberar-rehenes-israelies-pero-exige-negociar-los-terminos-del-plan-donald-trump-n6198193\" target=\"_blank\" rel=\"follow\">despu\u00e9s de que el movimiento islamista palestino se declarara dispuesto a liberar a los rehenes.<\/a><\/p>\n<\/article>\n<article class=\"article-body article-body--second-paragraph content-protected-false\" readability=\"31\">\n<p class><strong>&#8220;Seg\u00fan la declaraci\u00f3n que acaba de emitir Ham\u00e1s, parecen dispuestos a llegar a una paz duradera. \u00a1entonces Israel debe detener de inmediato el bombardeo a Gaza para poder liberar a los rehenes de forma segura y r\u00e1pida!&#8221;<\/strong>, declar\u00f3 Trump.<\/p>\n<\/article>\n<section class=\"related-news\"> <span class=\"related-news__title\">Informate m\u00e1s<\/span> <\/p>\n<div class=\"row row--eq-height\">\n<div class=\"col-12 col-md-6\">\n<article class=\"news-article news-article--landscape-news news-article--landscape-news\">\n<figure class=\"news-article__figure figure\"> <a href=\"https:\/\/www.ambito.com\/mundo\/israel-intercepta-una-nueva-embarcacion-la-flotilla-humanitaria-y-comienza-deportar-sus-ocupantes-n6197916\" target title=\"\u00e1mbito.com | Israel intercepta una nueva embarcaci\u00f3n de la flotilla humanitaria y comienza a deportar a sus ocupantes\" alt=\"\u00e1mbito.com | Israel intercepta una nueva embarcaci\u00f3n de la flotilla humanitaria y comienza a deportar a sus ocupantes\" rel=\"noindex nofollow noreferrer\"> <img loading=\"lazy\" decoding=\"async\" src=\"https:\/\/www.ambito.com\/css-custom\/239\/lazy.svg\" data-td-src-property=\"https:\/\/media.ambito.com\/p\/664e53b2807b7a2423e19d738c4f309d\/adjuntos\/239\/imagenes\/042\/821\/0042821820\/flotilla.jpg\" alt=\"La \u00faltima embarcaci\u00f3n fue interceptada por el ej\u00e9rcito de Israel.\" title=\"La \u00faltima embarcaci\u00f3n fue interceptada por el ej\u00e9rcito de Israel.\" width=\"93\" height=\"52\" class=\"news-article__figure-img figure-img img-fluid\"> <span class=\"news-article__media-badge news-article__media-badge--video\"><\/span><\/a> <\/figure>\n<\/article><\/div>\n<div class=\"col-12 col-md-6\">\n<article class=\"news-article news-article--landscape-news news-article--landscape-news\">\n<figure class=\"news-article__figure figure\"> <a href=\"https:\/\/www.ambito.com\/deportes\/la-fifa-descarto-suspender-israel-pese-los-reclamos-el-conflicto-gaza-n6197749\" target title=\"\u00e1mbito.com | La FIFA descart\u00f3 suspender a Israel pese a los reclamos por el conflicto en Gaza\" alt=\"\u00e1mbito.com | La FIFA descart\u00f3 suspender a Israel pese a los reclamos por el conflicto en Gaza\" rel=\"noindex nofollow noreferrer\"> <img loading=\"lazy\" decoding=\"async\" src=\"https:\/\/www.ambito.com\/css-custom\/239\/lazy.svg\" data-td-src-property=\"https:\/\/media.ambito.com\/p\/2fe8a87b6e120d7f1647551b4182037f\/adjuntos\/239\/imagenes\/041\/516\/0041516247\/infantino-dudajpg.jpg\" alt=\"Gianni Infantino, presidente de FIFA\" title=\"Gianni Infantino, presidente de FIFA\" width=\"93\" height=\"52\" class=\"news-article__figure-img figure-img img-fluid\"> <\/a><\/figure>\n<\/article><\/div>\n<\/div>\n<\/section>\n<article class=\"article-body article-body--third-paragraph content-protected-false\" readability=\"27.242424242424\">\n<p class><strong>La respuesta de Ham\u00e1s surgi\u00f3 luego de que Trump estableciera la noche del domingo 5 de octubre como el plazo definitivo para contestar al plan de paz <\/strong>que present\u00f3 a principios de esta semana en la Casa Blanca o, de lo contrario,<a href=\"https:\/\/www.ambito.com\/mundo\/franja-gaza-donald-trump-amenaza-desatar-el-infierno-si-hamas-no-acepta-el-plan-paz-n6198051\" target=\"_blank\" rel=\"follow\"> se enfrentar\u00eda a un &#8220;infierno&#8221;.<\/a><\/p>\n<\/article>\n<article class=\"article-body article-body--fourth-paragraph content-protected-false\" readability=\"32\">\n<p class> &#8220;El movimiento anuncia su aprobaci\u00f3n para la liberaci\u00f3n de todos los rehenes \u2013vivos y restos mortales\u2013 seg\u00fan la f\u00f3rmula de intercambio incluida en la propuesta del presidente Trump&#8221;, se\u00f1al\u00f3 Ham\u00e1s en un comunicado, y a\u00f1adi\u00f3 que est\u00e1 listo para iniciar negociaciones &#8220;para discutir los detalles&#8221;.<\/p>\n<\/article>\n<article class=\"article-body article-body--fifth-paragraph content-protected-false\" readability=\"29\">\n<p class>Trump tambi\u00e9n comparti\u00f3 el comunicado de Ham\u00e1s en sus redes sociales, una acci\u00f3n casi in\u00e9dita para un presidente estadounidense. Tambi\u00e9n lo hizo la Casa Blanca.<\/p>\n<\/article>\n<article class=\"article-body article-body--remaining-paragraph content-protected-false\" readability=\"39\">\n<p class>Trump present\u00f3 el plan de paz de 20 puntos junto con el primer ministro israel\u00ed,<strong> Benjamin Netanyahu<\/strong>, en la Casa Blanca el lunes \u00faltimo, y afirm\u00f3 que si Ham\u00e1s lo rechazaba, apoyar\u00eda a Israel para &#8220;concluir el trabajo&#8221;.<\/p>\n<p class>Un alto funcionario de Ham\u00e1s, <strong>Mahmud Mardawi,<\/strong> declar\u00f3 el viernes a la prensa que el plan de Trump es <strong>&#8220;impreciso, ambiguo y carece de claridad&#8221;.<\/strong><\/p>\n<\/article>\n<p> <!-- REGION4 } --> <\/p>\n","protected":false},"excerpt":{"rendered":"<p>3 de octubre 2025 &#8211; 20:41 El presidente estadounidense se mostr\u00f3 confiado sobre la aceptaci\u00f3n de su plan, pero llam\u00f3 a Israel a que cese con los bombardeos sobre Gaza. Foto: Reuters &#8220;Creo que Ham\u00e1s esta listo para una paz duradera&#8221;, se\u00f1al\u00f3 el presidente de Estados Unidos, Donald Trump, en su plataforma Truth Social y [&hellip;]<\/p>\n","protected":false},"author":2,"featured_media":10333,"comment_status":"closed","ping_status":"closed","sticky":false,"template":"","format":"standard","meta":{"jetpack_post_was_ever_published":false,"_jetpack_newsletter_access":"","_jetpack_dont_email_post_to_subs":false,"_jetpack_newsletter_tier_id":0,"_jetpack_memberships_contains_paywalled_content":false,"_jetpack_memberships_contains_paid_content":false,"footnotes":"","jetpack_publicize_message":"","jetpack_publicize_feature_enabled":true,"jetpack_social_post_already_shared":true,"jetpack_social_options":{"image_generator_settings":{"template":"highway","enabled":false},"version":2}},"categories":[20],"tags":[],"class_list":["post-10332","post","type-post","status-publish","format-standard","has-post-thumbnail","hentry","category-mundo"],"jetpack_publicize_connections":[],"jetpack_featured_media_url":"https:\/\/i0.wp.com\/infolanus.com\/wp-content\/uploads\/2025\/10\/donald-trump-dijo-que-hamas-esta-listo-para-una-paz-duradera-y-pidio-a-israel-que-deje-de-bombardear-gaza.jpg?fit=540%2C405&ssl=1","jetpack_sharing_enabled":true,"jetpack_shortlink":"https:\/\/wp.me\/p9QtMr-2GE","_links":{"self":[{"href":"https:\/\/infolanus.com\/index.php\/wp-json\/wp\/v2\/posts\/10332","targetHints":{"allow":["GET"]}}],"collection":[{"href":"https:\/\/infolanus.com\/index.php\/wp-json\/wp\/v2\/posts"}],"about":[{"href":"https:\/\/infolanus.com\/index.php\/wp-json\/wp\/v2\/types\/post"}],"author":[{"embeddable":true,"href":"https:\/\/infolanus.com\/index.php\/wp-json\/wp\/v2\/users\/2"}],"replies":[{"embeddable":true,"href":"https:\/\/infolanus.com\/index.php\/wp-json\/wp\/v2\/comments?post=10332"}],"version-history":[{"count":0,"href":"https:\/\/infolanus.com\/index.php\/wp-json\/wp\/v2\/posts\/10332\/revisions"}],"wp:featuredmedia":[{"embeddable":true,"href":"https:\/\/infolanus.com\/index.php\/wp-json\/wp\/v2\/media\/10333"}],"wp:attachment":[{"href":"https:\/\/infolanus.com\/index.php\/wp-json\/wp\/v2\/media?parent=10332"}],"wp:term":[{"taxonomy":"category","embeddable":true,"href":"https:\/\/infolanus.com\/index.php\/wp-json\/wp\/v2\/categories?post=10332"},{"taxonomy":"post_tag","embeddable":true,"href":"https:\/\/infolanus.com\/index.php\/wp-json\/wp\/v2\/tags?post=10332"}],"curies":[{"name":"wp","href":"https:\/\/api.w.org\/{rel}","templated":true}]}}