{"id":10407,"date":"2025-10-16T15:05:56","date_gmt":"2025-10-16T18:05:56","guid":{"rendered":"https:\/\/www.inforegion.com.ar\/?p=347839"},"modified":"2025-10-16T15:05:56","modified_gmt":"2025-10-16T18:05:56","slug":"desarman-una-banda-que-robo-tres-casas-de-jubilados-en-una-hora-en-avellaneda-y-lanus","status":"publish","type":"post","link":"https:\/\/infolanus.com\/index.php\/2025\/10\/16\/desarman-una-banda-que-robo-tres-casas-de-jubilados-en-una-hora-en-avellaneda-y-lanus\/","title":{"rendered":"Desarman una banda que rob\u00f3 tres casas de jubilados en una hora en Avellaneda y Lan\u00fas"},"content":{"rendered":"<div><img data-recalc-dims=\"1\" decoding=\"async\" src=\"https:\/\/i0.wp.com\/www.inforegion.com.ar\/wp-content\/uploads\/2025\/10\/entraderas-lanus.jpg?w=640&#038;ssl=1\" class=\"ff-og-image-inserted\"><\/div>\n<p>La Polic\u00eda Bonaerense captur\u00f3 a cinco miembros de una banda que rob\u00f3 <strong>tres casas en una hora en los partidos de Avellaneda y Lan\u00fas <\/strong>en una serie de ataques que hab\u00edan sido denunciados en junio de este a\u00f1o. Los delincuentes actuaron r\u00e1pido y robaron tres casas en las localidades de Lan\u00fas, Gerli y Avellaneda. Desde entonces, comenz\u00f3 una investigaci\u00f3n para detenerlos.<\/p>\n<p>La identificaci\u00f3n de los sospechosos fue posible gracias a <strong>tareas de inteligencia desarrolladas por personal de la DDI Avellaneda-Lan\u00fas,<\/strong> quienes analizaron im\u00e1genes de c\u00e1maras de seguridad proporcionadas por los Centros de Monitoreo de esas municipalidades.<\/p>\n<p>Adem\u00e1s, se hab\u00edan estudiado las comunicaciones telef\u00f3nicas entre los sospechosos, lo que permiti\u00f3 dar con la localizaci\u00f3n de cada uno de ellos. <strong>Luego se realiz\u00f3 una serie de allanamientos en los partidos de Lan\u00fas y Almirante Brown.<\/strong><\/p>\n<p>Los operativos derivaron en la detenci\u00f3n de cinco hombres, identificados como D. O. (38), L. L. (25), P. M. (33), O. S. (19) y I. U. (25) y, tambi\u00e9n, descubrieron que <strong>hay dos integrantes de la banda que deb\u00edan estar detenidos en diferentes c\u00e1rceles y por distintos robos.<\/strong><\/p>\n<p>El primero es el joven de 19 a\u00f1os, quien deb\u00eda permanecer detenido en la <strong>Alcaid\u00eda 56 de Virrey del Pino por el delito de \u201crobo agravado<\/strong>\u201c.<\/p>\n<p>El delincuente identificado bajo las siglas I. U. <strong>deb\u00eda estar preso en la Unidad Penitenciaria Federal N\u00b02 de Marcos Paz,<\/strong> dado que est\u00e1 imputado por robo, por disposici\u00f3n de la Fiscal\u00eda Correccional de Saavedra en la Ciudad Aut\u00f3noma de Buenos Aires, a cargo de Juan Jos\u00e9 Campagnoli.<\/p>\n<p>Como producto de los operativos tambi\u00e9n <strong>se secuestraron tres veh\u00edculos. <\/strong>Entre ellos, un Audi A4, una camioneta Renault Kangoo y un Peugeot 208, que hab\u00edan sido mencionados en la orden de captura emitida por la UFI N\u00b05 de Avellaneda-Lan\u00fas, a cargo del fiscal Mart\u00edn Rodr\u00edguez.<\/p>\n<p>El resto de los elementos que quedaron a disposici\u00f3n de la Justicia fueron un pasamonta\u00f1as, que habr\u00eda sido utilizado en el hecho, guantes, cinta adhesiva y un chip de tel\u00e9fono celular. A<strong>simismo, confirmaron el hallazgo de $1.609.950 y 38 d\u00f3lares en efectivo.<\/strong><\/p>\n<h2 class=\"wp-block-heading\">Los brutales robos por los que cay\u00f3 la banda<\/h2>\n<p>De acuerdo con la reconstrucci\u00f3n realizada por las autoridades, los hechos ocurrieron durante la <strong>madrugada del 14 de junio<\/strong>, cuando el grupo delictivo irrumpi\u00f3 en tres viviendas en menos de una hora.<\/p>\n<p>La secuencia delictiva <strong>comenz\u00f3 en Gerli,<\/strong> donde los cinco asaltantes forzaron una ventana del comedor para ingresar a la casa de un matrimonio de jubilados. Las im\u00e1genes de ese episodio mostraron c\u00f3mo los delincuentes entraron, amenazaron y agredieron tanto al propietario como a su esposa, de 83 a\u00f1os.<\/p>\n<p>Durante el asalto, se<strong> robaron 200 d\u00f3lares, 500.000 pesos, electrodom\u00e9sticos y un Renault Kangoo.<\/strong> El auto fue localizado horas despu\u00e9s, abandonado en el barrio San Jos\u00e9 de Lomas de Zamora, seg\u00fan la informaci\u00f3n recabada por la Polic\u00eda.<\/p>\n<p>Media hora despu\u00e9s de ese primer ataque, la misma banda<strong> intent\u00f3 irrumpir en la vivienda de otro adulto mayor, de 78 a\u00f1os, en Villa Dominico<\/strong>. De acuerdo con fuentes del caso, \u201call\u00ed se enfrentaron con el hijo de la v\u00edctima y no lograron robar nada\u201d.<\/p>\n<p>El raid continu\u00f3 en Monte Chingolo, partido de Lan\u00fas, donde los delincuentes <strong>ingresaron a la casa de otro jubilado de 76 a\u00f1os. <\/strong>En esa ocasi\u00f3n, se apoderaron de un rev\u00f3lver calibre .38, una pistola Pietro Beretta, un tel\u00e9fono m\u00f3vil y diversas joyas.<\/p>\n<p>Tras este \u00faltimo robo, los asaltantes abandonaron un Fiat Cronos rojo que hab\u00edan sustra\u00eddo el 4 de junio a un <strong>joven de 24 a\u00f1os en Villa Dom\u00ednico. <\/strong>Finalmente, el veh\u00edculo fue hallado el 20 de junio, seis d\u00edas despu\u00e9s del asalto en Monte Chingolo, por efectivos de la DDI de Lan\u00fas.<\/p>\n","protected":false},"excerpt":{"rendered":"<p>La Polic\u00eda Bonaerense captur\u00f3 a cinco miembros de una banda que rob\u00f3 tres casas en una hora en los partidos de Avellaneda y Lan\u00fas en una serie de ataques que hab\u00edan sido denunciados en junio de este a\u00f1o. Los delincuentes actuaron r\u00e1pido y robaron tres casas en las localidades de Lan\u00fas, Gerli y Avellaneda. Desde [&hellip;]<\/p>\n","protected":false},"author":2,"featured_media":10408,"comment_status":"closed","ping_status":"closed","sticky":false,"template":"","format":"standard","meta":{"jetpack_post_was_ever_published":false,"_jetpack_newsletter_access":"","_jetpack_dont_email_post_to_subs":false,"_jetpack_newsletter_tier_id":0,"_jetpack_memberships_contains_paywalled_content":false,"_jetpack_memberships_contains_paid_content":false,"footnotes":"","jetpack_publicize_message":"","jetpack_publicize_feature_enabled":true,"jetpack_social_post_already_shared":true,"jetpack_social_options":{"image_generator_settings":{"template":"highway","enabled":false},"version":2}},"categories":[19,547],"tags":[801,948,773,774,938,1479,23,822],"class_list":["post-10407","post","type-post","status-publish","format-standard","has-post-thumbnail","hentry","category-municipio","category-policiales","tag-avellaneda","tag-banda","tag-centrales","tag-destacadas","tag-entraderas","tag-ladrones","tag-lanus","tag-policiales"],"jetpack_publicize_connections":[],"jetpack_featured_media_url":"https:\/\/i0.wp.com\/infolanus.com\/wp-content\/uploads\/2025\/10\/desarman-una-banda-que-robo-tres-casas-de-jubilados-en-una-hora-en-avellaneda-y-lanus.jpg?fit=1440%2C806&ssl=1","jetpack_sharing_enabled":true,"jetpack_shortlink":"https:\/\/wp.me\/p9QtMr-2HR","_links":{"self":[{"href":"https:\/\/infolanus.com\/index.php\/wp-json\/wp\/v2\/posts\/10407","targetHints":{"allow":["GET"]}}],"collection":[{"href":"https:\/\/infolanus.com\/index.php\/wp-json\/wp\/v2\/posts"}],"about":[{"href":"https:\/\/infolanus.com\/index.php\/wp-json\/wp\/v2\/types\/post"}],"author":[{"embeddable":true,"href":"https:\/\/infolanus.com\/index.php\/wp-json\/wp\/v2\/users\/2"}],"replies":[{"embeddable":true,"href":"https:\/\/infolanus.com\/index.php\/wp-json\/wp\/v2\/comments?post=10407"}],"version-history":[{"count":0,"href":"https:\/\/infolanus.com\/index.php\/wp-json\/wp\/v2\/posts\/10407\/revisions"}],"wp:featuredmedia":[{"embeddable":true,"href":"https:\/\/infolanus.com\/index.php\/wp-json\/wp\/v2\/media\/10408"}],"wp:attachment":[{"href":"https:\/\/infolanus.com\/index.php\/wp-json\/wp\/v2\/media?parent=10407"}],"wp:term":[{"taxonomy":"category","embeddable":true,"href":"https:\/\/infolanus.com\/index.php\/wp-json\/wp\/v2\/categories?post=10407"},{"taxonomy":"post_tag","embeddable":true,"href":"https:\/\/infolanus.com\/index.php\/wp-json\/wp\/v2\/tags?post=10407"}],"curies":[{"name":"wp","href":"https:\/\/api.w.org\/{rel}","templated":true}]}}