{"id":10427,"date":"2025-10-20T17:04:33","date_gmt":"2025-10-20T20:04:33","guid":{"rendered":"https:\/\/www.inforegion.com.ar\/?p=348192"},"modified":"2025-10-20T17:04:33","modified_gmt":"2025-10-20T20:04:33","slug":"lanus-acuchillaron-a-un-joven-en-una-pelea-vecinal","status":"publish","type":"post","link":"https:\/\/infolanus.com\/index.php\/2025\/10\/20\/lanus-acuchillaron-a-un-joven-en-una-pelea-vecinal\/","title":{"rendered":"Lan\u00fas: Acuchillaron a un joven en una pelea vecinal"},"content":{"rendered":"<div><img data-recalc-dims=\"1\" decoding=\"async\" src=\"https:\/\/i0.wp.com\/www.inforegion.com.ar\/wp-content\/uploads\/2025\/10\/Rivera-sur.jpg?w=640&#038;ssl=1\" class=\"ff-og-image-inserted\"><\/div>\n<p>Un joven, de 25 a\u00f1os, fue a<strong>sesinado por un hombre y por su hijo, quienes lo agredieron a cuchilladas<\/strong> en una pelea vecinal registrada en Villa Diamante, partido de Lan\u00fas, tras lo cual la Bonaerense detuvo a los autores del crimen.<\/p>\n<p>Voceros judiciales que la v\u00edctima fue identificada como<strong> Jonathan David Osuna <\/strong>y que el asesinato se produjo cuando la v\u00edctima se hallaba en el cruce del Camino de la Ribera Sur \u2013 Carlos Pellegrini y el pasaje San Jos\u00e9, a escasos metros de su casa, oportunidad en la que, por motivos que se investigan, mantuvo una disputa barrial con dos sujetos, de 54 y de 33 a\u00f1os, quienes lo atacaron a cuchilladas, para fugarse de inmediato.<\/p>\n<p>Osuna debi\u00f3 ser conducido, de urgencia, a la<strong> Unidad de Pronta Atenci\u00f3n 3 de Villa Jard\u00edn<\/strong>, en la esquina de Coronel Osorio y el pasaje Aguirre, donde finalmente perdi\u00f3 la vida.<\/p>\n<p>Peritos de la Polic\u00eda Cient\u00edfica determinaron que presentaba una<strong> herida de arma blanca en la regi\u00f3n del est\u00f3mago.<\/strong><\/p>\n<p>Tras una investigaci\u00f3n entre allegados a la v\u00edctima, integrantes de la comisar\u00eda 5\u00aa de Lan\u00fas apresaron a los sospechosos, al interceptarlos en las cercan\u00edas de su vivienda, <strong>en el pasaje 24 de Junio al 400, en proximidades de la intersecci\u00f3n con el pasaje Boquer\u00f3n.<\/strong><\/p>\n<p>Intervino en la causa penal, que preventivamente se mantiene caratulada<strong> \u201cHomicidio\u201d, e<\/strong>l fiscal de la Unidad Funcional 6 de los tribunales de Avellaneda \u2013 Lan\u00fas, Mart\u00edn Dar\u00edo Rodr\u00edguez.<\/p>\n","protected":false},"excerpt":{"rendered":"<p>Un joven, de 25 a\u00f1os, fue asesinado por un hombre y por su hijo, quienes lo agredieron a cuchilladas en una pelea vecinal registrada en Villa Diamante, partido de Lan\u00fas, tras lo cual la Bonaerense detuvo a los autores del crimen. Voceros judiciales que la v\u00edctima fue identificada como Jonathan David Osuna y que el [&hellip;]<\/p>\n","protected":false},"author":2,"featured_media":10428,"comment_status":"closed","ping_status":"closed","sticky":false,"template":"","format":"standard","meta":{"jetpack_post_was_ever_published":false,"_jetpack_newsletter_access":"","_jetpack_dont_email_post_to_subs":false,"_jetpack_newsletter_tier_id":0,"_jetpack_memberships_contains_paywalled_content":false,"_jetpack_memberships_contains_paid_content":false,"footnotes":"","jetpack_publicize_message":"","jetpack_publicize_feature_enabled":true,"jetpack_social_post_already_shared":true,"jetpack_social_options":{"image_generator_settings":{"template":"highway","enabled":false},"version":2}},"categories":[19,547],"tags":[1964,233,773,774,23,494,822],"class_list":["post-10427","post","type-post","status-publish","format-standard","has-post-thumbnail","hentry","category-municipio","category-policiales","tag-acuchillado","tag-asesinato","tag-centrales","tag-destacadas","tag-lanus","tag-lanus-oeste","tag-policiales"],"jetpack_publicize_connections":[],"jetpack_featured_media_url":"https:\/\/i0.wp.com\/infolanus.com\/wp-content\/uploads\/2025\/10\/lanus-acuchillaron-a-un-joven-en-una-pelea-vecinal.jpg?fit=928%2C522&ssl=1","jetpack_sharing_enabled":true,"jetpack_shortlink":"https:\/\/wp.me\/p9QtMr-2Ib","_links":{"self":[{"href":"https:\/\/infolanus.com\/index.php\/wp-json\/wp\/v2\/posts\/10427","targetHints":{"allow":["GET"]}}],"collection":[{"href":"https:\/\/infolanus.com\/index.php\/wp-json\/wp\/v2\/posts"}],"about":[{"href":"https:\/\/infolanus.com\/index.php\/wp-json\/wp\/v2\/types\/post"}],"author":[{"embeddable":true,"href":"https:\/\/infolanus.com\/index.php\/wp-json\/wp\/v2\/users\/2"}],"replies":[{"embeddable":true,"href":"https:\/\/infolanus.com\/index.php\/wp-json\/wp\/v2\/comments?post=10427"}],"version-history":[{"count":0,"href":"https:\/\/infolanus.com\/index.php\/wp-json\/wp\/v2\/posts\/10427\/revisions"}],"wp:featuredmedia":[{"embeddable":true,"href":"https:\/\/infolanus.com\/index.php\/wp-json\/wp\/v2\/media\/10428"}],"wp:attachment":[{"href":"https:\/\/infolanus.com\/index.php\/wp-json\/wp\/v2\/media?parent=10427"}],"wp:term":[{"taxonomy":"category","embeddable":true,"href":"https:\/\/infolanus.com\/index.php\/wp-json\/wp\/v2\/categories?post=10427"},{"taxonomy":"post_tag","embeddable":true,"href":"https:\/\/infolanus.com\/index.php\/wp-json\/wp\/v2\/tags?post=10427"}],"curies":[{"name":"wp","href":"https:\/\/api.w.org\/{rel}","templated":true}]}}