{"id":10433,"date":"2025-10-22T00:07:01","date_gmt":"2025-10-22T03:07:01","guid":{"rendered":"https:\/\/www.ambito.com\/c6204745"},"modified":"2025-10-22T00:07:01","modified_gmt":"2025-10-22T03:07:01","slug":"colombia-el-tribunal-superior-revoco-la-condena-a-alvaro-uribe-por-soborno-y-fraude-procesal","status":"publish","type":"post","link":"https:\/\/infolanus.com\/index.php\/2025\/10\/22\/colombia-el-tribunal-superior-revoco-la-condena-a-alvaro-uribe-por-soborno-y-fraude-procesal\/","title":{"rendered":"Colombia: el Tribunal Superior revoc\u00f3 la condena a \u00c1lvaro Uribe por soborno y fraude procesal"},"content":{"rendered":"<p><!-- { REGION4 --> <\/p>\n<header class=\"news-headline\" readability=\"1.8843930635838\">\n<div class=\"news-headline__topics-and-date-wrapper\"> <span class=\"news-headline__publication-date\"> 22 de octubre 2025 &#8211; 00:07 <\/span><\/div>\n<h2 class=\"news-headline__article-summary\" readability=\"24\">\n<p class=\"ignore-parser\">El fallo anul\u00f3 la sentencia de doce a\u00f1os de prisi\u00f3n contra el expresidente colombiano y cuestion\u00f3 la valoraci\u00f3n de pruebas en la primera instancia. La causa podr\u00e1 apelarse ante la Corte Suprema.<\/p>\n<\/h2>\n<\/header>\n<div class=\"detail-highlighted-multimedia content-protected-false\">\n<figure class=\"detail-highlighted-multimedia__figure\"> <img data-recalc-dims=\"1\" decoding=\"async\" src=\"https:\/\/i0.wp.com\/media.ambito.com\/p\/d2bd5d3d7508f8d879730019b2c35d78\/adjuntos\/239\/imagenes\/042\/637\/0042637609\/alvaro-uribe.jpg?resize=640%2C360&#038;ssl=1\" class=\"detail-highlighted-multimedia__figure-img img-fluid\" alt=\"El expresidente de Colombia \u00c1lvaro Uribe.\" width=\"640\" height=\"360\" crossorigin=\"anonymous\" fetchpriority=\"high\" decode=\"async\"><figcaption class=\"detail-highlighted-multimedia__figcaption\" readability=\"-24\"> <span class=\"detail-highlighted-multimedia__copyright\">Foto: Getty Images for Concordia<\/span><\/figcaption><\/figure>\n<\/div>\n<article class=\"article-body article-body--first-paragraph content-protected-false\" data-td-script-src=\"https:\/\/www.ambito.com\/td\/modulos\/encuestas\/js\/function-embeds-min-version-1760933122.js\" readability=\"30.936061381074\">\n<p data-start=\"0\" data-end=\"803\">El <strong data-start=\"399\" data-end=\"430\">Tribunal Superior de Bogot\u00e1<\/strong> revoc\u00f3 la condena de <strong data-start=\"452\" data-end=\"489\">doce a\u00f1os de prisi\u00f3n domiciliaria<\/strong> al expresidente <strong data-start=\"507\" data-end=\"523\"><a href=\"https:\/\/www.ambito.com\/mundo\/condenaron-al-expresidente-colombiano-alvaro-uribe-soborno-y-fraude-procesal-n6173918\" target=\"_blank\" rel=\"follow\">\u00c1lvaro Uribe<\/a><\/strong>, quien hab\u00eda sido hallado culpable de <strong data-start=\"562\" data-end=\"614\"> tres delitos de soborno y dos de fraude procesal<\/strong>. En su fallo, los magistrados cuestionaron la \u201c<strong data-start=\"662\" data-end=\"684\">t\u00e9cnica deficiente<\/strong>\u201d de la jueza <strong data-start=\"698\" data-end=\"716\">Sandra Heredia<\/strong> y desestimaron varias grabaciones clave usadas como prueba en la sentencia original.<\/p>\n<\/article>\n<article class=\"article-body article-body--second-paragraph content-protected-false\" readability=\"34\">\n<p>El fallo, emitido este martes, representa un <strong data-start=\"864\" data-end=\"895\">giro judicial significativo<\/strong> en el caso m\u00e1s emblem\u00e1tico contra un ex mandatario colombiano. Los magistrados del <strong data-start=\"979\" data-end=\"1010\">Tribunal Superior de Bogot\u00e1<\/strong> sostuvieron que la sentencia inicial \u201ccarec\u00eda de rigor jur\u00eddico\u201d y presentaba una <strong data-start=\"1093\" data-end=\"1128\">valoraci\u00f3n sesgada de la prueba<\/strong>, adem\u00e1s de anular las grabaciones obtenidas en el marco de la investigaci\u00f3n, consideradas fundamentales en la condena.<\/p>\n<\/article>\n<section class=\"related-news\"> <span class=\"related-news__title\">Informate m\u00e1s<\/span> <\/p>\n<div class=\"row row--eq-height\">\n<div class=\"col-12 col-md-6\">\n<article class=\"news-article news-article--landscape-news news-article--landscape-news\">\n<figure class=\"news-article__figure figure\"> <a href=\"https:\/\/www.ambito.com\/mundo\/robo-al-louvre-cuanto-estan-valuadas-las-joyas-que-sustrajeron-del-museo-n6204653\" target title=\"\u00e1mbito.com | Robo al Louvre: en cu\u00e1nto est\u00e1n valuadas las joyas que sustrajeron del museo\" alt=\"\u00e1mbito.com | Robo al Louvre: en cu\u00e1nto est\u00e1n valuadas las joyas que sustrajeron del museo\" rel=\"noindex nofollow noreferrer\"> <img loading=\"lazy\" decoding=\"async\" src=\"https:\/\/www.ambito.com\/css-custom\/239\/lazy.svg\" data-td-src-property=\"https:\/\/media.ambito.com\/p\/eb36ebc7d427ddd0e881a5a9e59f1db7\/adjuntos\/239\/imagenes\/036\/480\/0036480161\/louvrejpg.jpg\" alt=\"Las joyas robadas del Louvre tienen un valor de&nbsp;88 millones de euros.\" title=\"Las joyas robadas del Louvre tienen un valor de&nbsp;88 millones de euros.\" width=\"93\" height=\"52\" class=\"news-article__figure-img figure-img img-fluid\"> <\/a><\/figure>\n<\/article><\/div>\n<div class=\"col-12 col-md-6\">\n<article class=\"news-article news-article--landscape-news news-article--landscape-news\">\n<figure class=\"news-article__figure figure\"> <a href=\"https:\/\/www.ambito.com\/mundo\/eeuu-anuncio-que-se-suspendio-la-reunion-donald-trump-y-vladimir-putin-n6204597\" target title=\"\u00e1mbito.com | EEUU anunci\u00f3 que se suspendi\u00f3 la reuni\u00f3n entre Trump y Putin\" alt=\"\u00e1mbito.com | EEUU anunci\u00f3 que se suspendi\u00f3 la reuni\u00f3n entre Trump y Putin\" rel=\"noindex nofollow noreferrer\"> <img loading=\"lazy\" decoding=\"async\" src=\"https:\/\/www.ambito.com\/css-custom\/239\/lazy.svg\" data-td-src-property=\"https:\/\/media.ambito.com\/p\/2e877cea8b8579fe800f96272dc0e0ec\/adjuntos\/239\/imagenes\/042\/863\/0042863071\/trump-y-putin.jpg\" alt=\"Seg\u00fan difundi\u00f3 la la Casa Blanca, Trump y Putin no se reunir\u00e1n en Hungr\u00eda, como estaba pactado.\" title=\"Seg\u00fan difundi\u00f3 la la Casa Blanca, Trump y Putin no se reunir\u00e1n en Hungr\u00eda, como estaba pactado.\" width=\"93\" height=\"52\" class=\"news-article__figure-img figure-img img-fluid\"> <\/a><\/figure>\n<\/article><\/div>\n<\/div>\n<\/section>\n<article class=\"article-body article-body--third-paragraph content-protected-false\" readability=\"35\">\n<p data-start=\"1251\" data-end=\"1668\">Uribe, <strong data-start=\"1258\" data-end=\"1301\">fundador del partido Centro Democr\u00e1tico<\/strong>, se hab\u00eda convertido el pasado <strong data-start=\"1333\" data-end=\"1348\">1 de agosto<\/strong> en el <strong data-start=\"1355\" data-end=\"1411\">primer ex presidente colombiano condenado penalmente<\/strong>, tras ser hallado culpable por <strong data-start=\"1443\" data-end=\"1491\">fraude procesal y soborno en actuaci\u00f3n penal<\/strong>. Sin embargo, la defensa apel\u00f3 la decisi\u00f3n al considerar que no exist\u00edan fundamentos legales s\u00f3lidos, argumento que ahora fue respaldado por el tribunal de segunda instancia.<\/p>\n<\/article>\n<article class=\"article-body article-body--fourth-paragraph content-protected-false\" readability=\"33.276818181818\">\n<div contenteditable=\"false\" class=\"embed_cont type_freetext\" rel=\"freetext\" id=\"embed8487_wrap\" data-provider=\"Twitter\" readability=\"33.152909336942\">\n<p>Embed &#8211; https:\/\/publish.x.com\/oembed?url=https:\/\/x.com\/petrogustavo\/status\/1980677823728873690?ref_src=twsrc%5Etfw%7Ctwcamp%5Etweetembed%7Ctwterm%5E1980677823728873690%7Ctwgr%5Ea66f42c7a818240271c8f0eed54a73a9312e55fc%7Ctwcon%5Es1_c10&amp;ref_url=https%3A%2F%2Fwww.c5n.com%2Fmundo%2Fla-justicia-colombia-revoco-la-condena-el-ex-presidente-alvaro-uribe-n218325&amp;partner=&amp;hide_thread=false<span onclick=\"parent.parent.TinyMCETdcuerpo.preview_embed('embed8487')\" class=\"embed_colapse less\" id=\"embed8487_colapse\"><\/span><span onclick=\"parent.parent.TinyMCETdcuerpo.delete_embed('embed8487')\" class=\"embed_delete less\" id=\"embed8487_delete\"><\/span><\/p>\n<div id=\"embed8487_content\" class=\"embed_content\">\n<div id=\"embed8487_embed\" readability=\"8.9044943820225\">\n<blockquote data-td-script-src=\"https:\/\/platform.twitter.com\/widgets.js\" class=\"twitter-tweet\" readability=\"11.575842696629\">\n<p dir=\"ltr\" lang=\"es\"> El tribunal superior de Bogot\u00e1 repite la historia, contradicen a la corte Suprema de justicia, y afirma que la interceptaci\u00f3n que judicialmente hizo un magistrado de la corte Suprema a un delincuente, en donde aparece la voz de Uribe hablando de sobornos, es intimidad.<\/p>\n<p>As\u00ed se\u2026 <a href=\"https:\/\/t.co\/2j3unJm2eL\">https:\/\/t.co\/2j3unJm2eL<\/a><\/p>\n<p> \u2014 Gustavo Petro (@petrogustavo) <a href=\"https:\/\/twitter.com\/petrogustavo\/status\/1980677823728873690?ref_src=twsrc%5Etfw\">October 21, 2025<\/a><\/p><\/blockquote>\n<\/div><\/div>\n<\/p><\/div>\n<p data-start=\"1670\" data-end=\"2034\">A pesar de esta revocaci\u00f3n, el proceso judicial <strong data-start=\"1718\" data-end=\"1737\">no ha concluido<\/strong>: la decisi\u00f3n puede ser <strong data-start=\"1761\" data-end=\"1806\">apelada ante la Corte Suprema de Justicia<\/strong>, que tendr\u00e1 la \u00faltima palabra sobre la absoluci\u00f3n o eventual condena de Uribe. Este litigio lleva m\u00e1s de <strong data-start=\"1912\" data-end=\"1926\">trece a\u00f1os<\/strong> recorriendo los tribunales colombianos y podr\u00eda alcanzar una definici\u00f3n definitiva en los pr\u00f3ximos meses.<\/p>\n<\/article>\n<article class=\"article-body article-body--fifth-paragraph content-protected-false\" readability=\"34\">\n<p data-start=\"2036\" data-end=\"2430\">El origen de la causa se remonta a <strong data-start=\"2071\" data-end=\"2079\">2012<\/strong>, cuando Uribe, entonces senador, denunci\u00f3 a <strong data-start=\"2124\" data-end=\"2139\">Iv\u00e1n Cepeda<\/strong> por manipulaci\u00f3n de testigos en causas vinculadas a grupos paramilitares. La <strong data-start=\"2217\" data-end=\"2234\">Corte Suprema<\/strong> no solo desestim\u00f3 la denuncia, sino que abri\u00f3 una investigaci\u00f3n contra el propio Uribe al encontrar indicios de que su entorno <strong data-start=\"2362\" data-end=\"2427\">habr\u00eda intentado influir en declaraciones de ex paramilitares<\/strong>.<\/p>\n<\/article>\n<article class=\"article-body article-body--remaining-paragraph content-protected-false\" readability=\"60\">\n<p data-start=\"2432\" data-end=\"2823\" data-is-last-node data-is-only-node>Entre las pruebas, figuraba una grabaci\u00f3n realizada por <strong data-start=\"2488\" data-end=\"2515\">Juan Guillermo Monsalve<\/strong>, testigo clave que asegur\u00f3 haber recibido ofrecimientos de <strong data-start=\"2575\" data-end=\"2591\">Diego Cadena<\/strong>, abogado de Uribe, para cambiar su testimonio. Esa grabaci\u00f3n, que fue una de las <strong data-start=\"2673\" data-end=\"2707\">piezas centrales de la condena<\/strong>, ahora qued\u00f3 <strong data-start=\"2721\" data-end=\"2748\">anulada por el tribunal<\/strong>, lo que debilita de forma sustancial la acusaci\u00f3n contra el ex mandatario.<\/p>\n<h2>Una causa que sacudi\u00f3 la pol\u00edtica colombiana<\/h2>\n<p data-start=\"1658\" data-end=\"1912\">La sentencia contra Uribe, quien es considerado uno de los dirigentes m\u00e1s influyentes de las \u00faltimas d\u00e9cadas en Colombia, gener\u00f3 un fuerte revuelo institucional y pol\u00edtico. Es la <strong data-start=\"1828\" data-end=\"1867\">primera vez en la historia del pa\u00eds<\/strong> que un expresidente es condenado penalmente.<\/p>\n<p data-start=\"1914\" data-end=\"2365\">El caso comenz\u00f3 a tomar forma en <strong data-start=\"1947\" data-end=\"1955\">2018<\/strong>, cuando la Corte Suprema detect\u00f3 irregularidades en testimonios utilizados por Uribe para denunciar al senador <strong data-start=\"2067\" data-end=\"2082\">Iv\u00e1n Cepeda<\/strong>. A\u00f1os antes, Cepeda hab\u00eda presentado declaraciones de exparamilitares que vinculaban al expresidente con estructuras ilegales durante su gesti\u00f3n como gobernador de <strong data-start=\"2247\" data-end=\"2260\">Antioquia<\/strong>. Uribe respondi\u00f3 con una denuncia, pero los magistrados consideraron que fue \u00e9l quien manipul\u00f3 testigos.<\/p>\n<p data-start=\"2367\" data-end=\"2725\">En <strong data-start=\"2370\" data-end=\"2378\">2020<\/strong>, fue sometido a <strong data-start=\"2395\" data-end=\"2431\">arresto domiciliario por 67 d\u00edas<\/strong>, situaci\u00f3n que lo llev\u00f3 a <strong data-start=\"2458\" data-end=\"2495\">renunciar a su banca en el Senado<\/strong> y as\u00ed pasar de la \u00f3rbita del alto tribunal a la justicia ordinaria. El proceso enfrent\u00f3 varios intentos de preclusi\u00f3n, todos rechazados, hasta que en 2024 la nueva fiscal general <strong data-start=\"2675\" data-end=\"2698\">Luz Adriana Camargo<\/strong> formaliz\u00f3 las acusaciones.<\/p>\n<\/article>\n<p> <!-- REGION4 } --> <\/p>\n","protected":false},"excerpt":{"rendered":"<p>22 de octubre 2025 &#8211; 00:07 El fallo anul\u00f3 la sentencia de doce a\u00f1os de prisi\u00f3n contra el expresidente colombiano y cuestion\u00f3 la valoraci\u00f3n de pruebas en la primera instancia. La causa podr\u00e1 apelarse ante la Corte Suprema. Foto: Getty Images for Concordia El Tribunal Superior de Bogot\u00e1 revoc\u00f3 la condena de doce a\u00f1os de [&hellip;]<\/p>\n","protected":false},"author":2,"featured_media":10434,"comment_status":"closed","ping_status":"closed","sticky":false,"template":"","format":"standard","meta":{"jetpack_post_was_ever_published":false,"_jetpack_newsletter_access":"","_jetpack_dont_email_post_to_subs":false,"_jetpack_newsletter_tier_id":0,"_jetpack_memberships_contains_paywalled_content":false,"_jetpack_memberships_contains_paid_content":false,"footnotes":"","jetpack_publicize_message":"","jetpack_publicize_feature_enabled":true,"jetpack_social_post_already_shared":true,"jetpack_social_options":{"image_generator_settings":{"template":"highway","enabled":false},"version":2}},"categories":[20],"tags":[],"class_list":["post-10433","post","type-post","status-publish","format-standard","has-post-thumbnail","hentry","category-mundo"],"jetpack_publicize_connections":[],"jetpack_featured_media_url":"https:\/\/i0.wp.com\/infolanus.com\/wp-content\/uploads\/2025\/10\/colombia-el-tribunal-superior-revoco-la-condena-a-alvaro-uribe-por-soborno-y-fraude-procesal.jpg?fit=655%2C368&ssl=1","jetpack_sharing_enabled":true,"jetpack_shortlink":"https:\/\/wp.me\/p9QtMr-2Ih","_links":{"self":[{"href":"https:\/\/infolanus.com\/index.php\/wp-json\/wp\/v2\/posts\/10433","targetHints":{"allow":["GET"]}}],"collection":[{"href":"https:\/\/infolanus.com\/index.php\/wp-json\/wp\/v2\/posts"}],"about":[{"href":"https:\/\/infolanus.com\/index.php\/wp-json\/wp\/v2\/types\/post"}],"author":[{"embeddable":true,"href":"https:\/\/infolanus.com\/index.php\/wp-json\/wp\/v2\/users\/2"}],"replies":[{"embeddable":true,"href":"https:\/\/infolanus.com\/index.php\/wp-json\/wp\/v2\/comments?post=10433"}],"version-history":[{"count":0,"href":"https:\/\/infolanus.com\/index.php\/wp-json\/wp\/v2\/posts\/10433\/revisions"}],"wp:featuredmedia":[{"embeddable":true,"href":"https:\/\/infolanus.com\/index.php\/wp-json\/wp\/v2\/media\/10434"}],"wp:attachment":[{"href":"https:\/\/infolanus.com\/index.php\/wp-json\/wp\/v2\/media?parent=10433"}],"wp:term":[{"taxonomy":"category","embeddable":true,"href":"https:\/\/infolanus.com\/index.php\/wp-json\/wp\/v2\/categories?post=10433"},{"taxonomy":"post_tag","embeddable":true,"href":"https:\/\/infolanus.com\/index.php\/wp-json\/wp\/v2\/tags?post=10433"}],"curies":[{"name":"wp","href":"https:\/\/api.w.org\/{rel}","templated":true}]}}