{"id":10441,"date":"2025-10-23T22:23:45","date_gmt":"2025-10-24T01:23:45","guid":{"rendered":"https:\/\/www.ambito.com\/c6205676"},"modified":"2025-10-23T22:23:45","modified_gmt":"2025-10-24T01:23:45","slug":"la-onu-aseguro-que-eeuu-y-la-ue-fueron-complices-del-genocidio-en-la-franja-de-gaza","status":"publish","type":"post","link":"https:\/\/infolanus.com\/index.php\/2025\/10\/23\/la-onu-aseguro-que-eeuu-y-la-ue-fueron-complices-del-genocidio-en-la-franja-de-gaza\/","title":{"rendered":"La ONU asegur\u00f3 que EEUU y la UE fueron c\u00f3mplices del genocidio en la Franja de Gaza"},"content":{"rendered":"<p><!-- { REGION4 --> <\/p>\n<header class=\"news-headline\" readability=\"1.9154929577465\">\n<div class=\"news-headline__topics-and-date-wrapper\"> <span class=\"news-headline__publication-date\"> 23 de octubre 2025 &#8211; 22:23 <\/span><\/div>\n<h2 class=\"news-headline__article-summary\" readability=\"24\">\n<p class=\"ignore-parser\">El \u00faltimo informe de Naciones Unidas fue titulado &#8220;El genocidio en Gaza: un crimen colectivo&#8221; y advierte que las violaciones a los derechos humanos no fueron hechos aislados &#8220;sino parte de un sistema de complicidad global&#8221;.<\/p>\n<\/h2>\n<\/header>\n<div class=\"detail-highlighted-multimedia content-protected-false\">\n<figure class=\"detail-highlighted-multimedia__figure\"> <img data-recalc-dims=\"1\" decoding=\"async\" src=\"https:\/\/i0.wp.com\/media.ambito.com\/p\/b91c6da1f3b0b5585f9f8d5e24ba2dbb\/adjuntos\/239\/imagenes\/042\/795\/0042795603\/franja-gaza.jpg?resize=640%2C360&#038;ssl=1\" class=\"detail-highlighted-multimedia__figure-img img-fluid\" alt=\"Panorama devastador en la Franja de Gaza tras dos a\u00f1os de guerra.\" width=\"640\" height=\"360\" crossorigin=\"anonymous\" fetchpriority=\"high\" decode=\"async\"><figcaption class=\"detail-highlighted-multimedia__figcaption\" readability=\"-24\"> <\/figcaption><\/figure>\n<\/p><\/div>\n<article class=\"article-body article-body--first-paragraph content-protected-false\" data-td-script-src=\"https:\/\/www.ambito.com\/td\/modulos\/encuestas\/js\/function-embeds-min-version-1761192414.js\" readability=\"28.884272997033\">\n<p>En su \u00faltimo informe,<strong> Naciones Unidas (ONU) <\/strong>denunci\u00f3 a <strong>Estados Unidos<\/strong> y a la <strong>Uni\u00f3n Europea<\/strong> por ser c\u00f3mplices del <a href=\"https:\/\/www.ambito.com\/mundo\/israel-comete-genocidio-gaza-concluyo-una-investigacion-la-onu-n6190958\" target=\"_blank\" rel=\"follow\"> genocidio <\/a>en la <strong><a href=\"https:\/\/www.ambito.com\/mundo\/autoridades-gaza-denuncian-80-violaciones-del-alto-el-fuego-israel-que-causaron-casi-100-muertos-n6203848\" target=\"_blank\" rel=\"follow\">Franja de Gaza<\/a><\/strong> cometido por Israel. Consideraron que <strong>sin el apoyo de los pa\u00edses occidentales no hubiera sido posible llevar a cabo &#8220;las prolongadas y sistem\u00e1ticas violaciones del derecho internacional&#8221;<\/strong>.<\/p>\n<\/article>\n<article class=\"article-body article-body--second-paragraph content-protected-false\" readability=\"33\">\n<p>El documento elaborado por la relatora de Naciones Unidas para los Territorios Ocupados Palestinos, Francesca Albanese, fue titulado &#8220;El genocidio en Gaza: un <strong>crimen colectivo<\/strong>&#8220;. El detalle del texto ser\u00e1 publicado el martes 28 de octubre aunque desde la ONU adelantaron que hace hincapi\u00e9 en que las violaciones a los derechos humanos cometidas en<strong> Gaza no se cometieron de manera aislada, &#8220;sino como parte de un sistema de complicidad global&#8221;.<\/strong><\/p>\n<\/article>\n<section class=\"related-news\"><span class=\"related-news__title\"> Informate m\u00e1s<\/span> <\/p>\n<div class=\"row row--eq-height\">\n<div class=\"col-12 col-md-6\">\n<article class=\"news-article news-article--landscape-news news-article--landscape-news\">\n<figure class=\"news-article__figure figure\"> <a href=\"https:\/\/www.ambito.com\/mundo\/advierten-que-el-flujo-alimentos-gaza-sigue-muy-debajo-objetivos-n6204499\" target title=\"\u00e1mbito.com | Advierten que el flujo de alimentos a Gaza sigue muy por debajo de objetivos\" alt=\"\u00e1mbito.com | Advierten que el flujo de alimentos a Gaza sigue muy por debajo de objetivos\" rel=\"noindex nofollow noreferrer\"> <img loading=\"lazy\" decoding=\"async\" src=\"https:\/\/www.ambito.com\/css-custom\/239\/lazy.svg\" data-td-src-property=\"https:\/\/media.ambito.com\/p\/35f94c7f7ba2f03411cbc84fec19d935\/adjuntos\/239\/imagenes\/041\/077\/0041077311\/ayuda-gaza.jpg\" alt=\"Denuncian que s\u00f3lo dos de los pasos controlados por Israel est\u00e1n operativos: Kerem Shalom en el sur y Kissufim en el centro.\" title=\"Denuncian que s\u00f3lo dos de los pasos controlados por Israel est\u00e1n operativos: Kerem Shalom en el sur y Kissufim en el centro.\" width=\"93\" height=\"52\" class=\"news-article__figure-img figure-img img-fluid\"> <\/a><\/figure>\n<\/article><\/div>\n<div class=\"col-12 col-md-6\">\n<article class=\"news-article news-article--landscape-news news-article--landscape-news\">\n<figure class=\"news-article__figure figure\"> <a href=\"https:\/\/www.ambito.com\/mundo\/la-onu-pidio-israel-abrir-mas-pasos-fronterizos-gaza-garantizar-la-entrada-ayuda-humanitaria-n6202940\" target title=\"\u00e1mbito.com | La ONU pidi\u00f3 a Israel abrir m\u00e1s pasos fronterizos en Gaza para garantizar la entrada de ayuda humanitaria\" alt=\"\u00e1mbito.com | La ONU pidi\u00f3 a Israel abrir m\u00e1s pasos fronterizos en Gaza para garantizar la entrada de ayuda humanitaria\" rel=\"noindex nofollow noreferrer\"> <img loading=\"lazy\" decoding=\"async\" src=\"https:\/\/www.ambito.com\/css-custom\/239\/lazy.svg\" data-td-src-property=\"https:\/\/media.ambito.com\/p\/e62b6d91d6b663c979177b6d6ad991f3\/adjuntos\/239\/imagenes\/041\/662\/0041662717\/gaza-muertosjpg.jpg\" alt=\"La ONU busca facilitar el ingreso de ayuda humanitaria destinada a la poblaci\u00f3n palestina.\" title=\"La ONU busca facilitar el ingreso de ayuda humanitaria destinada a la poblaci\u00f3n palestina.\" width=\"93\" height=\"52\" class=\"news-article__figure-img figure-img img-fluid\"> <\/a><\/figure>\n<\/article><\/div>\n<\/div>\n<\/section>\n<article class=\"article-body article-body--third-paragraph content-protected-false\" readability=\"32\">\n<p>\u201cSin la participaci\u00f3n directa, la ayuda y la asistencia de otros Estados la prolongada ocupaci\u00f3n ilegal israel\u00ed <strong>no podr\u00eda haberse sostenido, principalmente desde EEUU y los Estados europeos<\/strong>\u201d, sostuvo Albanese.<\/p>\n<\/article>\n<article class=\"article-body article-body--fourth-paragraph content-protected-false\" readability=\"30\">\n<p>El informe se\u00f1al\u00f3 que Estados Unidos us\u00f3 su poder de veto en el <strong>Consejo de Seguridad de la ONU<\/strong> siete veces, controlando las negociaciones para un alto el fuego y <strong>\u201cbrindando cobertura diplom\u00e1tica al genocidio israel\u00ed\u201d.<\/strong><\/p>\n<\/article>\n<article class=\"article-body article-body--fifth-paragraph content-protected-false\" readability=\"33\">\n<p> Por \u00faltimo, la relatora de la <strong>ONU<\/strong> tambi\u00e9n le pidi\u00f3 a &#8220;los sindicatos, juristas, sociedad civil y ciudadan\u00eda a vigilar las acciones de sus gobiernos\u201d y presionarlos para que haya \u201c<strong>boicots, desinversiones y sanciones hasta que finalice la ocupaci\u00f3n ilegal y los cr\u00edmenes asociados\u201d.<\/strong><\/p>\n<\/article>\n<article class=\"article-body article-body--remaining-paragraph content-protected-false\" readability=\"47\">\n<h2> La Corte Internacional de Justicia concluy\u00f3 que Israel debe facilitar las operaciones de ayuda en Gaza<\/h2>\n<p>La <strong>Corte Internacional de Justicia<\/strong>, m\u00e1ximo tribunal de las <strong>Naciones Unidas<\/strong>, emiti\u00f3 este mi\u00e9rcoles una opini\u00f3n legal en la que afirm\u00f3 que <strong>Israel,<\/strong> como potencia ocupante, est\u00e1 <strong>obligada a trabajar con agencias de la ONU para facilitar la ayuda humanitaria en Gaza. <\/strong>La medida es contra el bloqueo impuesto al enclave palestino a principios de este a\u00f1o.<\/p>\n<p>La Corte tambi\u00e9n se\u00f1al\u00f3 en su opini\u00f3n consultiva que la Agencia de Naciones Unidas para los Refugiados de Palestina (UNRWA), el principal organismo de la ONU que atiende a los refugiados palestinos, <strong>no viol\u00f3 las normas de imparcialidad. As\u00ed, exigi\u00f3 que Israel apoye el trabajo de asistencia de la agencia.<\/strong><\/p>\n<p>La opini\u00f3n fue solicitada por la Asamblea General de la ONU en diciembre, despu\u00e9s de que Israel aprobara leyes que proh\u00edben a la UNRWA operar en el pa\u00eds, detall\u00f3 la CNN.<\/p>\n<\/article>\n<p> <!-- REGION4 } --> <\/p>\n","protected":false},"excerpt":{"rendered":"<p>23 de octubre 2025 &#8211; 22:23 El \u00faltimo informe de Naciones Unidas fue titulado &#8220;El genocidio en Gaza: un crimen colectivo&#8221; y advierte que las violaciones a los derechos humanos no fueron hechos aislados &#8220;sino parte de un sistema de complicidad global&#8221;. En su \u00faltimo informe, Naciones Unidas (ONU) denunci\u00f3 a Estados Unidos y a [&hellip;]<\/p>\n","protected":false},"author":2,"featured_media":10442,"comment_status":"closed","ping_status":"closed","sticky":false,"template":"","format":"standard","meta":{"jetpack_post_was_ever_published":false,"_jetpack_newsletter_access":"","_jetpack_dont_email_post_to_subs":false,"_jetpack_newsletter_tier_id":0,"_jetpack_memberships_contains_paywalled_content":false,"_jetpack_memberships_contains_paid_content":false,"footnotes":"","jetpack_publicize_message":"","jetpack_publicize_feature_enabled":true,"jetpack_social_post_already_shared":true,"jetpack_social_options":{"image_generator_settings":{"template":"highway","enabled":false},"version":2}},"categories":[20],"tags":[],"class_list":["post-10441","post","type-post","status-publish","format-standard","has-post-thumbnail","hentry","category-mundo"],"jetpack_publicize_connections":[],"jetpack_featured_media_url":"https:\/\/i0.wp.com\/infolanus.com\/wp-content\/uploads\/2025\/10\/la-onu-aseguro-que-eeuu-y-la-ue-fueron-complices-del-genocidio-en-la-franja-de-gaza.jpg?fit=655%2C368&ssl=1","jetpack_sharing_enabled":true,"jetpack_shortlink":"https:\/\/wp.me\/p9QtMr-2Ip","_links":{"self":[{"href":"https:\/\/infolanus.com\/index.php\/wp-json\/wp\/v2\/posts\/10441","targetHints":{"allow":["GET"]}}],"collection":[{"href":"https:\/\/infolanus.com\/index.php\/wp-json\/wp\/v2\/posts"}],"about":[{"href":"https:\/\/infolanus.com\/index.php\/wp-json\/wp\/v2\/types\/post"}],"author":[{"embeddable":true,"href":"https:\/\/infolanus.com\/index.php\/wp-json\/wp\/v2\/users\/2"}],"replies":[{"embeddable":true,"href":"https:\/\/infolanus.com\/index.php\/wp-json\/wp\/v2\/comments?post=10441"}],"version-history":[{"count":0,"href":"https:\/\/infolanus.com\/index.php\/wp-json\/wp\/v2\/posts\/10441\/revisions"}],"wp:featuredmedia":[{"embeddable":true,"href":"https:\/\/infolanus.com\/index.php\/wp-json\/wp\/v2\/media\/10442"}],"wp:attachment":[{"href":"https:\/\/infolanus.com\/index.php\/wp-json\/wp\/v2\/media?parent=10441"}],"wp:term":[{"taxonomy":"category","embeddable":true,"href":"https:\/\/infolanus.com\/index.php\/wp-json\/wp\/v2\/categories?post=10441"},{"taxonomy":"post_tag","embeddable":true,"href":"https:\/\/infolanus.com\/index.php\/wp-json\/wp\/v2\/tags?post=10441"}],"curies":[{"name":"wp","href":"https:\/\/api.w.org\/{rel}","templated":true}]}}