{"id":10451,"date":"2025-10-25T21:35:00","date_gmt":"2025-10-26T00:35:00","guid":{"rendered":"https:\/\/www.ambito.com\/c6206270"},"modified":"2025-10-25T21:35:00","modified_gmt":"2025-10-26T00:35:00","slug":"lula-da-silva-se-consolida-como-el-presidente-mas-popular-de-sudamerica-segun-una-encuesta-regional","status":"publish","type":"post","link":"https:\/\/infolanus.com\/index.php\/2025\/10\/25\/lula-da-silva-se-consolida-como-el-presidente-mas-popular-de-sudamerica-segun-una-encuesta-regional\/","title":{"rendered":"Lula da Silva se consolida como el presidente m\u00e1s popular de Sudam\u00e9rica, seg\u00fan una encuesta regional"},"content":{"rendered":"<div><img data-recalc-dims=\"1\" decoding=\"async\" src=\"https:\/\/i0.wp.com\/media.ambito.com\/p\/79af662fe1982092681527830427a2a3\/adjuntos\/239\/imagenes\/042\/625\/0042625389\/1200x675\/smart\/lula-da-silva-brasil-usina-termoelectrica-gna-ii.png?w=640&#038;ssl=1\" class=\"ff-og-image-inserted\"><\/div>\n<div id>\n<p data-start=\"575\" data-end=\"925\">El <a href=\"https:\/\/www.ambito.com\/mundo\/lula-da-silva-sera-candidato-presidente-y-va-su-cuarto-mandato-brasil-n6205313\" target=\"_blank\" rel=\"follow\">presidente de <strong>Brasil, Luiz In\u00e1cio Lula da Silva<\/strong><\/a>, atraviesa su <strong data-start=\"644\" data-end=\"667\"> pico de popularidad<\/strong> desde que inici\u00f3 su tercer mandato, con una aprobaci\u00f3n del <strong data-start=\"727\" data-end=\"734\">51%<\/strong> que lo posiciona como el <strong data-start=\"760\" data-end=\"796\">l\u00edder m\u00e1s valorado de Sudam\u00e9rica<\/strong>. La mejora coincide con el lanzamiento de nuevas pol\u00edticas sociales y una agenda econ\u00f3mica orientada a reducir la desigualdad.<\/p>\n<\/div>\n<div id>\n<p data-start=\"927\" data-end=\"1288\">El repunte se da tras varios meses de <strong data-start=\"965\" data-end=\"1005\">tensi\u00f3n comercial con Estados Unidos<\/strong> por los aranceles al acero brasile\u00f1o y en un contexto de <strong data-start=\"1063\" data-end=\"1084\">reformas fiscales<\/strong> que buscan ampliar la recaudaci\u00f3n entre los sectores de mayores ingresos. Seg\u00fan el relevamiento, la <strong data-start=\"1185\" data-end=\"1202\">desaprobaci\u00f3n<\/strong> de Lula se mantiene en torno al <strong data-start=\"1235\" data-end=\"1242\">48%<\/strong>, cinco puntos menos que a comienzos de a\u00f1o.<\/p>\n<\/div>\n<div id>\n<p data-start=\"1290\" data-end=\"1485\">El sondeo forma parte del estudio <strong data-start=\"1324\" data-end=\"1339\">LatAm Pulse<\/strong>, elaborado por la consultora <strong data-start=\"1369\" data-end=\"1383\">AtlasIntel<\/strong> y difundido por <strong data-start=\"1400\" data-end=\"1413\">Bloomberg<\/strong>, que midi\u00f3 la aprobaci\u00f3n de los principales mandatarios de la regi\u00f3n.<\/p>\n<\/div>\n<div id>\n<h2>Lula capitaliza las medidas sociales<\/h2>\n<p data-start=\"1536\" data-end=\"1842\">La mejora en los indicadores coincide con el <strong data-start=\"1581\" data-end=\"1613\">avance de programas sociales<\/strong> lanzados por su gobierno, entre ellos los <strong data-start=\"1656\" data-end=\"1709\">subsidios al consumo el\u00e9ctrico y al gas de cocina<\/strong>, y una propuesta legislativa para <strong data-start=\"1744\" data-end=\"1820\">eximir del impuesto a las ganancias a los salarios de hasta 5.000 reales<\/strong> (unos u$s930).<\/p>\n<\/div>\n<div id>\n<p data-start=\"1844\" data-end=\"2098\">Estas medidas cuentan con un <strong data-start=\"1873\" data-end=\"1900\">amplio respaldo popular<\/strong>: el <strong data-start=\"1905\" data-end=\"1931\">84% de los encuestados<\/strong> las considera positivas. Adem\u00e1s, un <strong data-start=\"1968\" data-end=\"1981\">63% apoya<\/strong> la idea de <strong data-start=\"1993\" data-end=\"2044\">aumentar los impuestos a los sectores m\u00e1s ricos<\/strong> para financiar pol\u00edticas de inclusi\u00f3n y asistencia.<\/p>\n<\/div>\n<div id>\n<p data-start=\"2100\" data-end=\"2307\">Lula, de <strong data-start=\"2109\" data-end=\"2120\">79 a\u00f1os<\/strong>, present\u00f3 estos proyectos como parte de una <strong data-start=\"2165\" data-end=\"2207\">agenda hist\u00f3rica contra la desigualdad<\/strong>. \u201c<strong data-start=\"2210\" data-end=\"2264\">No se puede tener un pa\u00eds rico con un pueblo pobre<\/strong>\u201d, ha reiterado en varios actos p\u00fablicos.<\/p>\n<h2>Ventaja electoral y comparaci\u00f3n regional<\/h2>\n<p data-start=\"2362\" data-end=\"2668\">A menos de un a\u00f1o de las <strong data-start=\"2387\" data-end=\"2409\">elecciones de 2026<\/strong>, Lula <strong data-start=\"2416\" data-end=\"2462\">supera con amplitud a sus posibles rivales<\/strong>. En una eventual primera vuelta, aventaja al gobernador de S\u00e3o Paulo, <strong data-start=\"2533\" data-end=\"2556\">Tarc\u00edsio de Freitas<\/strong>, por <strong data-start=\"2562\" data-end=\"2575\">51% a 30%<\/strong>, y a la ex primera dama <strong data-start=\"2600\" data-end=\"2622\">Michelle Bolsonaro<\/strong>, por <strong data-start=\"2628\" data-end=\"2641\">51% a 26%<\/strong>, seg\u00fan el mismo estudio.<\/p>\n<p data-start=\"2670\" data-end=\"3034\">El panorama contrasta con el de otros mandatarios sudamericanos. En <strong data-start=\"2738\" data-end=\"2751\">Argentina<\/strong>, la desaprobaci\u00f3n del presidente <strong data-start=\"2785\" data-end=\"2801\">Javier Milei<\/strong> trep\u00f3 al <strong data-start=\"2811\" data-end=\"2818\">56%<\/strong>, mientras que en <strong data-start=\"2836\" data-end=\"2845\">Chile<\/strong>, <strong data-start=\"2847\" data-end=\"2864\">Gabriel Boric<\/strong> mantiene una imagen negativa, al igual que <strong data-start=\"2908\" data-end=\"2925\">Gustavo Petro<\/strong> en <strong data-start=\"2929\" data-end=\"2941\">Colombia<\/strong> y <strong data-start=\"2944\" data-end=\"2960\">Daniel Noboa<\/strong> en <strong data-start=\"2964\" data-end=\"2975\">Ecuador<\/strong>, que perdi\u00f3 apoyo tras el aumento del precio del di\u00e9sel.<\/p>\n<h2>Preocupaci\u00f3n entre los inversores<\/h2>\n<p data-start=\"3082\" data-end=\"3437\">Aunque las medidas redistributivas fortalecieron su imagen, tambi\u00e9n <strong data-start=\"3150\" data-end=\"3194\">generaron inquietud entre los inversores<\/strong>, que advierten sobre el <strong data-start=\"3219\" data-end=\"3236\">riesgo fiscal<\/strong> de ampliar el gasto social. Sin embargo, el mandatario parece haber encontrado un <strong data-start=\"3319\" data-end=\"3342\">equilibrio pol\u00edtico<\/strong>: su discurso de justicia social <strong data-start=\"3375\" data-end=\"3434\">recupera apoyo popular sin deteriorar la gobernabilidad<\/strong>.<\/p>\n<p data-start=\"3439\" data-end=\"3646\">La encuesta de <strong data-start=\"3454\" data-end=\"3468\">AtlasIntel<\/strong>, realizada entre el <strong data-start=\"3489\" data-end=\"3514\">15 y el 19 de octubre<\/strong> sobre una muestra de <strong data-start=\"3536\" data-end=\"3555\">14.063 personas<\/strong>, tiene un <strong data-start=\"3566\" data-end=\"3607\">margen de error de 1 punto porcentual<\/strong> y un <strong data-start=\"3613\" data-end=\"3643\">nivel de confianza del 95%<\/strong>.<\/p>\n<\/div>\n","protected":false},"excerpt":{"rendered":"<p>El presidente de Brasil, Luiz In\u00e1cio Lula da Silva, atraviesa su pico de popularidad desde que inici\u00f3 su tercer mandato, con una aprobaci\u00f3n del 51% que lo posiciona como el l\u00edder m\u00e1s valorado de Sudam\u00e9rica. La mejora coincide con el lanzamiento de nuevas pol\u00edticas sociales y una agenda econ\u00f3mica orientada a reducir la desigualdad. El [&hellip;]<\/p>\n","protected":false},"author":2,"featured_media":10452,"comment_status":"closed","ping_status":"closed","sticky":false,"template":"","format":"standard","meta":{"jetpack_post_was_ever_published":false,"_jetpack_newsletter_access":"","_jetpack_dont_email_post_to_subs":false,"_jetpack_newsletter_tier_id":0,"_jetpack_memberships_contains_paywalled_content":false,"_jetpack_memberships_contains_paid_content":false,"footnotes":"","jetpack_publicize_message":"","jetpack_publicize_feature_enabled":true,"jetpack_social_post_already_shared":true,"jetpack_social_options":{"image_generator_settings":{"template":"highway","enabled":false},"version":2}},"categories":[20],"tags":[],"class_list":["post-10451","post","type-post","status-publish","format-standard","has-post-thumbnail","hentry","category-mundo"],"jetpack_publicize_connections":[],"jetpack_featured_media_url":"https:\/\/i0.wp.com\/infolanus.com\/wp-content\/uploads\/2025\/10\/lula-da-silva-se-consolida-como-el-presidente-mas-popular-de-sudamerica-segun-una-encuesta-regional.png?fit=1200%2C675&ssl=1","jetpack_sharing_enabled":true,"jetpack_shortlink":"https:\/\/wp.me\/p9QtMr-2Iz","_links":{"self":[{"href":"https:\/\/infolanus.com\/index.php\/wp-json\/wp\/v2\/posts\/10451","targetHints":{"allow":["GET"]}}],"collection":[{"href":"https:\/\/infolanus.com\/index.php\/wp-json\/wp\/v2\/posts"}],"about":[{"href":"https:\/\/infolanus.com\/index.php\/wp-json\/wp\/v2\/types\/post"}],"author":[{"embeddable":true,"href":"https:\/\/infolanus.com\/index.php\/wp-json\/wp\/v2\/users\/2"}],"replies":[{"embeddable":true,"href":"https:\/\/infolanus.com\/index.php\/wp-json\/wp\/v2\/comments?post=10451"}],"version-history":[{"count":0,"href":"https:\/\/infolanus.com\/index.php\/wp-json\/wp\/v2\/posts\/10451\/revisions"}],"wp:featuredmedia":[{"embeddable":true,"href":"https:\/\/infolanus.com\/index.php\/wp-json\/wp\/v2\/media\/10452"}],"wp:attachment":[{"href":"https:\/\/infolanus.com\/index.php\/wp-json\/wp\/v2\/media?parent=10451"}],"wp:term":[{"taxonomy":"category","embeddable":true,"href":"https:\/\/infolanus.com\/index.php\/wp-json\/wp\/v2\/categories?post=10451"},{"taxonomy":"post_tag","embeddable":true,"href":"https:\/\/infolanus.com\/index.php\/wp-json\/wp\/v2\/tags?post=10451"}],"curies":[{"name":"wp","href":"https:\/\/api.w.org\/{rel}","templated":true}]}}