{"id":10575,"date":"2025-11-16T12:24:52","date_gmt":"2025-11-16T15:24:52","guid":{"rendered":"https:\/\/www.ambito.com\/c6214389"},"modified":"2025-11-16T12:24:52","modified_gmt":"2025-11-16T15:24:52","slug":"referendum-en-ecuador-jornada-clave-para-definir-una-posible-reforma-constitucional-y-el-regreso-de-bases-militares-extranjeras","status":"publish","type":"post","link":"https:\/\/infolanus.com\/index.php\/2025\/11\/16\/referendum-en-ecuador-jornada-clave-para-definir-una-posible-reforma-constitucional-y-el-regreso-de-bases-militares-extranjeras\/","title":{"rendered":"Refer\u00e9ndum en Ecuador: jornada clave para definir una posible reforma constitucional y el regreso de bases militares extranjeras"},"content":{"rendered":"<p><!-- { REGION4 --> <\/p>\n<header class=\"news-headline\" readability=\"2.3646723646724\">\n<div class=\"news-headline__topics-and-date-wrapper\"> <span class=\"news-headline__publication-date\"> 16 de noviembre 2025 &#8211; 12:24 <\/span><\/div>\n<h2 class=\"news-headline__article-summary\" readability=\"25\">\n<p data-start=\"147\" data-end=\"350\" class=\"ignore-parser\">Ecuador vota cuatro cambios impulsados por Noboa: nueva Constituci\u00f3n, bases militares extranjeras, reducci\u00f3n del Parlamento y fin del financiamiento estatal a partidos.<\/p>\n<\/h2>\n<\/header>\n<div class=\"detail-highlighted-multimedia content-protected-false\">\n<figure class=\"detail-highlighted-multimedia__figure\"> <img data-recalc-dims=\"1\" decoding=\"async\" src=\"https:\/\/i0.wp.com\/media.ambito.com\/p\/b4c5e9e688ea5489cd96af3adcd98ecc\/adjuntos\/239\/imagenes\/042\/953\/0042953361\/655x368\/smart\/ecuador-1.jpg?resize=640%2C360&#038;ssl=1\" class=\"detail-highlighted-multimedia__figure-img img-fluid\" alt=\"Autoridades electorales supervisan el proceso de consulta constitucional en Ecuador\" width=\"640\" height=\"360\" crossorigin=\"anonymous\" fetchpriority=\"high\" decode=\"async\"><figcaption class=\"detail-highlighted-multimedia__figcaption\" readability=\"-24\"> <\/figcaption><\/figure>\n<\/p><\/div>\n<article class=\"article-body article-body--first-paragraph content-protected-false\" data-td-script-src=\"https:\/\/www.ambito.com\/td\/modulos\/encuestas\/js\/function-embeds-min-version-1763265941.js\" readability=\"28.118032786885\">\n<p data-start=\"379\" data-end=\"680\">El electorado ecuatoriano comenz\u00f3 <strong>este domingo <\/strong>a votar en <a href=\"https:\/\/www.ambito.com\/mundo\/ecuador-daniel-noboa-busca-reformar-la-constitucion-e-impulsa-una-votacion-popular-y-un-referendum-n6213268\" target=\"_blank\" rel=\"follow\">un refer\u00e9ndum<\/a> que definir\u00e1 si avanza una <strong>reforma constitucional<\/strong> impulsada por el <a href=\"https:\/\/www.ambito.com\/politica\/jorge-macri-se-reunio-daniel-noboa-y-le-entrego-la-llave-la-ciudad-n6181358\" target=\"_blank\" rel=\"follow\">presidente Daniel Noboa<\/a>, quien propone habilitar <strong>bases militares extranjeras, reducir el Parlamento y eliminar el financiamiento estatal <\/strong>a los partidos pol\u00edticos.<\/p>\n<\/article>\n<article class=\"article-body article-body--second-paragraph content-protected-false\" readability=\"34\">\n<h2 data-start=\"682\" data-end=\"713\">Qu\u00e9 se vota en la consulta<\/h2>\n<p data-start=\"714\" data-end=\"1110\">M\u00e1s de <strong>13,9 millones de ecuatorianos <\/strong>est\u00e1n habilitados para responder <strong>cuatro preguntas <\/strong>que podr\u00edan reconfigurar el sistema pol\u00edtico. Entre ellas, la convocatoria a una <strong>Asamblea Constituyente <\/strong>que redacte una nueva carta magna y la posibilidad de <strong>permitir nuevamente bases militares extranjeras en el pa\u00eds<\/strong>, una prohibici\u00f3n vigente desde 2009, cuando Estados Unidos debi\u00f3 abandonar la base de Manta.<\/p>\n<\/article>\n<section class=\"related-news\"> <span class=\"related-news__title\">Informate m\u00e1s<\/span> <\/p>\n<div class=\"row row--eq-height\">\n<div class=\"col-12 col-md-6\">\n<article class=\"news-article news-article--landscape-news news-article--landscape-news\">\n<figure class=\"news-article__figure figure\"> <a href=\"https:\/\/www.ambito.com\/mundo\/nicolas-maduro-ordena-una-vigilia-permanente-el-avance-militar-eeuu-y-crece-la-tension-el-caribe-n6214367\" target title=\"\u00e1mbito.com | Nicol\u00e1s Maduro ordena una vigilia permanente ante el avance militar de EEUU y crece la tensi\u00f3n en el Caribe\" alt=\"\u00e1mbito.com | Nicol\u00e1s Maduro ordena una vigilia permanente ante el avance militar de EEUU y crece la tensi\u00f3n en el Caribe\" rel=\"noindex nofollow noreferrer\"> <img loading=\"lazy\" decoding=\"async\" src=\"https:\/\/www.ambito.com\/css-custom\/239\/lazy.svg\" data-td-src-property=\"https:\/\/media.ambito.com\/p\/657eed2f7c7115586d0bef78c505f085\/adjuntos\/239\/imagenes\/042\/695\/0042695006\/nicolas-maduro.jpg\" alt=\"Maduro orden\u00f3 movilizaci\u00f3n en seis estados ante maniobras militares de EEUU en el Caribe.\" title=\"Maduro orden\u00f3 movilizaci\u00f3n en seis estados ante maniobras militares de EEUU en el Caribe.\" width=\"93\" height=\"52\" class=\"news-article__figure-img figure-img img-fluid\"> <span class=\"news-article__media-badge news-article__media-badge--video\"><\/span><\/a> <\/figure>\n<\/article><\/div>\n<div class=\"col-12 col-md-6\">\n<article class=\"news-article news-article--landscape-news news-article--landscape-news\">\n<figure class=\"news-article__figure figure\"> <a href=\"https:\/\/www.ambito.com\/mundo\/elecciones-chile-jornada-votacion-clave-elegir-al-sucesor-gabriel-boric-n6214362\" target title=\"\u00e1mbito.com | Elecciones en Chile: jornada de votaci\u00f3n clave para elegir al sucesor de Gabriel Boric\" alt=\"\u00e1mbito.com | Elecciones en Chile: jornada de votaci\u00f3n clave para elegir al sucesor de Gabriel Boric\" rel=\"noindex nofollow noreferrer\"> <img loading=\"lazy\" decoding=\"async\" src=\"https:\/\/www.ambito.com\/css-custom\/239\/lazy.svg\" data-td-src-property=\"https:\/\/media.ambito.com\/p\/f2261fcec7815ecc0e4978ae9e88c562\/adjuntos\/239\/imagenes\/042\/949\/0042949676\/chile-elecciones.jpg\" alt=\"Las elecciones presidenciales y parlamentarias comenzaron en Chile con ocho candidatos en carrera y expectativa de balotaje.\" title=\"Las elecciones presidenciales y parlamentarias comenzaron en Chile con ocho candidatos en carrera y expectativa de balotaje.\" width=\"93\" height=\"52\" class=\"news-article__figure-img figure-img img-fluid\"> <\/a><\/figure>\n<\/article><\/div>\n<\/div>\n<\/section>\n<article class=\"article-body article-body--third-paragraph content-protected-false\" readability=\"35\">\n<figure id=\"7855047-Libre-1608395961_wrap\" class=\"embed_cont type_imagen\" contenteditable=\"false\" readability=\"3\">\n<p> daniel noboa presidente electo de Ecuador.jpg <span onclick=\"parent.parent.TinyMCETdcuerpo.preview_embed('7855047-Libre-1608395961')\" class=\"embed_colapse less\" id=\"7855047-Libre-1608395961_colapse\"><\/span> <span onclick=\"parent.parent.TinyMCETdcuerpo.delete_embed('7855047-Libre-1608395961')\" class=\"embed_delete less\" id=\"7855047-Libre-1608395961_delete\"><\/span><\/p>\n<div id=\"7855047-Libre-1608395961_content\" class=\"embed_content\"><img loading=\"lazy\" decoding=\"async\" src=\"https:\/\/www.ambito.com\/css-custom\/239\/lazy.svg\" data-td-src-property=\"https:\/\/media.ambito.com\/p\/93671dfe662e5ce4db8809ba5989a522\/adjuntos\/239\/imagenes\/041\/045\/0041045698\/730x0\/smart\/daniel-noboa-presidente-electo-ecuadorjpg.jpg\" alt=\"Noboa apuesta por modificar la Constituci&amp;oacute;n para enfrentar al crimen organizado &amp;nbsp;\" title=\"Noboa apuesta por modificar la Constituci&amp;oacute;n para enfrentar al crimen organizado &amp;nbsp;\" width=\"730\" height=\"410\" id=\"7855047-Libre-1608395961_embed\"><\/div><figcaption id=\"7855047-Libre-1608395961_epigrafe\" class=\"embed_epigrafe\" readability=\"2\">\n<p data-start=\"294\" data-end=\"375\"> Noboa apuesta por modificar la Constituci\u00f3n para enfrentar al crimen organizado<\/p>\n<\/figcaption><\/figure>\n<p data-start=\"1112\" data-end=\"1583\">Las otras dos preguntas buscan modificar la estructura del Estado: reducir la Asamblea Nacional de <strong>151 a 73 miembros <\/strong>y <strong>eliminar la financiaci\u00f3n p\u00fablica de los partidos pol\u00edticos<\/strong>, que pasar\u00edan a sostenerse \u00fanicamente con aportes privados. Para esta jornada se habilitaron <strong>4.463 centros de votaci\u00f3n<\/strong> en todo el pa\u00eds, abiertos desde las 7:00 hasta las 17:00 hora local, adem\u00e1s de centros en el exterior para<strong> 470.000 ecuatorianos<\/strong> residentes en Estados Unidos, Espa\u00f1a e Italia.<\/p>\n<\/article>\n<article class=\"article-body article-body--fourth-paragraph content-protected-false\" readability=\"30.409356725146\">\n<p data-start=\"1637\" data-end=\"1978\">Reelegido en abril hasta 2029, Noboa sostiene que la Constituci\u00f3n de 2008 (promovida por Rafael Correa) limita su capacidad para enfrentar al <a href=\"https:\/\/www.ambito.com\/mundo\/nuevos-ataques-explosivos-ecuador-danan-dos-puentes-y-agravan-la-crisis-violencia-el-pais-n6202550\" target=\"_blank\" rel=\"follow\">crimen organizado<\/a>, atraer inversiones y <strong>generar empleo<\/strong>. El detonante de su iniciativa fueron recientes fallos de la <strong>Corte Constitucional <\/strong>que anularon leyes clave por considerarlas inconstitucionales.<\/p>\n<\/article>\n<article class=\"article-body article-body--fifth-paragraph content-protected-false\" readability=\"29.353982300885\">\n<p data-start=\"1980\" data-end=\"2203\">En paralelo, el mandatario negocia con la administraci\u00f3n de <a href=\"https:\/\/www.ambito.com\/mundo\/escandalo-eeuu-donald-trump-paso-horas-una-las-victimas-jeffrey-epstein-segun-un-mail-n6212949\" target=\"_blank\" rel=\"follow\">Donald Trump<\/a> un acuerdo para que Estados Unidos instale <strong>dos bases militares en la costa ecuatoriana<\/strong>, recuperando presencia estrat\u00e9gica en el Pac\u00edfico sudamericano.<\/p>\n<\/article>\n<article class=\"article-body article-body--remaining-paragraph content-protected-false\" readability=\"54\">\n<figure id=\"8153782-Libre-517590272_wrap\" class=\"embed_cont type_imagen\" contenteditable=\"false\" readability=\"1\">\n<p> referendum-en-ecuador <span onclick=\"parent.parent.TinyMCETdcuerpo.preview_embed('8153782-Libre-517590272')\" class=\"embed_colapse less\" id=\"8153782-Libre-517590272_colapse\"><\/span> <span onclick=\"parent.parent.TinyMCETdcuerpo.delete_embed('8153782-Libre-517590272')\" class=\"embed_delete less\" id=\"8153782-Libre-517590272_delete\"><\/span><\/p>\n<div id=\"8153782-Libre-517590272_content\" class=\"embed_content\"><img loading=\"lazy\" decoding=\"async\" src=\"https:\/\/www.ambito.com\/css-custom\/239\/lazy.svg\" data-td-src-property=\"https:\/\/media.ambito.com\/p\/d3ce2cdd2d73c53a2208fe3334eb414a\/adjuntos\/239\/imagenes\/042\/953\/0042953400\/730x0\/smart\/referendum-en-ecuador.jpg\" alt=\"El gobierno defiende la transparencia del material electoral en medio de denuncias opositoras &amp;nbsp;\" title=\"El gobierno defiende la transparencia del material electoral en medio de denuncias opositoras &amp;nbsp;\" width=\"730\" height=\"410\" id=\"8153782-Libre-517590272_embed\"><\/div><figcaption id=\"8153782-Libre-517590272_epigrafe\" class=\"embed_epigrafe\" readability=\"2\">\n<p data-start=\"451\" data-end=\"546\"> El gobierno defiende la transparencia del material electoral en medio de denuncias opositoras<\/p>\n<\/figcaption><\/figure>\n<p data-start=\"2246\" data-end=\"2565\">La jornada cuenta con la supervisi\u00f3n de<strong> 781 observadores<\/strong>, entre ellos 41 internacionales pertenecientes en su mayor\u00eda a la Organizaci\u00f3n de Estados Americanos (OEA). En Ecuador el voto es <strong>optativo desde los 16 a\u00f1os, mientras que es obligatorio para quienes tengan entre 18 y 64<\/strong>, bajo multa de u$s47 por no sufragar.<\/p>\n<h2 data-start=\"2567\" data-end=\"2607\">La pol\u00e9mica de las \u201ctintas m\u00e1gicas\u201d<\/h2>\n<p data-start=\"2608\" data-end=\"2908\">La presidenta del Consejo Nacional Electoral (CNE), Diana Atamaint, desminti\u00f3 las acusaciones del expresidente Rafael Correa sobre un supuesto fraude. <strong>\u201cNo existen tintas m\u00e1gicas ni tintas que caminan\u201d, asegur\u00f3, al remarcar que los materiales se elaboraron \u201cbajo protocolos estrictos de seguridad y control\u201d.<\/strong><\/p>\n<figure id=\"8153784-Libre-805225690_wrap\" class=\"embed_cont type_imagen\" contenteditable=\"false\" readability=\"1\">\n<p> ecuador (2) <span onclick=\"parent.parent.TinyMCETdcuerpo.preview_embed('8153784-Libre-805225690')\" class=\"embed_colapse less\" id=\"8153784-Libre-805225690_colapse\"> <\/span> <span onclick=\"parent.parent.TinyMCETdcuerpo.delete_embed('8153784-Libre-805225690')\" class=\"embed_delete less\" id=\"8153784-Libre-805225690_delete\"><\/span><\/p>\n<div id=\"8153784-Libre-805225690_content\" class=\"embed_content\"><img loading=\"lazy\" decoding=\"async\" src=\"https:\/\/www.ambito.com\/css-custom\/239\/lazy.svg\" data-td-src-property=\"https:\/\/media.ambito.com\/p\/3944825c2bea5b9e86f124e4c5b9d2ba\/adjuntos\/239\/imagenes\/042\/953\/0042953414\/730x0\/smart\/ecuador-2.jpg\" alt=\"El CNE rechaza las acusaciones sobre &amp;ldquo;tintas m&amp;aacute;gicas&amp;rdquo; en las boletas. &amp;nbsp;\" title=\"El CNE rechaza las acusaciones sobre &amp;ldquo;tintas m&amp;aacute;gicas&amp;rdquo; en las boletas. &amp;nbsp;\" width=\"730\" height=\"407\" id=\"8153784-Libre-805225690_embed\"><\/div><figcaption id=\"8153784-Libre-805225690_epigrafe\" class=\"embed_epigrafe\" readability=\"2\">\n<p data-start=\"720\" data-end=\"792\"> El CNE rechaza las acusaciones sobre \u201ctintas m\u00e1gicas\u201d en las boletas.<\/p>\n<\/figcaption><\/figure>\n<p data-start=\"2910\" data-end=\"3211\">Correa sostiene sin pruebas que, en la segunda vuelta de abril, las papeletas conten\u00edan un compuesto qu\u00edmico que hac\u00eda que los votos de la candidata corre\u00edsta Luisa Gonz\u00e1lez se trasladaran a la casilla de Noboa. Atamaint respondi\u00f3:<strong> \u201cEso solo se escucha cuando la lengua le gana la carrera al cerebro\u201d.<\/strong><\/p>\n<p data-start=\"3213\" data-end=\"3444\">La titular del CNE enfatiz\u00f3 que la integridad electoral est\u00e1 garantizada y destac\u00f3 que \u201cla realidad soberana de un pueblo que se levanta convencido, sin miedo para expresar su voluntad\u201d prevalece sobre cualquier sospecha infundada.<\/p>\n<\/article>\n<p> <!-- REGION4 } --> <\/p>\n","protected":false},"excerpt":{"rendered":"<p>16 de noviembre 2025 &#8211; 12:24 Ecuador vota cuatro cambios impulsados por Noboa: nueva Constituci\u00f3n, bases militares extranjeras, reducci\u00f3n del Parlamento y fin del financiamiento estatal a partidos. El electorado ecuatoriano comenz\u00f3 este domingo a votar en un refer\u00e9ndum que definir\u00e1 si avanza una reforma constitucional impulsada por el presidente Daniel Noboa, quien propone habilitar [&hellip;]<\/p>\n","protected":false},"author":2,"featured_media":10576,"comment_status":"closed","ping_status":"closed","sticky":false,"template":"","format":"standard","meta":{"jetpack_post_was_ever_published":false,"_jetpack_newsletter_access":"","_jetpack_dont_email_post_to_subs":false,"_jetpack_newsletter_tier_id":0,"_jetpack_memberships_contains_paywalled_content":false,"_jetpack_memberships_contains_paid_content":false,"footnotes":"","jetpack_publicize_message":"","jetpack_publicize_feature_enabled":true,"jetpack_social_post_already_shared":true,"jetpack_social_options":{"image_generator_settings":{"template":"highway","enabled":false},"version":2}},"categories":[20],"tags":[],"class_list":["post-10575","post","type-post","status-publish","format-standard","has-post-thumbnail","hentry","category-mundo"],"jetpack_publicize_connections":[],"jetpack_featured_media_url":"https:\/\/i0.wp.com\/infolanus.com\/wp-content\/uploads\/2025\/11\/referendum-en-ecuador-jornada-clave-para-definir-una-posible-reforma-constitucional-y-el-regreso-de-bases-militares-extranjeras.jpg?fit=655%2C368&ssl=1","jetpack_sharing_enabled":true,"jetpack_shortlink":"https:\/\/wp.me\/p9QtMr-2Kz","_links":{"self":[{"href":"https:\/\/infolanus.com\/index.php\/wp-json\/wp\/v2\/posts\/10575","targetHints":{"allow":["GET"]}}],"collection":[{"href":"https:\/\/infolanus.com\/index.php\/wp-json\/wp\/v2\/posts"}],"about":[{"href":"https:\/\/infolanus.com\/index.php\/wp-json\/wp\/v2\/types\/post"}],"author":[{"embeddable":true,"href":"https:\/\/infolanus.com\/index.php\/wp-json\/wp\/v2\/users\/2"}],"replies":[{"embeddable":true,"href":"https:\/\/infolanus.com\/index.php\/wp-json\/wp\/v2\/comments?post=10575"}],"version-history":[{"count":0,"href":"https:\/\/infolanus.com\/index.php\/wp-json\/wp\/v2\/posts\/10575\/revisions"}],"wp:featuredmedia":[{"embeddable":true,"href":"https:\/\/infolanus.com\/index.php\/wp-json\/wp\/v2\/media\/10576"}],"wp:attachment":[{"href":"https:\/\/infolanus.com\/index.php\/wp-json\/wp\/v2\/media?parent=10575"}],"wp:term":[{"taxonomy":"category","embeddable":true,"href":"https:\/\/infolanus.com\/index.php\/wp-json\/wp\/v2\/categories?post=10575"},{"taxonomy":"post_tag","embeddable":true,"href":"https:\/\/infolanus.com\/index.php\/wp-json\/wp\/v2\/tags?post=10575"}],"curies":[{"name":"wp","href":"https:\/\/api.w.org\/{rel}","templated":true}]}}