{"id":10587,"date":"2025-11-18T17:50:56","date_gmt":"2025-11-18T20:50:56","guid":{"rendered":"https:\/\/infolanus.com\/index.php\/2025\/11\/18\/aprevide-aflojo-y-racing-festeja-se-levanto-la-sancion-y-recibira-a-river-con-publico\/"},"modified":"2025-11-18T17:50:56","modified_gmt":"2025-11-18T20:50:56","slug":"aprevide-aflojo-y-racing-festeja-se-levanto-la-sancion-y-recibira-a-river-con-publico","status":"publish","type":"post","link":"https:\/\/infolanus.com\/index.php\/2025\/11\/18\/aprevide-aflojo-y-racing-festeja-se-levanto-la-sancion-y-recibira-a-river-con-publico\/","title":{"rendered":"Aprevide afloj\u00f3 y Racing festeja: se levant\u00f3 la sanci\u00f3n y recibir\u00e1 a River con p\u00fablico"},"content":{"rendered":"<div class=\"media_block\"><\/div>\n<p>Los duelos por l<a target=\"_blank\" href=\"https:\/\/442.perfil.com\/noticias\/futbol\/clausura-2025-clasificados-playoffs.phtml\"><strong>os octavos de final del Torneo Clausura ya fueron confirmados<\/strong><\/a>, y uno de los que m\u00e1s llama la atenci\u00f3n es el picante <strong><a target=\"_blank\" href=\"https:\/\/442.perfil.com\/noticias\/futbol\/el-river-de-marcelo-gallardo-y-las-buenas-sensaciones-ante-racing.phtml\">Racing vs. River<\/a>,<\/strong> que se disputar\u00e1 el pr\u00f3ximo lunes a partir de las 19:15 horas.<\/p>\n<p>Para este cotejo se pretend\u00eda un Cilindro de Avellaneda sin p\u00fablico debido a la sanci\u00f3n que la Agencia de Prevenci\u00f3n de Violencia en el Deporte le aplic\u00f3 a La Academia por el show de pirotecnia que se realiz\u00f3 en la previa del partido ante Flamengo por la Copa Libertadores.<strong> Sin embargo, este martes la sanci\u00f3n fue levantada.<\/strong><\/p>\n<p class=\"destacadoNota\"><a target=\"_blank\" href=\"https:\/\/442.perfil.com\/noticias\/futbol\/clausura-2025-clasificados-playoffs.phtml\">D\u00edas, horarios y cruces para los Playoffs del Torneo Clausura 2025<\/a><\/p>\n<div>\n<figure class=\"image\"><img data-recalc-dims=\"1\" decoding=\"async\" alt=\"cilindro\" height=\"344\" src=\"https:\/\/i0.wp.com\/fotos.perfil.com\/\/\/2024\/11\/23\/900\/0\/cilindro-de-avellaneda-1917503.jpg?resize=640%2C344&#038;ssl=1\" width=\"640\" loading=\"lazy\"><figcaption>Cilindro de Avellaneda<\/figcaption><\/figure>\n<\/div>\n<p>Seg\u00fan trascendi\u00f3 en las \u00faltimas horas, el presidente de la instituci\u00f3n, Diego Milito, mantuvo una reuni\u00f3n clave en la AFA y <strong>Aprevide&nbsp;decidi\u00f3 levantar la sanci\u00f3n al estadio, por lo que finalmente habr\u00e1 p\u00fablico en el recinto.<\/strong><\/p>\n<p>En aquella reuni\u00f3n tambi\u00e9n particip\u00f3 el titular de la agencia, donde se resolvi\u00f3 que el lunes los fan\u00e1ticos podr\u00e1n regresar al Estadio Presidente Per\u00f3n,<strong> aunque sin la presencia de banderas ni instrumentos.<\/strong><\/p>\n<h2>\u00bfCu\u00e1l era la sanci\u00f3n que la Aprevide le hab\u00eda aplicado a Racing?<\/h2>\n<p>El pasado 29 de octubre, Racing se enfrent\u00f3 al Flamengo por la vuelta de las semifinales de la Copa Libertadores y en la previa, los fan\u00e1ticos recibieron a los jugadores con pirotecnia de todo tipo.<\/p>\n<p>En ese sentido, la Agencia de Prevenci\u00f3n de la Violencia en el Deporte le hab\u00eda aplicado&nbsp;una&nbsp;<strong>sanci\u00f3n ejemplar<\/strong>&nbsp;al club: el estadio Presidente Per\u00f3n deb\u00eda permanecer&nbsp;<strong>clausurado por los pr\u00f3ximos tres partidos como local<\/strong>, y Racing deber\u00eda haberlos&nbsp;<strong>disputados&nbsp;a puertas cerradas<\/strong>.<\/p>\n<p>La Academia cumpli\u00f3 con una de esas fechas cuando recibi\u00f3 a Defensa y Justicia, pero este martes todo dio marcha atr\u00e1s y la sanci\u00f3n fue levantada.<\/p>\n<p>FMZ<\/p>\n<p> <!-- tags --> <\/p>\n","protected":false},"excerpt":{"rendered":"<p>Los duelos por los octavos de final del Torneo Clausura ya fueron confirmados, y uno de los que m\u00e1s llama la atenci\u00f3n es el picante Racing vs. River, que se disputar\u00e1 el pr\u00f3ximo lunes a partir de las 19:15 horas. Para este cotejo se pretend\u00eda un Cilindro de Avellaneda sin p\u00fablico debido a la sanci\u00f3n [&hellip;]<\/p>\n","protected":false},"author":2,"featured_media":10588,"comment_status":"closed","ping_status":"closed","sticky":false,"template":"","format":"standard","meta":{"jetpack_post_was_ever_published":false,"_jetpack_newsletter_access":"","_jetpack_dont_email_post_to_subs":false,"_jetpack_newsletter_tier_id":0,"_jetpack_memberships_contains_paywalled_content":false,"_jetpack_memberships_contains_paid_content":false,"footnotes":"","jetpack_publicize_message":"","jetpack_publicize_feature_enabled":true,"jetpack_social_post_already_shared":true,"jetpack_social_options":{"image_generator_settings":{"template":"highway","enabled":false},"version":2}},"categories":[17],"tags":[],"class_list":["post-10587","post","type-post","status-publish","format-standard","has-post-thumbnail","hentry","category-deportes"],"jetpack_publicize_connections":[],"jetpack_featured_media_url":"https:\/\/i0.wp.com\/infolanus.com\/wp-content\/uploads\/2025\/11\/aprevide-aflojo-y-racing-festeja-se-levanto-la-sancion-y-recibira-a-river-con-publico.jpg?fit=900%2C485&ssl=1","jetpack_sharing_enabled":true,"jetpack_shortlink":"https:\/\/wp.me\/p9QtMr-2KL","_links":{"self":[{"href":"https:\/\/infolanus.com\/index.php\/wp-json\/wp\/v2\/posts\/10587","targetHints":{"allow":["GET"]}}],"collection":[{"href":"https:\/\/infolanus.com\/index.php\/wp-json\/wp\/v2\/posts"}],"about":[{"href":"https:\/\/infolanus.com\/index.php\/wp-json\/wp\/v2\/types\/post"}],"author":[{"embeddable":true,"href":"https:\/\/infolanus.com\/index.php\/wp-json\/wp\/v2\/users\/2"}],"replies":[{"embeddable":true,"href":"https:\/\/infolanus.com\/index.php\/wp-json\/wp\/v2\/comments?post=10587"}],"version-history":[{"count":0,"href":"https:\/\/infolanus.com\/index.php\/wp-json\/wp\/v2\/posts\/10587\/revisions"}],"wp:featuredmedia":[{"embeddable":true,"href":"https:\/\/infolanus.com\/index.php\/wp-json\/wp\/v2\/media\/10588"}],"wp:attachment":[{"href":"https:\/\/infolanus.com\/index.php\/wp-json\/wp\/v2\/media?parent=10587"}],"wp:term":[{"taxonomy":"category","embeddable":true,"href":"https:\/\/infolanus.com\/index.php\/wp-json\/wp\/v2\/categories?post=10587"},{"taxonomy":"post_tag","embeddable":true,"href":"https:\/\/infolanus.com\/index.php\/wp-json\/wp\/v2\/tags?post=10587"}],"curies":[{"name":"wp","href":"https:\/\/api.w.org\/{rel}","templated":true}]}}