{"id":10589,"date":"2025-11-19T09:11:00","date_gmt":"2025-11-19T12:11:00","guid":{"rendered":"https:\/\/www.ambito.com\/c6215428"},"modified":"2025-11-19T09:11:00","modified_gmt":"2025-11-19T12:11:00","slug":"murieron-cinco-turistas-en-la-patagonia-de-chile-tras-quedar-atrapados-por-un-brutal-temporal","status":"publish","type":"post","link":"https:\/\/infolanus.com\/index.php\/2025\/11\/19\/murieron-cinco-turistas-en-la-patagonia-de-chile-tras-quedar-atrapados-por-un-brutal-temporal\/","title":{"rendered":"Murieron cinco turistas en la Patagonia de Chile tras quedar atrapados por un brutal temporal"},"content":{"rendered":"<p><!-- { REGION4 --> <\/p>\n<header class=\"news-headline\" readability=\"1.8210862619808\">\n<div class=\"news-headline__topics-and-date-wrapper\"> <span class=\"news-headline__publication-date\"> 19 de noviembre 2025 &#8211; 09:11 <\/span><\/div>\n<h2 class=\"news-headline__article-summary\" readability=\"24\">\n<p class=\"ignore-parser\">Dos mexicanos y tres europeos fallecieron en una de las rutas m\u00e1s peligrosas del parque chileno, mientras otros cuatro visitantes fueron rescatados con vida.<\/p>\n<\/h2>\n<\/header>\n<div class=\"detail-highlighted-multimedia content-protected-false\">\n<figure class=\"detail-highlighted-multimedia__figure\"> <img data-recalc-dims=\"1\" decoding=\"async\" src=\"https:\/\/i0.wp.com\/media.ambito.com\/p\/966437e5d5732a4b0ca766ae4385ebc5\/adjuntos\/239\/imagenes\/042\/837\/0042837050\/655x368\/smart\/patagonia-chilena.jpeg?resize=640%2C426&#038;ssl=1\" class=\"detail-highlighted-multimedia__figure-img img-fluid\" alt=\"El temporal sorprendi\u00f3 al grupo en una de las rutas m\u00e1s exigentes del parque.\" width=\"640\" height=\"426\" crossorigin=\"anonymous\" fetchpriority=\"high\" decode=\"async\"><figcaption class=\"detail-highlighted-multimedia__figcaption\" readability=\"-24\"> <\/figcaption><\/figure>\n<\/p><\/div>\n<article class=\"article-body article-body--first-paragraph content-protected-false\" data-td-script-src=\"https:\/\/www.ambito.com\/td\/modulos\/encuestas\/js\/function-embeds-min-version-1763525210.js\" readability=\"28.717791411043\">\n<p data-start=\"554\" data-end=\"873\">Al menos <strong>cinco turistas murieron en el Parque Nacional Torres del Paine<\/strong> despu\u00e9s de que <a href=\"https:\/\/www.ambito.com\/informacion-general\/temporal-santa-cruz-tres-barcos-pesqueros-se-hundieron-el-viento-extremo-n6214832\" target=\"_blank\" rel=\"follow\">un temporal sorprendiera<\/a> a un grupo de <strong>nueve visitantes<\/strong> que recorr\u00eda una zona monta\u00f1osa de dif\u00edcil acceso. La Delegaci\u00f3n Presidencial de Magallanes confirm\u00f3 el fallecimiento de <strong>dos ciudadanos mexicanos, dos alemanes y una brit\u00e1nica.<\/strong><\/p>\n<\/article>\n<article class=\"article-body article-body--second-paragraph content-protected-false\" readability=\"32\">\n<p data-start=\"951\" data-end=\"1222\">Todos pertenec\u00edan al grupo que hab\u00eda sido <strong>reportado como desaparecido el lunes<\/strong>, lo que deriv\u00f3 en un operativo de b\u00fasqueda urgente. Las autoridades informaron que los <strong>cuatro sobrevivientes <\/strong>fueron hallados con vida y que, tras su rescate, la operaci\u00f3n se dio por concluida.<\/p>\n<\/article>\n<section class=\"related-news\"> <span class=\"related-news__title\">Informate m\u00e1s<\/span> <\/p>\n<div class=\"row row--eq-height\">\n<div class=\"col-12 col-md-6\">\n<article class=\"news-article news-article--landscape-news news-article--landscape-news\">\n<figure class=\"news-article__figure figure\"> <a href=\"https:\/\/www.ambito.com\/mundo\/chile-quienes-son-jeannette-jara-y-jose-antonio-kast-los-candidatos-la-presidencia-n6214513\" target title=\"\u00e1mbito.com | Chile: qui\u00e9nes son Jara y Kast, los candidatos a la presidencia\" alt=\"\u00e1mbito.com | Chile: qui\u00e9nes son Jara y Kast, los candidatos a la presidencia\" rel=\"noindex nofollow noreferrer\"> <img loading=\"lazy\" decoding=\"async\" src=\"https:\/\/www.ambito.com\/css-custom\/239\/lazy.svg\" data-td-src-property=\"https:\/\/media.ambito.com\/p\/597cd6bc6924ed435d98cb49d47c29c4\/adjuntos\/239\/imagenes\/042\/944\/0042944171\/93x52\/smart\/jeannette-jara-y-jose-antonio-kast-chile.jpg\" alt=\"Jos\u00e9 Antonio Kast y Jeannette Jara ir\u00e1n por la presidencia de Chile el 14 de diciembre.\" title=\"Jos\u00e9 Antonio Kast y Jeannette Jara ir\u00e1n por la presidencia de Chile el 14 de diciembre.\" width=\"93\" height=\"52\" class=\"news-article__figure-img figure-img img-fluid\"> <\/a><\/figure>\n<\/article><\/div>\n<div class=\"col-12 col-md-6\">\n<article class=\"news-article news-article--landscape-news news-article--landscape-news\">\n<figure class=\"news-article__figure figure\"> <a href=\"https:\/\/www.ambito.com\/mundo\/elecciones-chile-jornada-votacion-clave-elegir-al-sucesor-gabriel-boric-n6214362\" target title=\"\u00e1mbito.com | Chile: Jara se impuso sobre Kast por escaso margen y habr\u00e1&nbsp;segunda&nbsp;vuelta\" alt=\"\u00e1mbito.com | Chile: Jara se impuso sobre Kast por escaso margen y habr\u00e1&nbsp;segunda&nbsp;vuelta\" rel=\"noindex nofollow noreferrer\"> <img loading=\"lazy\" decoding=\"async\" src=\"https:\/\/www.ambito.com\/css-custom\/239\/lazy.svg\" data-td-src-property=\"https:\/\/media.ambito.com\/p\/fda708392c5775d0ea49929d3a25f63b\/adjuntos\/239\/imagenes\/042\/954\/0042954029\/93x52\/smart\/kast-jara.jpg\" alt=\"Jos\u00e9 Antonio Kast y Jeannette Jara se enfrentar\u00e1n en el balotaje del 14 de diciembre.\" title=\"Jos\u00e9 Antonio Kast y Jeannette Jara se enfrentar\u00e1n en el balotaje del 14 de diciembre.\" width=\"93\" height=\"52\" class=\"news-article__figure-img figure-img img-fluid\"> <\/a><\/figure>\n<\/article><\/div>\n<\/div>\n<\/section>\n<article class=\"article-body article-body--third-paragraph content-protected-false\" readability=\"32\">\n<p data-start=\"1224\" data-end=\"1509\">Los excursionistas realizaban el <strong>circuito del sector Los Perros<\/strong>, una de las rutas m\u00e1s exigentes del parque, donde las condiciones clim\u00e1ticas se volvieron extremas: una fuerte nevada cubri\u00f3 la zona y los vientos alcanzaron casi los<strong> 200 km\/h, imposibilitando la continuidad del trekking.<\/strong><\/p>\n<\/article>\n<article class=\"article-body article-body--fourth-paragraph content-protected-false\" readability=\"30.661596958175\">\n<figure id=\"8058561-Libre-1880896660_wrap\" class=\"embed_cont type_imagen\" contenteditable=\"false\" readability=\"3\">\n<p>1743770812876-chilewebp (1).png <span onclick=\"parent.parent.TinyMCETdcuerpo.preview_embed('8058561-Libre-1880896660')\" class=\"embed_colapse less\" id=\"8058561-Libre-1880896660_colapse\"> <\/span> <span onclick=\"parent.parent.TinyMCETdcuerpo.delete_embed('8058561-Libre-1880896660')\" class=\"embed_delete less\" id=\"8058561-Libre-1880896660_delete\"><\/span><\/p>\n<div id=\"8058561-Libre-1880896660_content\" class=\"embed_content\"><img loading=\"lazy\" decoding=\"async\" src=\"https:\/\/www.ambito.com\/css-custom\/239\/lazy.svg\" data-td-src-property=\"https:\/\/media.ambito.com\/p\/5147b4a0efbfbd8cd92ecd6a98a14bf3\/adjuntos\/239\/imagenes\/042\/317\/0042317191\/730x0\/smart\/1743770812876-chilewebp-1png.png\" alt=\"Los vientos llegaron a casi 200 km\/h y la nevada complic\u00f3 el rescate. \" title=\"Los vientos llegaron a casi 200 km\/h y la nevada complic\u00f3 el rescate. \" width=\"730\" height=\"486\" id=\"8058561-Libre-1880896660_embed\"><\/div><figcaption id=\"8058561-Libre-1880896660_epigrafe\" class=\"embed_epigrafe\" readability=\"2\">\n<p data-start=\"224\" data-end=\"295\"> Los vientos llegaron a casi 200 km\/h y la nevada complic\u00f3 el rescate.<\/p>\n<\/figcaption><\/figure>\n<h2 data-start=\"1511\" data-end=\"1583\">Repatriaci\u00f3n de los cuerpos y operativo a\u00e9reo condicionado al clima<\/h2>\n<p data-start=\"1584\" data-end=\"1927\">Las autoridades iniciaron los tr\u00e1mites con los organismos diplom\u00e1ticos correspondientes para<strong> repatriar los cuerpos de las cinco v\u00edctimas.<\/strong> La Fiscal\u00eda autoriz\u00f3 el traslado y se puso en marcha un operativo de evacuaci\u00f3n que priorizar\u00e1 el uso de helic\u00f3pteros de la <a href=\"https:\/\/www.ambito.com\/mundo\/elecciones-chile-jornada-votacion-clave-elegir-al-sucesor-gabriel-boric-n6214362\" target=\"_blank\" rel=\"follow\">Fuerza A\u00e9rea de Chile<\/a>, siempre que las condiciones meteorol\u00f3gicas permitan volar.<\/p>\n<\/article>\n<article class=\"article-body article-body--fifth-paragraph content-protected-false\" readability=\"31\">\n<p data-start=\"1929\" data-end=\"2169\">El presidente chileno, Gabriel Boric, expres\u00f3 su solidaridad con los familiares a trav\u00e9s de un mensaje publicado en X: <strong data-start=\"2048\" data-end=\"2168\">\u201cSepan que cuentan con toda la colaboraci\u00f3n de las autoridades e instituciones chilenas en estos dif\u00edciles momentos\u201d<\/strong>.<\/p>\n<\/article>\n<article class=\"article-body article-body--remaining-paragraph content-protected-false\" readability=\"48.049747048904\">\n<h2 data-start=\"2171\" data-end=\"2227\">Una ruta para expertos en un parque de fama mundial<\/h2>\n<p data-start=\"2228\" data-end=\"2493\">El tramo donde ocurri\u00f3 la tragedia es considerado uno de los m\u00e1s complejos del parque debido a la <strong>combinaci\u00f3n de terreno inestable y clima impredecible<\/strong>. Seg\u00fan la agencia EFE, solo se recomienda para senderistas con amplia experiencia y excelente preparaci\u00f3n f\u00edsica.<\/p>\n<figure id=\"8154965-Libre-146817569_wrap\" class=\"embed_cont type_imagen\" contenteditable=\"false\" readability=\"1\">\n<p>patagonia de chile <span onclick=\"parent.parent.TinyMCETdcuerpo.preview_embed('8154965-Libre-146817569')\" class=\"embed_colapse less\" id=\"8154965-Libre-146817569_colapse\"><\/span> <span onclick=\"parent.parent.TinyMCETdcuerpo.delete_embed('8154965-Libre-146817569')\" class=\"embed_delete less\" id=\"8154965-Libre-146817569_delete\"><\/span><\/p>\n<div id=\"8154965-Libre-146817569_content\" class=\"embed_content\"><img loading=\"lazy\" decoding=\"async\" src=\"https:\/\/www.ambito.com\/css-custom\/239\/lazy.svg\" data-td-src-property=\"https:\/\/media.ambito.com\/p\/49929c81865110744e92e26a239e3aa1\/adjuntos\/239\/imagenes\/042\/961\/0042961425\/730x0\/smart\/patagonia-chile.jpg\" alt=\"El gobierno chileno gestiona la repatriaci\u00f3n de los cuerpos junto a los pa\u00edses de origen.\" title=\"El gobierno chileno gestiona la repatriaci\u00f3n de los cuerpos junto a los pa\u00edses de origen.\" width=\"730\" height=\"486\" id=\"8154965-Libre-146817569_embed\"><\/div><figcaption id=\"8154965-Libre-146817569_epigrafe\" class=\"embed_epigrafe\" readability=\"2\">\n<p data-start=\"376\" data-end=\"465\" data-is-last-node> El gobierno chileno gestiona la repatriaci\u00f3n de los cuerpos junto a los pa\u00edses de origen.<\/p>\n<\/figcaption><p>X: @AgendaVesp42778<\/p>\n<\/figure>\n<p data-start=\"2495\" data-end=\"2852\">Torres del Paine, ubicado entre la <a href=\"https:\/\/www.ambito.com\/energia\/luis-lucero-volo-la-cordillera-los-andes-visitar-el-proyecto-cobre-los-azules-n6135429\" target=\"_blank\" rel=\"follow\">Cordillera de los Andes<\/a> y la estepa patag\u00f3nica, a 60 kil\u00f3metros de Puerto Natales, es uno de los<strong> enclaves naturales m\u00e1s emblem\u00e1ticos de Chile<\/strong>. Sus cumbres, r\u00edos, lagos y glaciares atraen a cientos de miles de visitantes cada a\u00f1o: solo en la temporada <strong>2024-2025 ingresaron 380.000 personas<\/strong>, la mayor\u00eda turistas extranjeros.<\/p>\n<p data-start=\"2911\" data-end=\"3274\">El prestigio internacional del lugar no es nuevo. En 2013, la revista<strong> National Geographic <\/strong>lo ubic\u00f3 entre los <strong>cinco sitios m\u00e1s hermosos del planeta <\/strong>y el portal Virtual Tourist lo destac\u00f3 como la <strong>octava maravilla del mundo<\/strong>. Su espectacular belleza, sin embargo, convive con desaf\u00edos naturales extremos que pueden resultar letales para quienes no est\u00e9n preparados.<\/p>\n<\/article>\n<p> <!-- REGION4 } --> <\/p>\n","protected":false},"excerpt":{"rendered":"<p>19 de noviembre 2025 &#8211; 09:11 Dos mexicanos y tres europeos fallecieron en una de las rutas m\u00e1s peligrosas del parque chileno, mientras otros cuatro visitantes fueron rescatados con vida. Al menos cinco turistas murieron en el Parque Nacional Torres del Paine despu\u00e9s de que un temporal sorprendiera a un grupo de nueve visitantes que [&hellip;]<\/p>\n","protected":false},"author":2,"featured_media":10590,"comment_status":"closed","ping_status":"closed","sticky":false,"template":"","format":"standard","meta":{"jetpack_post_was_ever_published":false,"_jetpack_newsletter_access":"","_jetpack_dont_email_post_to_subs":false,"_jetpack_newsletter_tier_id":0,"_jetpack_memberships_contains_paywalled_content":false,"_jetpack_memberships_contains_paid_content":false,"footnotes":"","jetpack_publicize_message":"","jetpack_publicize_feature_enabled":true,"jetpack_social_post_already_shared":true,"jetpack_social_options":{"image_generator_settings":{"template":"highway","enabled":false},"version":2}},"categories":[20],"tags":[],"class_list":["post-10589","post","type-post","status-publish","format-standard","has-post-thumbnail","hentry","category-mundo"],"jetpack_publicize_connections":[],"jetpack_featured_media_url":"https:\/\/i0.wp.com\/infolanus.com\/wp-content\/uploads\/2025\/11\/murieron-cinco-turistas-en-la-patagonia-de-chile-tras-quedar-atrapados-por-un-brutal-temporal.jpg?fit=655%2C368&ssl=1","jetpack_sharing_enabled":true,"jetpack_shortlink":"https:\/\/wp.me\/p9QtMr-2KN","_links":{"self":[{"href":"https:\/\/infolanus.com\/index.php\/wp-json\/wp\/v2\/posts\/10589","targetHints":{"allow":["GET"]}}],"collection":[{"href":"https:\/\/infolanus.com\/index.php\/wp-json\/wp\/v2\/posts"}],"about":[{"href":"https:\/\/infolanus.com\/index.php\/wp-json\/wp\/v2\/types\/post"}],"author":[{"embeddable":true,"href":"https:\/\/infolanus.com\/index.php\/wp-json\/wp\/v2\/users\/2"}],"replies":[{"embeddable":true,"href":"https:\/\/infolanus.com\/index.php\/wp-json\/wp\/v2\/comments?post=10589"}],"version-history":[{"count":0,"href":"https:\/\/infolanus.com\/index.php\/wp-json\/wp\/v2\/posts\/10589\/revisions"}],"wp:featuredmedia":[{"embeddable":true,"href":"https:\/\/infolanus.com\/index.php\/wp-json\/wp\/v2\/media\/10590"}],"wp:attachment":[{"href":"https:\/\/infolanus.com\/index.php\/wp-json\/wp\/v2\/media?parent=10589"}],"wp:term":[{"taxonomy":"category","embeddable":true,"href":"https:\/\/infolanus.com\/index.php\/wp-json\/wp\/v2\/categories?post=10589"},{"taxonomy":"post_tag","embeddable":true,"href":"https:\/\/infolanus.com\/index.php\/wp-json\/wp\/v2\/tags?post=10589"}],"curies":[{"name":"wp","href":"https:\/\/api.w.org\/{rel}","templated":true}]}}