{"id":10591,"date":"2025-11-19T15:12:28","date_gmt":"2025-11-19T18:12:28","guid":{"rendered":"https:\/\/infolanus.com\/index.php\/2025\/11\/19\/el-explosivo-informe-de-gariano-y-la-firme-respuesta-de-kudelka\/"},"modified":"2025-11-19T15:12:28","modified_gmt":"2025-11-19T18:12:28","slug":"el-explosivo-informe-de-gariano-y-la-firme-respuesta-de-kudelka","status":"publish","type":"post","link":"https:\/\/infolanus.com\/index.php\/2025\/11\/19\/el-explosivo-informe-de-gariano-y-la-firme-respuesta-de-kudelka\/","title":{"rendered":"El explosivo informe de Gariano y la firme respuesta de Kudelka"},"content":{"rendered":"<div class=\"media_block\"><\/div>\n<p>El empate 1-1 entre <strong><a target=\"_blank\" href=\"http:\/\/https:\/\/442.perfil.com\/noticias\/futbol\/dos-penales-escandalosos-y-un-final-caliente-barracas-central-empato-con-huracan-y-avanzo-entre-polemicas.phtml\">Barracas Central y Hurac\u00e1n<\/a> <\/strong>en el estadio Claudio Tapia no solo defini\u00f3 la eliminaci\u00f3n del Globo del Torneo Clausura y su adi\u00f3s a la Copa Sudamericana 2026: tambi\u00e9n desat\u00f3 uno de los esc\u00e1ndalos arbitrales m\u00e1s fuertes del \u00faltimo tiempo.<\/p>\n<p>La actuaci\u00f3n de<strong> Andr\u00e9s Gariano<\/strong>, muy criticada por sus dos penales sancionados a favor del local mediante el VAR \u2014uno por una mano que los jugadores consideraron pegada al cuerpo\u2014, encendi\u00f3 la furia de todo el plantel de Parque de los Patricios.<\/p>\n<p>Apenas terminado el partido, futbolistas de Hurac\u00e1n encararon al \u00e1rbitro con insultos y acusaciones: \u201c\u00bfC\u00f3mo hac\u00e9s para dormir tranquilo?\u201d, \u201cte metiste con la comida de mi familia\u201d, se escuch\u00f3 en medio del tumulto. El clima se rompi\u00f3 por completo cuando intervino el director t\u00e9cnico <a target=\"_blank\" href=\"https:\/\/442.perfil.com\/noticias\/futbol\/huracan-y-san-martin-se-quedan-sin-dt-tras-un-torneo-clausura-demoledor.phtml\"><strong>Frank Dar\u00edo Kudelka<\/strong><\/a>, tambi\u00e9n indignado por el arbitraje.<\/p>\n<h2><strong>El cruce entre Kudelka y Gariano<\/strong><\/h2>\n<p>En el campo de juego, la discusi\u00f3n escal\u00f3 r\u00e1pidamente. Seg\u00fan inform\u00f3 <em>El Gr\u00e1fico<\/em>, Gariano sentenci\u00f3 en su informe oficial el DT le grit\u00f3: <strong>\u201cLo que hicieron ustedes hoy no tiene verg\u00fcenza, es un desastre\u201d.<\/strong> Minutos despu\u00e9s, siempre seg\u00fan el \u00e1rbitro, Kudelka habr\u00eda regresado con una amenaza directa: <em>\u201c<\/em><strong>Ahora te voy a ir a buscar al vestuario\u2026 lo arreglamos como hombres. Tu familia y tu hijo se merecen que les pase una desgracia\u201d.<\/strong><\/p>\n<p>Esa \u00faltima frase es la que, de acuerdo al informe, desat\u00f3 la respuesta del \u00e1rbitro: <strong>\u201cVamos a hablar y te voy a romper todo\u201d<\/strong>, una contestaci\u00f3n que tambi\u00e9n fue registrada y que derivar\u00e1 en la evaluaci\u00f3n disciplinaria correspondiente.<\/p>\n<p>Kudelka aparece como expulsado \u201cdespu\u00e9s del partido\u201d por <strong>\u201cconducta inadecuada dentro del banco\u201d.<\/strong><\/p>\n<p class=\"destacadoNota\"><a target=\"_blank\" href=\"http:\/\/https:\/\/442.perfil.com\/noticias\/futbol\/te-voy-a-romper-todo-el-tenso-cara-a-cara-entre-kudelka-y-gariano-en-barracas-centralhuracan.phtml\">\u201cTe voy a romper todo\u201d: el tenso cara a cara entre Kudelka y Gariano en Barracas Central\u2013Hurac\u00e1n<\/a><\/p>\n<h2><strong>M\u00e1s expulsados y acusaciones<\/strong><\/h2>\n<p>El informe de Gariano tambi\u00e9n incluye a dos integrantes del staff de Hurac\u00e1n:<\/p>\n<ul readability=\"4\">\n<li readability=\"4\">\n<p><strong>Mariano Lisanti (Preparador F\u00edsico)<\/strong>: expulsado por \u201cagresi\u00f3n a un \u00e1rbitro\u201d. El \u00e1rbitro detall\u00f3 que Lisanti le dijo: <em>\u201c<\/em>Todo el partido nos bombeaste, ladr\u00f3n de mierda\u201d, y luego lo golpe\u00f3 \u201cpecho a pecho\u201d, siendo retirado por miembros del plantel.<\/p>\n<\/li>\n<li readability=\"4\">\n<p><strong>Sebasti\u00e1n Perazzo (Oficial de Seguridad)<\/strong>: expulsado por \u201cconducta inadecuada dentro del banco\u201d, con insultos registrados: \u201cMala leche, nos robaste todo el partido vos y los del VAR\u2026 sinverg\u00fcenzas, ladrones\u201d.<\/p>\n<\/li>\n<\/ul>\n<p>El documento arbitral ser\u00e1 clave para las sanciones que eval\u00faa la AFA en un cierre de torneo marcado por la pol\u00e9mica.<\/p>\n<h2><strong>La respuesta de Kudelka sobre el informe de Gariano<\/strong><\/h2>\n<p>Consultado por <em>El Gr\u00e1fico<\/em>, el entrenador de Hurac\u00e1n ofreci\u00f3 una declaraci\u00f3n breve pero contundente:&nbsp;<strong>\u201cNo quiero entrar en pol\u00e9micas, pero desmiento totalmente lo que informa Gariano. No le dije eso de ninguna manera\u201d.<\/strong><\/p>\n<p>Kudelka no agreg\u00f3 m\u00e1s comentarios, aunque fuentes cercanas al cuerpo t\u00e9cnico aseguran que el DT est\u00e1 dispuesto a presentar su versi\u00f3n ante el Tribunal de Disciplina.<\/p>\n<div>\n<figure class=\"image\"><img data-recalc-dims=\"1\" decoding=\"async\" alt=\"Kudelka\" src=\"https:\/\/i0.wp.com\/fotos.perfil.com\/\/2025\/05\/19\/900\/0\/kudelka-2025705.jpg?w=640&#038;ssl=1\" loading=\"lazy\"><figcaption>Frank Dar\u00edo Kudelka<\/figcaption><\/figure>\n<\/div>\n<p>Con el informe de Gariano ya en manos de las autoridades y las declaraciones cruzadas en plena ebullici\u00f3n,<strong> la AFA deber\u00e1 analizar uno de los episodios m\u00e1s conflictivos de la temporada.<\/strong> El desenlace disciplinario promete ser tan intenso como el partido que le dio origen.<\/p>\n<p>BP<\/p>\n<p> <!-- tags --> <\/p>\n","protected":false},"excerpt":{"rendered":"<p>El empate 1-1 entre Barracas Central y Hurac\u00e1n en el estadio Claudio Tapia no solo defini\u00f3 la eliminaci\u00f3n del Globo del Torneo Clausura y su adi\u00f3s a la Copa Sudamericana 2026: tambi\u00e9n desat\u00f3 uno de los esc\u00e1ndalos arbitrales m\u00e1s fuertes del \u00faltimo tiempo. La actuaci\u00f3n de Andr\u00e9s Gariano, muy criticada por sus dos penales sancionados [&hellip;]<\/p>\n","protected":false},"author":2,"featured_media":10592,"comment_status":"closed","ping_status":"closed","sticky":false,"template":"","format":"standard","meta":{"jetpack_post_was_ever_published":false,"_jetpack_newsletter_access":"","_jetpack_dont_email_post_to_subs":false,"_jetpack_newsletter_tier_id":0,"_jetpack_memberships_contains_paywalled_content":false,"_jetpack_memberships_contains_paid_content":false,"footnotes":"","jetpack_publicize_message":"","jetpack_publicize_feature_enabled":true,"jetpack_social_post_already_shared":true,"jetpack_social_options":{"image_generator_settings":{"template":"highway","enabled":false},"version":2}},"categories":[17],"tags":[],"class_list":["post-10591","post","type-post","status-publish","format-standard","has-post-thumbnail","hentry","category-deportes"],"jetpack_publicize_connections":[],"jetpack_featured_media_url":"https:\/\/i0.wp.com\/infolanus.com\/wp-content\/uploads\/2025\/11\/el-explosivo-informe-de-gariano-y-la-firme-respuesta-de-kudelka.jpg?fit=900%2C498&ssl=1","jetpack_sharing_enabled":true,"jetpack_shortlink":"https:\/\/wp.me\/p9QtMr-2KP","_links":{"self":[{"href":"https:\/\/infolanus.com\/index.php\/wp-json\/wp\/v2\/posts\/10591","targetHints":{"allow":["GET"]}}],"collection":[{"href":"https:\/\/infolanus.com\/index.php\/wp-json\/wp\/v2\/posts"}],"about":[{"href":"https:\/\/infolanus.com\/index.php\/wp-json\/wp\/v2\/types\/post"}],"author":[{"embeddable":true,"href":"https:\/\/infolanus.com\/index.php\/wp-json\/wp\/v2\/users\/2"}],"replies":[{"embeddable":true,"href":"https:\/\/infolanus.com\/index.php\/wp-json\/wp\/v2\/comments?post=10591"}],"version-history":[{"count":0,"href":"https:\/\/infolanus.com\/index.php\/wp-json\/wp\/v2\/posts\/10591\/revisions"}],"wp:featuredmedia":[{"embeddable":true,"href":"https:\/\/infolanus.com\/index.php\/wp-json\/wp\/v2\/media\/10592"}],"wp:attachment":[{"href":"https:\/\/infolanus.com\/index.php\/wp-json\/wp\/v2\/media?parent=10591"}],"wp:term":[{"taxonomy":"category","embeddable":true,"href":"https:\/\/infolanus.com\/index.php\/wp-json\/wp\/v2\/categories?post=10591"},{"taxonomy":"post_tag","embeddable":true,"href":"https:\/\/infolanus.com\/index.php\/wp-json\/wp\/v2\/tags?post=10591"}],"curies":[{"name":"wp","href":"https:\/\/api.w.org\/{rel}","templated":true}]}}