{"id":10603,"date":"2025-11-20T21:29:00","date_gmt":"2025-11-21T00:29:00","guid":{"rendered":"https:\/\/www.ambito.com\/c6216333"},"modified":"2025-11-20T21:29:00","modified_gmt":"2025-11-21T00:29:00","slug":"donald-trump-redujo-parte-de-los-aranceles-a-brasil-y-destaco-su-buen-vinculo-con-lula","status":"publish","type":"post","link":"https:\/\/infolanus.com\/index.php\/2025\/11\/20\/donald-trump-redujo-parte-de-los-aranceles-a-brasil-y-destaco-su-buen-vinculo-con-lula\/","title":{"rendered":"Donald Trump redujo parte de los aranceles a Brasil y destac\u00f3 su &#8220;buen v\u00ednculo&#8221; con Lula"},"content":{"rendered":"<div id>\n<p>Seg\u00fan el comunicado oficial publicado por Washington, Trump explic\u00f3 que la decisi\u00f3n se tom\u00f3 tras revisar informaci\u00f3n de los funcionarios encargados de monitorear la emergencia aduanera declarada en el <strong>Decreto Ejecutivo 14323<\/strong>.<\/p>\n<\/div>\n<div id>\n<p>El propio mandatario afirm\u00f3: \u201c<strong>El 6 de octubre de 2025 particip\u00e9 en una conversaci\u00f3n telef\u00f3nica con el presidente de Brasil, Luiz In\u00e1cio Lula da Silva, durante la cual acordamos iniciar negociaciones para abordar las preocupaciones identificadas en el decreto. Estas negociaciones contin\u00faan<\/strong>\u201d.<\/p>\n<\/div>\n<div id>\n<p>El texto agrega que \u201c<strong>ciertas importaciones agr\u00edcolas procedentes de Brasil ya no deber\u00edan estar sujetas al arancel adicional<\/strong>, dado que se han registrado avances iniciales en el di\u00e1logo bilateral\u201d. Trump sostuvo que, a partir de esa evaluaci\u00f3n, determin\u00f3 que \u201c<strong>es necesario y apropiado modificar el alcance de los productos sujetos al arancel adicional<\/strong>\u201d.<\/p>\n<\/div>\n<div id>\n<figure id=\"8058297-Libre-974275060_wrap\" class=\"embed_cont type_imagen\" contenteditable=\"false\" readability=\"3.5\">\n<p>aranceles Trump abril 2025 <span onclick=\"parent.parent.TinyMCETdcuerpo.preview_embed('8058297-Libre-974275060')\" class=\"embed_colapse less\" id=\"8058297-Libre-974275060_colapse\"><\/span> <span onclick=\"parent.parent.TinyMCETdcuerpo.delete_embed('8058297-Libre-974275060')\" class=\"embed_delete less\" id=\"8058297-Libre-974275060_delete\"><\/span><\/p>\n<div id=\"8058297-Libre-974275060_content\" class=\"embed_content\"><img data-recalc-dims=\"1\" decoding=\"async\" src=\"https:\/\/i0.wp.com\/media.ambito.com\/p\/8693754d36ee3cf8e0dc4f9456b76d50\/adjuntos\/239\/imagenes\/042\/316\/0042316066\/aranceles-trump-abril-2025.jpg?resize=640%2C341&#038;ssl=1\" alt=\"Donald Trump confirm\u00f3 que ciertos productos agr\u00edcolas de Brasil no seguir\u00e1n afectados por el recargo del 40%.\" title=\"Donald Trump confirm\u00f3 que ciertos productos agr\u00edcolas de Brasil no seguir\u00e1n afectados por el recargo del 40%.\" width=\"640\" height=\"341\" id=\"8058297-Libre-974275060_embed\" crossorigin=\"anonymous\" fetchpriority=\"high\" decode=\"async\"><\/div><figcaption id=\"8058297-Libre-974275060_epigrafe\" class=\"embed_epigrafe\" readability=\"3\">\n<p> Donald Trump confirm\u00f3 que ciertos productos agr\u00edcolas de Brasil no seguir\u00e1n afectados por el recargo del 40%.<\/p>\n<\/figcaption><\/figure>\n<p>La orden actualizada ser\u00e1 v\u00e1lida para las importaciones ingresadas desde el <strong>13 de noviembre de 2025<\/strong>. El comunicado aclara que estas modificaciones buscan atender la emergencia nacional prevista en el decreto y que el <strong>Secretario de Estado<\/strong> continuar\u00e1 monitoreando la situaci\u00f3n y reportar\u00e1 cambios que ameriten nuevas medidas.<\/p>\n<\/div>\n<div id>\n<p>El acercamiento entre ambos gobiernos se consolid\u00f3 recientemente en la <strong>cumbre de ASEAN en Malasia<\/strong>, donde Trump y Lula acordaron conformar un equipo de negociadores para avanzar hacia <strong>un nuevo esquema de relaci\u00f3n bilateral.<\/strong><\/p>\n<p>El trasfondo econ\u00f3mico tambi\u00e9n pes\u00f3 en la decisi\u00f3n: en Estados Unidos, los aranceles al <strong>caf\u00e9 y la carne<\/strong> y las restricciones sanitarias han presionado los precios internos, en medio de un <strong>hato ganadero en su nivel m\u00e1s bajo desde 1951<\/strong>.<\/p>\n<p>La carne aument\u00f3 <strong>15% en el \u00faltimo a\u00f1o<\/strong>, alcanzando m\u00e1ximos hist\u00f3ricos, y la reducci\u00f3n del recargo a productos agr\u00edcolas brasile\u00f1os busca aliviar la oferta y contener la suba para los consumidores.<\/p>\n<h2>Donald Trump anunci\u00f3 un bono de u$s2.000 para los ciudadanos de EEUU por la recaudaci\u00f3n de los aranceles<\/h2>\n<p data-start=\"251\" data-end=\"547\">El<strong> presidente de Estados Unidos, Donald Trump,<\/strong> afirm\u00f3 este domingo que la mayor\u00eda de los ciudadanos de su pa\u00eds -excepto los de ingresos m\u00e1s altos- recibir\u00e1n un bono de \u201cal menos u$s2.000\u201d gracias a la<strong> recaudaci\u00f3n generada por los aranceles aplicados a importaciones de pr\u00e1cticamente todo el mundo.<\/strong><\/p>\n<p data-start=\"549\" data-end=\"752\">\u201cQuienes se oponen a los aranceles son tontos\u201d, escribi\u00f3 en su plataforma Truth Social. <strong>\u201cSomos el pa\u00eds m\u00e1s rico y respetado del mundo, con una inflaci\u00f3n m\u00ednima y un mercado burs\u00e1til en niveles r\u00e9cord\u201d, agreg\u00f3.<\/strong><\/p>\n<p data-start=\"754\" data-end=\"1050\">Trump tambi\u00e9n asegur\u00f3 que los planes de pensiones 401k \u201cest\u00e1n en su punto m\u00e1s alto\u201d, que los ingresos provenientes de los grav\u00e1menes permitir\u00e1n empezar a pagar la deuda p\u00fablica y que el pa\u00eds atraviesa \u201cuna ola hist\u00f3rica de inversiones\u201d, con nuevas plantas y f\u00e1bricas \u201csurgiendo por todas partes\u201d.<\/p>\n<p data-start=\"1052\" data-end=\"1213\">Seg\u00fan el mandatario, ese escenario habilita el pago de un \u201cdividendo de al menos u$s2.000 d\u00f3lares\u201d, excluyendo a los contribuyentes de mayores ingresos.<\/p>\n<\/div>\n","protected":false},"excerpt":{"rendered":"<p>Seg\u00fan el comunicado oficial publicado por Washington, Trump explic\u00f3 que la decisi\u00f3n se tom\u00f3 tras revisar informaci\u00f3n de los funcionarios encargados de monitorear la emergencia aduanera declarada en el Decreto Ejecutivo 14323. El propio mandatario afirm\u00f3: \u201cEl 6 de octubre de 2025 particip\u00e9 en una conversaci\u00f3n telef\u00f3nica con el presidente de Brasil, Luiz In\u00e1cio Lula [&hellip;]<\/p>\n","protected":false},"author":2,"featured_media":10604,"comment_status":"closed","ping_status":"closed","sticky":false,"template":"","format":"standard","meta":{"jetpack_post_was_ever_published":false,"_jetpack_newsletter_access":"","_jetpack_dont_email_post_to_subs":false,"_jetpack_newsletter_tier_id":0,"_jetpack_memberships_contains_paywalled_content":false,"_jetpack_memberships_contains_paid_content":false,"footnotes":"","jetpack_publicize_message":"","jetpack_publicize_feature_enabled":true,"jetpack_social_post_already_shared":true,"jetpack_social_options":{"image_generator_settings":{"template":"highway","enabled":false},"version":2}},"categories":[20],"tags":[],"class_list":["post-10603","post","type-post","status-publish","format-standard","has-post-thumbnail","hentry","category-mundo"],"jetpack_publicize_connections":[],"jetpack_featured_media_url":"https:\/\/i0.wp.com\/infolanus.com\/wp-content\/uploads\/2025\/11\/donald-trump-redujo-parte-de-los-aranceles-a-brasil-y-destaco-su-buen-vinculo-con-lula.jpg?fit=730%2C389&ssl=1","jetpack_sharing_enabled":true,"jetpack_shortlink":"https:\/\/wp.me\/p9QtMr-2L1","_links":{"self":[{"href":"https:\/\/infolanus.com\/index.php\/wp-json\/wp\/v2\/posts\/10603","targetHints":{"allow":["GET"]}}],"collection":[{"href":"https:\/\/infolanus.com\/index.php\/wp-json\/wp\/v2\/posts"}],"about":[{"href":"https:\/\/infolanus.com\/index.php\/wp-json\/wp\/v2\/types\/post"}],"author":[{"embeddable":true,"href":"https:\/\/infolanus.com\/index.php\/wp-json\/wp\/v2\/users\/2"}],"replies":[{"embeddable":true,"href":"https:\/\/infolanus.com\/index.php\/wp-json\/wp\/v2\/comments?post=10603"}],"version-history":[{"count":0,"href":"https:\/\/infolanus.com\/index.php\/wp-json\/wp\/v2\/posts\/10603\/revisions"}],"wp:featuredmedia":[{"embeddable":true,"href":"https:\/\/infolanus.com\/index.php\/wp-json\/wp\/v2\/media\/10604"}],"wp:attachment":[{"href":"https:\/\/infolanus.com\/index.php\/wp-json\/wp\/v2\/media?parent=10603"}],"wp:term":[{"taxonomy":"category","embeddable":true,"href":"https:\/\/infolanus.com\/index.php\/wp-json\/wp\/v2\/categories?post=10603"},{"taxonomy":"post_tag","embeddable":true,"href":"https:\/\/infolanus.com\/index.php\/wp-json\/wp\/v2\/tags?post=10603"}],"curies":[{"name":"wp","href":"https:\/\/api.w.org\/{rel}","templated":true}]}}