{"id":10607,"date":"2025-11-21T10:25:00","date_gmt":"2025-11-21T13:25:00","guid":{"rendered":"https:\/\/www.inforegion.com.ar\/?p=350746"},"modified":"2025-11-21T10:25:00","modified_gmt":"2025-11-21T13:25:00","slug":"como-funcionan-los-servicios-en-lanus-durante-el-fin-de-semana-extra-largo","status":"publish","type":"post","link":"https:\/\/infolanus.com\/index.php\/2025\/11\/21\/como-funcionan-los-servicios-en-lanus-durante-el-fin-de-semana-extra-largo\/","title":{"rendered":"C\u00f3mo funcionan los servicios en Lan\u00fas durante el fin de semana extra largo"},"content":{"rendered":"<div><img data-recalc-dims=\"1\" decoding=\"async\" src=\"https:\/\/i0.wp.com\/www.inforegion.com.ar\/wp-content\/uploads\/2025\/03\/municipalidadlanus.jpg?w=640&#038;ssl=1\" class=\"ff-og-image-inserted\"><\/div>\n<p>El <strong>Municipio de Lan\u00fas <\/strong>inform\u00f3 c\u00f3mo ser\u00e1 el funcionamiento de los distintos servicios durante el <a href=\"https:\/\/www.inforegion.com.ar\/2025\/11\/01\/noviembre-llega-con-un-fin-de-semana-extra-largo\/\">fin de semana extra largo<\/a>, con motivo del D\u00eda de la Soberan\u00eda (al que se suma un d\u00eda no laborable con fines tur\u00edsticos).<\/p>\n<p>Por un lado, las autoridades aclararon que <strong>la recolecci\u00f3n de residuos ser\u00e1 normal<\/strong> este viernes, pero tambi\u00e9n el s\u00e1bado, el domingo y el lunes siguiente.<\/p>\n<p>Adem\u00e1s, indica que en <strong>las unidades sanitarias funcionar\u00e1n con guardias<\/strong>: Masevicius, M\u00e1spero, Villa Jard\u00edn,1\u00ba de Mayo, Lan\u00fas Oeste, Nicol\u00e1s Natiello, Miranda Norgreen y San Mart\u00edn.<\/p>\n<p>Finalmente, se inform\u00f3 c\u00f3mo ser\u00e1 el servicio en el&nbsp;<strong>cementerio&nbsp;<\/strong>municipal: el horario de visitas de s\u00e1bados, domingos y feriados es de 8 a 17, mientras que la administraci\u00f3n funciona de 8 a 14.<\/p>\n<h2 class=\"wp-block-heading\">Los parques<\/h2>\n<p>El Municipio inform\u00f3 que el Parque San Mart\u00edn (Coronel Sayos 2302 de Valent\u00edn Alsina) abrir\u00e1 sus puertas de 7 a 21, Juan Pei\u00f1eiro (Dardo Rocha 4350 de Remedios de Escalada) abre de 8 a 20, El Cicl\u00f3n (Col\u00f3n 4902 de Lan\u00fas Oeste) funciona de 8 a 22.<\/p>\n<p>Asimismo, el Parque municipal Malvinas Argentinas (Jos\u00e9 Mar\u00eda Moreno y calle 7 de Lan\u00fas Oeste) abre sus puertas de 8 a 22, el Vel\u00f3dromo (Salta y Purita de Remedios de Escalada) funciona de 7 a 21, Parque General Manuel Belgrano (Donato \u00c1lvarez 4468 de Monte Chingolo) permanecer\u00e1 abierto de 8 a 20.<\/p>\n","protected":false},"excerpt":{"rendered":"<p>El Municipio de Lan\u00fas inform\u00f3 c\u00f3mo ser\u00e1 el funcionamiento de los distintos servicios durante el fin de semana extra largo, con motivo del D\u00eda de la Soberan\u00eda (al que se suma un d\u00eda no laborable con fines tur\u00edsticos). Por un lado, las autoridades aclararon que la recolecci\u00f3n de residuos ser\u00e1 normal este viernes, pero tambi\u00e9n [&hellip;]<\/p>\n","protected":false},"author":2,"featured_media":10608,"comment_status":"closed","ping_status":"closed","sticky":false,"template":"","format":"standard","meta":{"jetpack_post_was_ever_published":false,"_jetpack_newsletter_access":"","_jetpack_dont_email_post_to_subs":false,"_jetpack_newsletter_tier_id":0,"_jetpack_memberships_contains_paywalled_content":false,"_jetpack_memberships_contains_paid_content":false,"footnotes":"","jetpack_publicize_message":"","jetpack_publicize_feature_enabled":true,"jetpack_social_post_already_shared":true,"jetpack_social_options":{"image_generator_settings":{"template":"highway","enabled":false},"version":2}},"categories":[19,581],"tags":[773,774,1215,23,764,54,788],"class_list":["post-10607","post","type-post","status-publish","format-standard","has-post-thumbnail","hentry","category-municipio","category-servicios","tag-centrales","tag-destacadas","tag-feriado","tag-lanus","tag-municipio-de-lanus","tag-servicios","tag-sociedad"],"jetpack_publicize_connections":[],"jetpack_featured_media_url":"https:\/\/i0.wp.com\/infolanus.com\/wp-content\/uploads\/2025\/11\/como-funcionan-los-servicios-en-lanus-durante-el-fin-de-semana-extra-largo.jpg?fit=1200%2C675&ssl=1","jetpack_sharing_enabled":true,"jetpack_shortlink":"https:\/\/wp.me\/p9QtMr-2L5","_links":{"self":[{"href":"https:\/\/infolanus.com\/index.php\/wp-json\/wp\/v2\/posts\/10607","targetHints":{"allow":["GET"]}}],"collection":[{"href":"https:\/\/infolanus.com\/index.php\/wp-json\/wp\/v2\/posts"}],"about":[{"href":"https:\/\/infolanus.com\/index.php\/wp-json\/wp\/v2\/types\/post"}],"author":[{"embeddable":true,"href":"https:\/\/infolanus.com\/index.php\/wp-json\/wp\/v2\/users\/2"}],"replies":[{"embeddable":true,"href":"https:\/\/infolanus.com\/index.php\/wp-json\/wp\/v2\/comments?post=10607"}],"version-history":[{"count":0,"href":"https:\/\/infolanus.com\/index.php\/wp-json\/wp\/v2\/posts\/10607\/revisions"}],"wp:featuredmedia":[{"embeddable":true,"href":"https:\/\/infolanus.com\/index.php\/wp-json\/wp\/v2\/media\/10608"}],"wp:attachment":[{"href":"https:\/\/infolanus.com\/index.php\/wp-json\/wp\/v2\/media?parent=10607"}],"wp:term":[{"taxonomy":"category","embeddable":true,"href":"https:\/\/infolanus.com\/index.php\/wp-json\/wp\/v2\/categories?post=10607"},{"taxonomy":"post_tag","embeddable":true,"href":"https:\/\/infolanus.com\/index.php\/wp-json\/wp\/v2\/tags?post=10607"}],"curies":[{"name":"wp","href":"https:\/\/api.w.org\/{rel}","templated":true}]}}