{"id":10610,"date":"2025-11-21T19:52:00","date_gmt":"2025-11-21T22:52:00","guid":{"rendered":"https:\/\/www.ambito.com\/c6216597"},"modified":"2025-11-21T19:52:00","modified_gmt":"2025-11-21T22:52:00","slug":"donald-trump-y-zohran-mamdani-de-rivales-en-campana-a-una-reunion-productiva","status":"publish","type":"post","link":"https:\/\/infolanus.com\/index.php\/2025\/11\/21\/donald-trump-y-zohran-mamdani-de-rivales-en-campana-a-una-reunion-productiva\/","title":{"rendered":"Donald Trump y Zohran Mamdani: de rivales en campa\u00f1a a una reuni\u00f3n &#8220;productiva&#8221;"},"content":{"rendered":"<p><!-- { REGION4 --> <\/p>\n<header class=\"news-headline\" readability=\"1.783950617284\">\n<div class=\"news-headline__topics-and-date-wrapper\"> <span class=\"news-headline__publication-date\"> 21 de noviembre 2025 &#8211; 19:52 <\/span><\/div>\n<h2 class=\"news-headline__article-summary\" readability=\"24\">\n<p class=\"ignore-parser\">Fue el primer encuentro tras la sorprendente victoria del dem\u00f3crata. Por esta vez, dejaron las criticas mutuas de lado y se concentraron en los buenos deseos para el futuro.<\/p>\n<\/h2>\n<\/header>\n<div class=\"detail-highlighted-multimedia content-protected-false\">\n<figure class=\"detail-highlighted-multimedia__figure\"> <img data-recalc-dims=\"1\" decoding=\"async\" src=\"https:\/\/i0.wp.com\/media.ambito.com\/p\/0f7d3385c9ab0c90392431e5221fae40\/adjuntos\/239\/imagenes\/042\/970\/0042970757\/655x368\/smart\/donald-trump-y-zohran-mamdani.png?resize=640%2C427&#038;ssl=1\" class=\"detail-highlighted-multimedia__figure-img img-fluid\" alt=\"Trump y Mamdani en la Casa Blanca.\" width=\"640\" height=\"427\" crossorigin=\"anonymous\" fetchpriority=\"high\" decode=\"async\"><figcaption class=\"detail-highlighted-multimedia__figcaption\" readability=\"-24\"> <span class=\"detail-highlighted-multimedia__copyright\">EFE<\/span><\/figcaption><\/figure>\n<\/div>\n<article class=\"article-body article-body--first-paragraph content-protected-false\" data-td-script-src=\"https:\/\/www.ambito.com\/td\/modulos\/encuestas\/js\/function-embeds-min-version-1763698023.js\" readability=\"32.593103448276\">\n<p class>El presidente de Estados Unidos, <strong><a href=\"https:\/\/www.ambito.com\/mundo\/donald-trump-puso-fecha-limite-que-volodimir-zelenski-responda-al-plan-paz-eeuu-n6216499\" target=\"_blank\" rel=\"follow\">Donald Trump<\/a><\/strong>, y el <strong> alcalde electo de Nueva York, Zohran Mamdani<\/strong>, sorprendieron este viernes al calificar de <strong>&#8220;muy productiva&#8221;<\/strong> su reuni\u00f3n en la <strong>Casa Blanca<\/strong>, un encuentro que marc\u00f3 un giro inesperado tras una <strong>tensa campa\u00f1a electoral<\/strong> llena de ataques mutuos.<\/p>\n<\/article>\n<article class=\"article-body article-body--second-paragraph content-protected-false\" readability=\"35\">\n<p class>Durante la campa\u00f1a, Trump hab\u00eda tachado a Mamdani de <strong>&#8220;comunista&#8221;<\/strong>, mientras que el dem\u00f3crata lo describi\u00f3 como un <strong>&#8220;d\u00e9spota&#8221;<\/strong>. Durante el encuentro, que se desarroll\u00f3 a puerta cerrada en el <strong>Despacho Oval<\/strong>, ambos l\u00edderes mostraron una <strong>actitud cordial<\/strong> y expresaron su disposici\u00f3n a trabajar juntos por el bien de la ciudad, pese a sus profundas diferencias pol\u00edticas.<\/p>\n<\/article>\n<section class=\"related-news\"> <span class=\"related-news__title\">Informate m\u00e1s<\/span> <\/p>\n<div class=\"row row--eq-height\">\n<div class=\"col-12 col-md-6\">\n<article class=\"news-article news-article--landscape-news news-article--landscape-news\">\n<figure class=\"news-article__figure figure\"> <a href=\"https:\/\/www.ambito.com\/mundo\/donald-trump-puso-fecha-limite-que-volodimir-zelenski-responda-al-plan-paz-eeuu-n6216499\" target title=\"\u00e1mbito.com | Trump puso fecha l\u00edmite para que Zelenski responda al plan de paz de EEUU\" alt=\"\u00e1mbito.com | Trump puso fecha l\u00edmite para que Zelenski responda al plan de paz de EEUU\" rel=\"noindex nofollow noreferrer\"> <img loading=\"lazy\" decoding=\"async\" src=\"https:\/\/www.ambito.com\/css-custom\/239\/lazy.svg\" data-td-src-property=\"https:\/\/media.ambito.com\/p\/3676df66c04fda081870d642d3a7df8b\/adjuntos\/239\/imagenes\/042\/970\/0042970377\/donald-trump-volodimir-zelenski.jpg\" alt=\"Trump le puso una fecha l\u00edmite a la decisi\u00f3n de Zelenski sobre el acuerdo de paz.\" title=\"Trump le puso una fecha l\u00edmite a la decisi\u00f3n de Zelenski sobre el acuerdo de paz.\" width=\"93\" height=\"52\" class=\"news-article__figure-img figure-img img-fluid\"> <\/a><\/figure>\n<\/article><\/div>\n<div class=\"col-12 col-md-6\">\n<article class=\"news-article news-article--landscape-news news-article--landscape-news\">\n<figure class=\"news-article__figure figure\"> <a href=\"https:\/\/www.ambito.com\/mundo\/aviones-militares-estadounidense-sobrevolaron-cerca-venezuela-y-aumenta-la-tension-la-region-n6216355\" target title=\"\u00e1mbito.com | Aviones militares estadounidense sobrevolaron cerca de Venezuela y aumenta la tensi\u00f3n en la regi\u00f3n\" alt=\"\u00e1mbito.com | Aviones militares estadounidense sobrevolaron cerca de Venezuela y aumenta la tensi\u00f3n en la regi\u00f3n\" rel=\"noindex nofollow noreferrer\"> <img loading=\"lazy\" decoding=\"async\" src=\"https:\/\/www.ambito.com\/css-custom\/239\/lazy.svg\" data-td-src-property=\"https:\/\/media.ambito.com\/p\/2cf85980a0369ba3faf0299f0439f909\/adjuntos\/239\/imagenes\/042\/968\/0042968138\/93x52\/smart\/aviones-venezuela-eeuu.jpg\" alt=\"Aviones militares estadounidenses sobrevolaron las costas de Venezuela.\" title=\"Aviones militares estadounidenses sobrevolaron las costas de Venezuela.\" width=\"93\" height=\"52\" class=\"news-article__figure-img figure-img img-fluid\"> <\/a><\/figure>\n<\/article><\/div>\n<\/div>\n<\/section>\n<article class=\"article-body article-body--third-paragraph content-protected-false\" readability=\"37\">\n<p class>Tras la reuni\u00f3n, el presidente republicano asegur\u00f3: <strong>&#8220;Tengo mucha confianza en que puede hacer un buen trabajo&#8221;<\/strong>, y agreg\u00f3 que los neoyorquinos <strong>&#8220;con suerte, tendr\u00e1n un alcalde realmente excelente&#8221;<\/strong>. Incluso, prometi\u00f3 ayudarlo a <strong>&#8220;hacer realidad el sue\u00f1o de todos&#8221;<\/strong>, reconociendo que, aunque el alcalde electo tiene <strong>&#8220;ideas un tanto extravagantes&#8221;<\/strong>, podr\u00eda sorprender tanto a <strong>&#8220;muchos conservadores como a muchos liberales&#8221;<\/strong>.<\/p>\n<\/article>\n<article class=\"article-body article-body--fourth-paragraph content-protected-false\" readability=\"38\">\n<p class>Por su parte, <strong>Mamdani<\/strong>, quien asumir\u00e1 el cargo el <strong>1 de enero de 2026<\/strong>, coincidi\u00f3 en que el di\u00e1logo fue <strong>&#8220;positivo&#8221;<\/strong> y destac\u00f3 que, m\u00e1s all\u00e1 de sus diferencias, el enfoque estuvo puesto en <strong>buscar pol\u00edticas que beneficien a los habitantes de Nueva York<\/strong>. &#8220;Tenemos posturas claras, pero hoy hablamos de c\u00f3mo servir a la ciudad&#8221;, declar\u00f3 el dem\u00f3crata, quien tambi\u00e9n abord\u00f3 con Trump temas como el <strong>despliegue de la Patrulla Fronteriza en Nueva York<\/strong> y la necesidad de trabajar por una ciudad <strong>&#8220;libre de crimen&#8221;<\/strong>.<\/p>\n<\/article>\n<article class=\"article-body article-body--fifth-paragraph content-protected-false\" readability=\"39\">\n<h2><strong>Un triunfo hist\u00f3rico y un futuro incierto<\/strong><\/h2>\n<p class>Mamdani, de <strong>34 a\u00f1os<\/strong>, hizo historia al convertirse en el <strong>primer alcalde musulm\u00e1n de Nueva York<\/strong> y uno de los m\u00e1s j\u00f3venes en asumir el cargo, tras ganar las elecciones del <strong>4 de noviembre de 2025<\/strong> con el <strong>50,6% de los votos<\/strong>, superando a sus rivales <strong>Andrew Cuomo (41,2%)<\/strong> y <strong>Curtis Sliwa (7,4%)<\/strong>. Su victoria represent\u00f3 un cambio generacional en la pol\u00edtica neoyorquina, pero tambi\u00e9n gener\u00f3 <strong>pol\u00e9mica y escepticismo<\/strong> en sectores conservadores, especialmente por sus propuestas progresistas.<\/p>\n<\/article>\n<article class=\"article-body article-body--remaining-paragraph content-protected-false\" readability=\"34\">\n<p class>El tono conciliador de la reuni\u00f3n contrast\u00f3 con los <strong>duros cruces durante la campa\u00f1a<\/strong>, cuando Trump advirti\u00f3 que los neoyorquinos <strong>&#8220;huir\u00edan a Florida&#8221;<\/strong> ante lo que llam\u00f3 un posible <strong>&#8220;r\u00e9gimen comunista&#8221;<\/strong> bajo el gobierno de Mamdani. Sin embargo, el presidente ahora parece dispuesto a <strong>brindar su apoyo<\/strong>, al menos ret\u00f3ricamente, en un gesto que podr\u00eda interpretarse como un intento de <strong>unificar posturas<\/strong> en un contexto pol\u00edtico polarizado.<\/p>\n<\/article>\n<p> <!-- REGION4 } --> <\/p>\n","protected":false},"excerpt":{"rendered":"<p>21 de noviembre 2025 &#8211; 19:52 Fue el primer encuentro tras la sorprendente victoria del dem\u00f3crata. Por esta vez, dejaron las criticas mutuas de lado y se concentraron en los buenos deseos para el futuro. EFE El presidente de Estados Unidos, Donald Trump, y el alcalde electo de Nueva York, Zohran Mamdani, sorprendieron este viernes [&hellip;]<\/p>\n","protected":false},"author":2,"featured_media":10611,"comment_status":"closed","ping_status":"closed","sticky":false,"template":"","format":"standard","meta":{"jetpack_post_was_ever_published":false,"_jetpack_newsletter_access":"","_jetpack_dont_email_post_to_subs":false,"_jetpack_newsletter_tier_id":0,"_jetpack_memberships_contains_paywalled_content":false,"_jetpack_memberships_contains_paid_content":false,"footnotes":"","jetpack_publicize_message":"","jetpack_publicize_feature_enabled":true,"jetpack_social_post_already_shared":true,"jetpack_social_options":{"image_generator_settings":{"template":"highway","enabled":false},"version":2}},"categories":[20],"tags":[],"class_list":["post-10610","post","type-post","status-publish","format-standard","has-post-thumbnail","hentry","category-mundo"],"jetpack_publicize_connections":[],"jetpack_featured_media_url":"https:\/\/i0.wp.com\/infolanus.com\/wp-content\/uploads\/2025\/11\/donald-trump-y-zohran-mamdani-de-rivales-en-campana-a-una-reunion-productiva.png?fit=655%2C368&ssl=1","jetpack_sharing_enabled":true,"jetpack_shortlink":"https:\/\/wp.me\/p9QtMr-2L8","_links":{"self":[{"href":"https:\/\/infolanus.com\/index.php\/wp-json\/wp\/v2\/posts\/10610","targetHints":{"allow":["GET"]}}],"collection":[{"href":"https:\/\/infolanus.com\/index.php\/wp-json\/wp\/v2\/posts"}],"about":[{"href":"https:\/\/infolanus.com\/index.php\/wp-json\/wp\/v2\/types\/post"}],"author":[{"embeddable":true,"href":"https:\/\/infolanus.com\/index.php\/wp-json\/wp\/v2\/users\/2"}],"replies":[{"embeddable":true,"href":"https:\/\/infolanus.com\/index.php\/wp-json\/wp\/v2\/comments?post=10610"}],"version-history":[{"count":0,"href":"https:\/\/infolanus.com\/index.php\/wp-json\/wp\/v2\/posts\/10610\/revisions"}],"wp:featuredmedia":[{"embeddable":true,"href":"https:\/\/infolanus.com\/index.php\/wp-json\/wp\/v2\/media\/10611"}],"wp:attachment":[{"href":"https:\/\/infolanus.com\/index.php\/wp-json\/wp\/v2\/media?parent=10610"}],"wp:term":[{"taxonomy":"category","embeddable":true,"href":"https:\/\/infolanus.com\/index.php\/wp-json\/wp\/v2\/categories?post=10610"},{"taxonomy":"post_tag","embeddable":true,"href":"https:\/\/infolanus.com\/index.php\/wp-json\/wp\/v2\/tags?post=10610"}],"curies":[{"name":"wp","href":"https:\/\/api.w.org\/{rel}","templated":true}]}}