{"id":10612,"date":"2025-11-22T03:44:00","date_gmt":"2025-11-22T06:44:00","guid":{"rendered":"https:\/\/infolanus.com\/index.php\/2025\/11\/22\/los-hinchas-se-burlan-pero-la-afa-defiende-el-titulo-a-central-y-habla-de-campana-mediatica\/"},"modified":"2025-11-22T03:44:00","modified_gmt":"2025-11-22T06:44:00","slug":"los-hinchas-se-burlan-pero-la-afa-defiende-el-titulo-a-central-y-habla-de-campana-mediatica","status":"publish","type":"post","link":"https:\/\/infolanus.com\/index.php\/2025\/11\/22\/los-hinchas-se-burlan-pero-la-afa-defiende-el-titulo-a-central-y-habla-de-campana-mediatica\/","title":{"rendered":"Los hinchas se burlan, pero la AFA defiende el t\u00edtulo a Central y habla de \u201ccampa\u00f1a medi\u00e1tica\u201d"},"content":{"rendered":"<div class=\"media_block\"><\/div>\n<div><img data-recalc-dims=\"1\" decoding=\"async\" src=\"https:\/\/i0.wp.com\/fotos.perfil.com\/2025\/11\/22\/trim\/1140\/641\/22112025afacentralcopaprensaafag-2141554.jpg?w=640&#038;ssl=1\" class=\"ff-og-image-inserted\"><\/div>\n<p>Para quienes conducen la AFA solo se trata de una campa\u00f1a medi\u00e1tica o de un enojo generalizado que naci\u00f3 en el inframundo relativo de las redes sociales y que no tiene asidero en la realidad cotidiana. Ni \u00e1rbitros sospechados, ni clubes beneficiados, ni torneos improvisados. Nada para tomar nota o para preocuparse. No ven \u2013no sienten\u2013 que algo esta semana empez\u00f3 a formarse o empez\u00f3 a romperse. Las escenas dantescas de los jugadores de Mor\u00f3n reprimidos por la Polic\u00eda en Madryn el domingo, los penales cobrados a Barracas contra Hurac\u00e1n el lunes y la coronaci\u00f3n en los escritorios de Rosario Central como campe\u00f3n el jueves terminaron de configurar un escenario cargado de dudas, absurdos y una falta de credibilidad que crece semana a semana. <\/p>\n<p>El t\u00edtulo otorgado al club rosarino \u2013sin dudas el mejor equipo del a\u00f1o\u2013 fue el motivo por el que en estos d\u00edas se profundizaron las burlas y la bronca, atizadas durante a\u00f1os por el nivel de los arbitrajes, tanto en la Liga Profesional como en el Ascenso.<\/p>\n<p>\u00bfCu\u00e1l es la l\u00f3gica o el criterio para darle una estrella o declarar a Central campe\u00f3n una vez terminado el campeonato? La pregunta, lanzada por WhatsApp, tiene como destinatario a Pablo Toviggino, tesorero de la AFA y uno de los dos dirigentes que conducen el f\u00fatbol argentino (el otro, obviamente, es Claudio Tapia).<\/p>\n<div class=\"subscription\" readability=\"6.683257918552\">\n<p> Esto no les gusta a los autoritarios <\/p>\n<div class=\"subscription__container\" readability=\"6.1467391304348\">\n<div class=\"subscription__text-wrapper\" readability=\"31.20652173913\">\n<p> El ejercicio del periodismo profesional y cr\u00edtico es un pilar fundamental de la democracia. Por eso molesta a quienes creen ser los due\u00f1os de la verdad. <\/p>\n<\/p><\/div>\n<\/p><\/div>\n<\/p><\/div>\n<p>\u201cPor ser primero del torneo anual, clasificaba a la Libertadores y a la final de la Supercopa Internacional, explicame qu\u00e9 cambia con que lo declares campe\u00f3n \u2013responde Toviggino\u2013. Adem\u00e1s eso es para la prosperidad, el 2026 habr\u00e1 otra y as\u00ed sucesivamente. \u00bfVos te sac\u00e1s pasaje al torneo m\u00e1s importante de Sudam\u00e9rica y jug\u00e1s una final de campeones y no sos campe\u00f3n? Dale, es joda\u201d.<\/p>\n<p>\u2014Pero fueron ustedes quienes dise\u00f1aron as\u00ed el torneo. <\/p>\n<p>\u2014\u00bfY pero qu\u00e9 cambia? \u00bfO acaso le quita un derecho a alguien? \u00bfLe dimos alg\u00fan premio m\u00e1s?<\/p>\n<p>El tesorero de la AFA insiste en que todo es parte de una campa\u00f1a y que en los clubes no se respira igual que en Instagram o X. Clima de \u00e9poca. Y recuerda que hace pocas semanas la marcha en la puerta de la AFA junt\u00f3 apenas a cuatro personas.<\/p>\n<p>Pero aunque el t\u00edtulo dibujado a Central se convirti\u00f3 en una suerte de paroxismo organizativo, la desconfianza que despiertan algunos \u00e1rbitros condensa una sensaci\u00f3n que ya algunos protagonistas ni siquiera intentan disimular. La furia de Gustavo Costas y Frank Kudelka ante Barracas Central, en la primera y la \u00faltima fecha del Clausura, y la desmesura de Alfredo Berti en la final de la Copa Argentina, solo dejan en evidencia un sistema marcado por el descr\u00e9dito.<\/p>\n<p>En el Ol\u00e9 Summit 2025, un evento que re\u00fane anualmente a dirigentes y empresarios de la industria del f\u00fatbol, Tapia defendi\u00f3 su gesti\u00f3n y la de los \u00e1rbitros, se lo endilg\u00f3 a \u201cteor\u00edas conspirativas\u201d y asegur\u00f3 que no todo error arbitral implica mala intenci\u00f3n. Y pidi\u00f3 que \u201ctodos\u201d asuman responsabilidades: no solo los \u00e1rbitros, sino tambi\u00e9n jugadores, t\u00e9cnicos, hinchas y periodistas. Chiqui, en modo 6,7,8: dando una batalla sem\u00e1ntica y cultural por arriba, mientras que por abajo algunas bases que hist\u00f3ricamente lo apoyaron empiezan a preguntarse por el sentido de esa batalla. <\/p>\n<p>Es cierto que las bases ac\u00e1 no importan tanto: los que sostienen \u2013y votan\u2013 a Tapia son los dirigentes de cada club, y en ese loteo la gesti\u00f3n de AFA casi no tiene fisuras. Como tampoco en todo lo vinculado a las distintas selecciones nacionales. Qu\u00e9 pasar\u00e1 el d\u00eda que no est\u00e9 Messi y que la Selecci\u00f3n deje de ser campeona del mundo es una pregunta que podr\u00eda surgir, al menos para preparar la retaguardia ante una avanzada que levanta banderas y argumentos cada vez m\u00e1s expl\u00edcitos.<\/p>\n","protected":false},"excerpt":{"rendered":"<p>Para quienes conducen la AFA solo se trata de una campa\u00f1a medi\u00e1tica o de un enojo generalizado que naci\u00f3 en el inframundo relativo de las redes sociales y que no tiene asidero en la realidad cotidiana. Ni \u00e1rbitros sospechados, ni clubes beneficiados, ni torneos improvisados. Nada para tomar nota o para preocuparse. No ven \u2013no [&hellip;]<\/p>\n","protected":false},"author":2,"featured_media":10613,"comment_status":"closed","ping_status":"closed","sticky":false,"template":"","format":"standard","meta":{"jetpack_post_was_ever_published":false,"_jetpack_newsletter_access":"","_jetpack_dont_email_post_to_subs":false,"_jetpack_newsletter_tier_id":0,"_jetpack_memberships_contains_paywalled_content":false,"_jetpack_memberships_contains_paid_content":false,"footnotes":"","jetpack_publicize_message":"","jetpack_publicize_feature_enabled":true,"jetpack_social_post_already_shared":true,"jetpack_social_options":{"image_generator_settings":{"template":"highway","enabled":false},"version":2}},"categories":[17],"tags":[],"class_list":["post-10612","post","type-post","status-publish","format-standard","has-post-thumbnail","hentry","category-deportes"],"jetpack_publicize_connections":[],"jetpack_featured_media_url":"https:\/\/i0.wp.com\/infolanus.com\/wp-content\/uploads\/2025\/11\/los-hinchas-se-burlan-pero-la-afa-defiende-el-titulo-a-central-y-habla-de-campana-mediatica.jpg?fit=1140%2C641&ssl=1","jetpack_sharing_enabled":true,"jetpack_shortlink":"https:\/\/wp.me\/p9QtMr-2La","_links":{"self":[{"href":"https:\/\/infolanus.com\/index.php\/wp-json\/wp\/v2\/posts\/10612","targetHints":{"allow":["GET"]}}],"collection":[{"href":"https:\/\/infolanus.com\/index.php\/wp-json\/wp\/v2\/posts"}],"about":[{"href":"https:\/\/infolanus.com\/index.php\/wp-json\/wp\/v2\/types\/post"}],"author":[{"embeddable":true,"href":"https:\/\/infolanus.com\/index.php\/wp-json\/wp\/v2\/users\/2"}],"replies":[{"embeddable":true,"href":"https:\/\/infolanus.com\/index.php\/wp-json\/wp\/v2\/comments?post=10612"}],"version-history":[{"count":0,"href":"https:\/\/infolanus.com\/index.php\/wp-json\/wp\/v2\/posts\/10612\/revisions"}],"wp:featuredmedia":[{"embeddable":true,"href":"https:\/\/infolanus.com\/index.php\/wp-json\/wp\/v2\/media\/10613"}],"wp:attachment":[{"href":"https:\/\/infolanus.com\/index.php\/wp-json\/wp\/v2\/media?parent=10612"}],"wp:term":[{"taxonomy":"category","embeddable":true,"href":"https:\/\/infolanus.com\/index.php\/wp-json\/wp\/v2\/categories?post=10612"},{"taxonomy":"post_tag","embeddable":true,"href":"https:\/\/infolanus.com\/index.php\/wp-json\/wp\/v2\/tags?post=10612"}],"curies":[{"name":"wp","href":"https:\/\/api.w.org\/{rel}","templated":true}]}}