{"id":10616,"date":"2025-11-22T20:23:00","date_gmt":"2025-11-22T23:23:00","guid":{"rendered":"https:\/\/www.ambito.com\/c6216758"},"modified":"2025-11-22T20:23:00","modified_gmt":"2025-11-22T23:23:00","slug":"bolivia-a-dos-semanas-de-la-asuncion-de-rodrigo-paz-su-vicepresidente-insiste-en-sus-criticas-por-tiktok-y-le-pide-que-no-sea-titere","status":"publish","type":"post","link":"https:\/\/infolanus.com\/index.php\/2025\/11\/22\/bolivia-a-dos-semanas-de-la-asuncion-de-rodrigo-paz-su-vicepresidente-insiste-en-sus-criticas-por-tiktok-y-le-pide-que-no-sea-titere\/","title":{"rendered":"Bolivia: a dos semanas de la asunci\u00f3n de Rodrigo Paz, su vicepresidente insiste en sus cr\u00edticas por TikTok y le pide que &#8220;no sea t\u00edtere&#8221;"},"content":{"rendered":"<p><!-- { REGION4 --> <\/p>\n<header class=\"news-headline\" readability=\"1.3783783783784\">\n<div class=\"news-headline__topics-and-date-wrapper\"> <span class=\"news-headline__publication-date\"> 22 de noviembre 2025 &#8211; 20:23 <\/span><\/div>\n<h2 class=\"news-headline__article-summary\" readability=\"23\">\n<p class=\"ignore-parser\">El influencer Edmand Lara plante\u00f3 que el Presidente &#8220;se est\u00e1 rodeando de gente de la peor cala\u00f1a&#8221;. La vocer\u00eda presidencial promete definiciones este fin de semana.<\/p>\n<\/h2>\n<\/header>\n<div class=\"detail-highlighted-multimedia content-protected-false\">\n<figure class=\"detail-highlighted-multimedia__figure\"> <img data-recalc-dims=\"1\" decoding=\"async\" src=\"https:\/\/i0.wp.com\/media.ambito.com\/p\/74dfbf929c8c0bf678ecc9f239164b78\/adjuntos\/239\/imagenes\/042\/972\/0042972024\/655x368\/smart\/rodrigo-paz-pereira-edman-lara.jpeg?resize=640%2C409&#038;ssl=1\" class=\"detail-highlighted-multimedia__figure-img img-fluid\" alt=\"Rodrigo Paz Pereira junto a su vice, Edmand Lara.\" width=\"640\" height=\"409\" crossorigin=\"anonymous\" fetchpriority=\"high\" decode=\"async\"><figcaption class=\"detail-highlighted-multimedia__figcaption\" readability=\"-23.5\"> <\/figcaption><\/figure>\n<\/p><\/div>\n<article class=\"article-body article-body--first-paragraph content-protected-false\" data-td-script-src=\"https:\/\/www.ambito.com\/td\/modulos\/encuestas\/js\/function-embeds-min-version-1763784453.js\" readability=\"29.466666666667\">\n<p>El nuevo <strong>Gobierno de Bolivia<\/strong> no alcanza estabilidad pol\u00edtica en sus primeras semanas de gesti\u00f3n. Tras el <a href=\"https:\/\/www.ambito.com\/mundo\/el-ministro-justicia-bolivia-fue-removido-luego-dos-semanas-el-cargo-n6216135\" target=\"_blank\" rel=\"follow\">despido del ministro de Justicia, <strong>Freddy Vidovic<\/strong><\/a>, sobre quien pesaba una condena desde el 2015, el nuevo foco de conflicto que se le abre al flamante <strong> presidente Rodrigo Paz Pereira<\/strong> proviene de su segundo al mando, <strong>el expolic\u00eda e influencer Edmand Lara.<\/strong><\/p>\n<\/article>\n<article class=\"article-body article-body--second-paragraph content-protected-false\" readability=\"33\">\n<p>La jura de Lara como vicepresidente empez\u00f3 con el pie izquierdo, luego expresar por<strong> TikTok<\/strong> -plataforma que lo catapult\u00f3 como referente pol\u00edtico- su malestar por ser<strong> excluido de la primera reuni\u00f3n del nuevo gabinete de Rodrigo Paz Pereira.<\/strong> A partir de ese evento, en el que consider\u00f3 que s\u00f3lo lo convocaron a la asunci\u00f3n presidencial &#8220;para la foto&#8221;, enumer\u00f3 cr\u00edticas contra el flamante mandatario: le pidi\u00f3 que <strong>&#8220;no sea t\u00edtere<\/strong>&#8221; y plante\u00f3 que &#8220;tal vez pretende descartarme y dejarme a un lado&#8221;.<\/p>\n<\/article>\n<section class=\"related-news\"> <span class=\"related-news__title\">Informate m\u00e1s<\/span> <\/p>\n<div class=\"row row--eq-height\">\n<div class=\"col-12 col-md-6\">\n<article class=\"news-article news-article--landscape-news news-article--landscape-news\">\n<figure class=\"news-article__figure figure\"> <a href=\"https:\/\/www.ambito.com\/mundo\/el-baile-nicolas-maduro-medio-las-tensiones-eeuu-no-me-nadie-n6216718\" target title=\"\u00e1mbito.com | El baile de Maduro en medio de las tensiones con EEUU: No me para nadie\" alt=\"\u00e1mbito.com | El baile de Maduro en medio de las tensiones con EEUU: No me para nadie\" rel=\"noindex nofollow noreferrer\"> <img loading=\"lazy\" decoding=\"async\" src=\"https:\/\/www.ambito.com\/css-custom\/239\/lazy.svg\" data-td-src-property=\"https:\/\/media.ambito.com\/p\/34ab36d478c48cf538ee36df963f80d8\/adjuntos\/239\/imagenes\/042\/971\/0042971687\/nicolas-maduro.jpeg\" alt=\"La Venezuela en paz, viernes en la noche se declara en rumba total, dijo Maduro.\" title=\"La Venezuela en paz, viernes en la noche se declara en rumba total, dijo Maduro.\" width=\"93\" height=\"52\" class=\"news-article__figure-img figure-img img-fluid\"> <span class=\"news-article__media-badge news-article__media-badge--video\"><\/span><\/a> <\/figure>\n<\/article><\/div>\n<div class=\"col-12 col-md-6\">\n<article class=\"news-article news-article--landscape-news news-article--landscape-news\">\n<figure class=\"news-article__figure figure\"> <a href=\"https:\/\/www.ambito.com\/mundo\/jimmy-kimmel-cruzo-donald-trump-un-nuevo-ataque-callate-cerdito-n6216712\" target title=\"\u00e1mbito.com | Jimmy Kimmel cruz\u00f3 a Trump tras un nuevo ataque: Callate, cerdito\" alt=\"\u00e1mbito.com | Jimmy Kimmel cruz\u00f3 a Trump tras un nuevo ataque: Callate, cerdito\" rel=\"noindex nofollow noreferrer\"> <img loading=\"lazy\" decoding=\"async\" src=\"https:\/\/www.ambito.com\/css-custom\/239\/lazy.svg\" data-td-src-property=\"https:\/\/media.ambito.com\/p\/aa4debb233c5d7ab0d2e6ae6688e12f6\/adjuntos\/239\/imagenes\/042\/971\/0042971563\/kimmel-y-trump.jpg\" alt=\"Jimmy Kimmel volvi\u00f3 a cruzar a Donald Trump y respondi\u00f3 a sus cr\u00edticas.\" title=\"Jimmy Kimmel volvi\u00f3 a cruzar a Donald Trump y respondi\u00f3 a sus cr\u00edticas.\" width=\"93\" height=\"52\" class=\"news-article__figure-img figure-img img-fluid\"> <\/a><\/figure>\n<\/article><\/div>\n<\/div>\n<\/section>\n<article class=\"article-body article-body--third-paragraph content-protected-false\" readability=\"36.561264822134\">\n<p>Sus \u00faltimos videos los hizo desde <strong>Brasil<\/strong>, a donde viaj\u00f3 para participar de la <strong><a href=\"https:\/\/www.ambito.com\/mundo\/brasil-evacuaron-la-zona-negociaciones-la-cop30-un-incendio-n6216161\" target=\"_blank\" rel=\"follow\">COP 30<\/a><\/strong>. Desde all\u00ed radicaliz\u00f3 su enfrentamiento contra el ministro de Gobierno, <strong> Marco Antonio Oviedo<\/strong>, aludiendo a que &#8220;tiene procesos pendientes, uno por falso testimonio y lo que preocupa m\u00e1s es que tiene un proceso por violencia familiar&#8221;.<strong> &#8220;Rodrigo Paz se est\u00e1 rodeando de gente de la peor cala\u00f1a, ministros muy manchados de corrupci\u00f3n y no es el \u00fanico, ma\u00f1ana voy a denunciar&#8221;<\/strong>, a\u00f1adi\u00f3 el vicepresidente boliviano.<\/p>\n<\/article>\n<article class=\"article-body article-body--fourth-paragraph content-protected-false\" readability=\"38\">\n<figure id=\"8156508-Libre-1699415499_wrap\" class=\"embed_cont type_imagen\" contenteditable=\"false\" readability=\"1\">\n<p>Rodrigo Paz Pereira <span onclick=\"parent.parent.TinyMCETdcuerpo.preview_embed('8156508-Libre-1699415499')\" class=\"embed_colapse less\" id=\"8156508-Libre-1699415499_colapse\"><\/span> <span onclick=\"parent.parent.TinyMCETdcuerpo.delete_embed('8156508-Libre-1699415499')\" class=\"embed_delete less\" id=\"8156508-Libre-1699415499_delete\"><\/span><\/p>\n<div id=\"8156508-Libre-1699415499_content\" class=\"embed_content\"><img loading=\"lazy\" decoding=\"async\" src=\"https:\/\/www.ambito.com\/css-custom\/239\/lazy.svg\" data-td-src-property=\"https:\/\/media.ambito.com\/p\/80809e3e5116e9619e04ab85a75ef492\/adjuntos\/239\/imagenes\/042\/972\/0042972041\/730x0\/smart\/rodrigo-paz-pereira.jpg\" alt=\"Rodrigo Paz Pereira administra una conflictiva situaci\u00f3n a dos semanas de asumir.\" title=\"Rodrigo Paz Pereira administra una conflictiva situaci\u00f3n a dos semanas de asumir.\" width=\"730\" height=\"487\" id=\"8156508-Libre-1699415499_embed\"><\/div><figcaption id=\"8156508-Libre-1699415499_epigrafe\" class=\"embed_epigrafe\" readability=\"2\">\n<p> Rodrigo Paz Pereira administra una conflictiva situaci\u00f3n a dos semanas de asumir.<\/p>\n<\/figcaption><\/figure>\n<p>&#8220;Me ha identificado como su enemigo<strong>, yo no soy su enemigo, siempre he tratado de aconsejarle y desearle lo mejor, quiero y quer\u00eda lo mejor para Rodrigo Paz, no quer\u00eda que se rodee de esta gente<\/strong>. Pero bueno, cada quien es arquitecto de su porvenir, y dime con qui\u00e9n andas te dir\u00e9 qui\u00e9n eres, dice un dicho tan sabio&#8221;, manifest\u00f3.<\/p>\n<\/article>\n<article class=\"article-body article-body--fifth-paragraph content-protected-false\" readability=\"35\">\n<h2>Rodrigo Paz Pereira respondi\u00f3 a las cr\u00edticas de su vicepresidente<\/h2>\n<p>En una actividad agropecuaria en la ciudad de Santa Cruz, el presidente <strong>Rodrigo Paz Pereira <\/strong>respondi\u00f3 a las acusaciones de Lara: \u201cHabr\u00e1n visto que mi prioridad son los problemas de la gente. <strong>Edmand ha tenido una semana complicada familiar <\/strong>y en el caso nuestro, escuch\u00e9 algo que me dijeron por ah\u00ed, <strong>yo no veo TikTok<\/strong>. Lo m\u00edo es tratar los problemas grandes del pa\u00eds y resolver los problemas de la gente\u201d. Asimismo, apunt\u00f3 a dejar de lado &#8220;problemas individuales y de bloques pol\u00edticos, sino las soluciones\u201d.<\/p>\n<\/article>\n<article class=\"article-body article-body--remaining-paragraph content-protected-false\" readability=\"63.758880516685\">\n<p>Las declaraciones del Presidente remiten a una promesa de ruptura que ya concret\u00f3 <strong>Edmand Lara<\/strong>, que anticip\u00f3 que en las elecciones legislativas su partido, &#8220;<strong>Nuevas Ideas con Libertad<\/strong>&#8220;, no competir\u00eda en coalici\u00f3n con el <strong>Partido Dem\u00f3crata Cristiano (PDC)<\/strong>: &#8220;<strong>Nuevas Ideas con Libertad ahora va a poner sus propios candidatos,<\/strong> porque saben que ha pasado, nos han desconocido hermanos&#8221;. &#8220;Yo aport\u00e9 con muchos votos para que seas presidente\u201d, fue otra de las cr\u00edticas que public\u00f3 el vicepresidente en TikTok.<\/p>\n<p>Desde la Gobernaci\u00f3n de Bolivia prometieron una reuni\u00f3n entre ambas autoridades para este mismo fin de semana. La vocera del Gobierno, Carla Faval, asegur\u00f3 que el encuentro es para &#8220;<strong>tomar acciones que corresponden en torno a su gesti\u00f3n como binomio que dirige el Estado&#8221;.<\/strong><\/p>\n<h2>Bolivia: en dos semanas, ya removieron al ministro de Justicia<\/h2>\n<p>El presidente de <a href=\"https:\/\/www.ambito.com\/mundo\/despues-17-anos-bolivia-retomo-su-relacion-diplomatica-eeuu-n6211874\" target=\"_blank\" rel=\"follow noopener\">Bolivia<\/a> <strong>Rodrigo Paz<\/strong> removi\u00f3 este jueves al ministro de Justicia, tras dos semanas en el cargo. Fue por verse envuelto en un esc\u00e1ndalo por <strong>una condena de prisi\u00f3n que quiso mantener oculta.<\/strong><\/p>\n<p>Se trata del funcionario <strong>Freddy Vidovic,<\/strong> quien asumi\u00f3 el cargo el 9 de noviembre, tras el juramento de Paz para un per\u00edodo de cinco a\u00f1os. El ahora exministro hab\u00eda sido <strong>condenado en 2015 a tres a\u00f1os de prisi\u00f3n por cohecho en favor del empresario peruano Mart\u00edn Bela\u00fande<\/strong>, quien fue asesor del expresidente <strong>Ollanta Humala<\/strong>.<\/p>\n<p><strong>Bela\u00fande fue capturado en Bolivia hace 10 a\u00f1os y entregado a la justicia peruana por pedido de Lima<\/strong>, que lo reclamaba por v\u00ednculos en un caso de <strong>corrupci\u00f3n que afect\u00f3 a Humala,<\/strong> preso por dicha raz\u00f3n. <strong>Uno de los abogados del empresario era Vidovic<\/strong>, quien fue se\u00f1alado por apoyar al exasesor presidencial peruano en un intento fallido de fuga de Bolivia. Ante el esc\u00e1ndalo, Paz lo removi\u00f3 del cargo y design\u00f3 a<strong> Jorge Franz Garc\u00eda <\/strong>como nuevo ministro de Justicia.<\/p>\n<\/article>\n<p> <!-- REGION4 } --> <\/p>\n","protected":false},"excerpt":{"rendered":"<p>22 de noviembre 2025 &#8211; 20:23 El influencer Edmand Lara plante\u00f3 que el Presidente &#8220;se est\u00e1 rodeando de gente de la peor cala\u00f1a&#8221;. La vocer\u00eda presidencial promete definiciones este fin de semana. El nuevo Gobierno de Bolivia no alcanza estabilidad pol\u00edtica en sus primeras semanas de gesti\u00f3n. Tras el despido del ministro de Justicia, Freddy [&hellip;]<\/p>\n","protected":false},"author":2,"featured_media":10617,"comment_status":"closed","ping_status":"closed","sticky":false,"template":"","format":"standard","meta":{"jetpack_post_was_ever_published":false,"_jetpack_newsletter_access":"","_jetpack_dont_email_post_to_subs":false,"_jetpack_newsletter_tier_id":0,"_jetpack_memberships_contains_paywalled_content":false,"_jetpack_memberships_contains_paid_content":false,"footnotes":"","jetpack_publicize_message":"","jetpack_publicize_feature_enabled":true,"jetpack_social_post_already_shared":true,"jetpack_social_options":{"image_generator_settings":{"template":"highway","enabled":false},"version":2}},"categories":[20],"tags":[],"class_list":["post-10616","post","type-post","status-publish","format-standard","has-post-thumbnail","hentry","category-mundo"],"jetpack_publicize_connections":[],"jetpack_featured_media_url":"https:\/\/i0.wp.com\/infolanus.com\/wp-content\/uploads\/2025\/11\/bolivia-a-dos-semanas-de-la-asuncion-de-rodrigo-paz-su-vicepresidente-insiste-en-sus-criticas-por-tiktok-y-le-pide-que-no-sea-titere.jpg?fit=655%2C368&ssl=1","jetpack_sharing_enabled":true,"jetpack_shortlink":"https:\/\/wp.me\/p9QtMr-2Le","_links":{"self":[{"href":"https:\/\/infolanus.com\/index.php\/wp-json\/wp\/v2\/posts\/10616","targetHints":{"allow":["GET"]}}],"collection":[{"href":"https:\/\/infolanus.com\/index.php\/wp-json\/wp\/v2\/posts"}],"about":[{"href":"https:\/\/infolanus.com\/index.php\/wp-json\/wp\/v2\/types\/post"}],"author":[{"embeddable":true,"href":"https:\/\/infolanus.com\/index.php\/wp-json\/wp\/v2\/users\/2"}],"replies":[{"embeddable":true,"href":"https:\/\/infolanus.com\/index.php\/wp-json\/wp\/v2\/comments?post=10616"}],"version-history":[{"count":0,"href":"https:\/\/infolanus.com\/index.php\/wp-json\/wp\/v2\/posts\/10616\/revisions"}],"wp:featuredmedia":[{"embeddable":true,"href":"https:\/\/infolanus.com\/index.php\/wp-json\/wp\/v2\/media\/10617"}],"wp:attachment":[{"href":"https:\/\/infolanus.com\/index.php\/wp-json\/wp\/v2\/media?parent=10616"}],"wp:term":[{"taxonomy":"category","embeddable":true,"href":"https:\/\/infolanus.com\/index.php\/wp-json\/wp\/v2\/categories?post=10616"},{"taxonomy":"post_tag","embeddable":true,"href":"https:\/\/infolanus.com\/index.php\/wp-json\/wp\/v2\/tags?post=10616"}],"curies":[{"name":"wp","href":"https:\/\/api.w.org\/{rel}","templated":true}]}}