{"id":10632,"date":"2025-11-25T23:26:15","date_gmt":"2025-11-26T02:26:15","guid":{"rendered":"https:\/\/infolanus.com\/index.php\/2025\/11\/25\/nestor-grindetti-confirmo-al-primer-refuerzo-de-independiente-para-la-temporada-2026\/"},"modified":"2025-11-25T23:26:15","modified_gmt":"2025-11-26T02:26:15","slug":"nestor-grindetti-confirmo-al-primer-refuerzo-de-independiente-para-la-temporada-2026","status":"publish","type":"post","link":"https:\/\/infolanus.com\/index.php\/2025\/11\/25\/nestor-grindetti-confirmo-al-primer-refuerzo-de-independiente-para-la-temporada-2026\/","title":{"rendered":"N\u00e9stor Grindetti confirm\u00f3 al primer refuerzo de Independiente para la temporada 2026"},"content":{"rendered":"<div class=\"media_block\"><\/div>\n<p>A pesar de que la temporada a\u00fan no ha terminado, algunos clubes que ya no compiten este a\u00f1o ya est\u00e1n pensando en el pr\u00f3ximo, y uno de ellos es<a target=\"_blank\" href=\"https:\/\/442.perfil.com\/noticias\/futbol\/independiente-nuevamente-en-llamas-protesta-de-los-socios-contra-la-comision-de-nestor-grindetti.phtml\"><strong> Independiente de Avellaneda.<\/strong><\/a><\/p>\n<p>El <em>Rojo<\/em>, que perdi\u00f3 la posibilidad de pelear en los playoffs del Torneo Clausura, ya empez\u00f3 a planificar su 2026 y fue el propio presidente, <strong>N\u00e9stor Grindetti, quien anticip\u00f3 qui\u00e9n ser\u00e1 el primer refuerzo para la siguiente temporada.<\/strong><\/p>\n<div>\n<figure class=\"image\"><img data-recalc-dims=\"1\" decoding=\"async\" alt=\"grindetti\" height=\"359\" src=\"https:\/\/i0.wp.com\/fotos.perfil.com\/\/\/2025\/08\/27\/900\/0\/nestor-grindetti-2087652.jpg?resize=640%2C359&#038;ssl=1\" width=\"640\" loading=\"lazy\"><figcaption>N\u00e9stor Grindetti<\/figcaption><\/figure>\n<\/div>\n<p>Se trata de Javier Ruiz, quien regresar\u00e1 al club por pedido de Gustavo Quinteros:<strong> &#8220;El t\u00e9cnico nos lo pidi\u00f3. Es un jugador de Independiente y lo vamos a repescar&#8221;<\/strong>, afirm\u00f3 el m\u00e1ximo dirigente del<em> Rey de Copas.<\/em><\/p>\n<p>El delantero de 21 a\u00f1os <strong>hab\u00eda sido cedido a Barracas Central por una temporada<\/strong>, despu\u00e9s de no haber sido considerado por Julio Vaccari cuando estaba al mando de Independiente.<\/p>\n<div>\n<figure class=\"image\"><img data-recalc-dims=\"1\" decoding=\"async\" alt=\"javier ruiz\" height=\"360\" src=\"https:\/\/i0.wp.com\/fotos.perfil.com\/\/2025\/11\/26\/900\/0\/javier-ruiz-2142945.jpg?resize=640%2C360\" width=\"640\" loading=\"lazy\"><figcaption>Javier Ruiz<\/figcaption><\/figure>\n<\/div>\n<p>En el <em>Guapo<\/em>, Ruiz encontr\u00f3 continuidad, siendo uno de los jugadores m\u00e1s influyentes del equipo, con <strong>40 partidos jugados y cinco goles convertidos, destac\u00e1ndose como uno de los mejores talentos del Torneo Clausura.<\/strong><\/p>\n<p>Su rendimiento lo transform\u00f3 en una pieza clave del equipo de Rub\u00e9n Dar\u00edo Ins\u00faa, que viene de ganarle a Deportivo Riestra y se clasific\u00f3 a los cuartos de final, donde se ver\u00e1 las caras con Gimnasia y Esgrima de La Plata.<\/p>\n<p>FMZ<\/p>\n<p> <!-- tags --> <\/p>\n","protected":false},"excerpt":{"rendered":"<p>A pesar de que la temporada a\u00fan no ha terminado, algunos clubes que ya no compiten este a\u00f1o ya est\u00e1n pensando en el pr\u00f3ximo, y uno de ellos es Independiente de Avellaneda. El Rojo, que perdi\u00f3 la posibilidad de pelear en los playoffs del Torneo Clausura, ya empez\u00f3 a planificar su 2026 y fue el [&hellip;]<\/p>\n","protected":false},"author":2,"featured_media":10633,"comment_status":"closed","ping_status":"closed","sticky":false,"template":"","format":"standard","meta":{"jetpack_post_was_ever_published":false,"_jetpack_newsletter_access":"","_jetpack_dont_email_post_to_subs":false,"_jetpack_newsletter_tier_id":0,"_jetpack_memberships_contains_paywalled_content":false,"_jetpack_memberships_contains_paid_content":false,"footnotes":"","jetpack_publicize_message":"","jetpack_publicize_feature_enabled":true,"jetpack_social_post_already_shared":true,"jetpack_social_options":{"image_generator_settings":{"template":"highway","enabled":false},"version":2}},"categories":[17],"tags":[],"class_list":["post-10632","post","type-post","status-publish","format-standard","has-post-thumbnail","hentry","category-deportes"],"jetpack_publicize_connections":[],"jetpack_featured_media_url":"https:\/\/i0.wp.com\/infolanus.com\/wp-content\/uploads\/2025\/11\/nestor-grindetti-confirmo-al-primer-refuerzo-de-independiente-para-la-temporada-2026.jpg?fit=900%2C505&ssl=1","jetpack_sharing_enabled":true,"jetpack_shortlink":"https:\/\/wp.me\/p9QtMr-2Lu","_links":{"self":[{"href":"https:\/\/infolanus.com\/index.php\/wp-json\/wp\/v2\/posts\/10632","targetHints":{"allow":["GET"]}}],"collection":[{"href":"https:\/\/infolanus.com\/index.php\/wp-json\/wp\/v2\/posts"}],"about":[{"href":"https:\/\/infolanus.com\/index.php\/wp-json\/wp\/v2\/types\/post"}],"author":[{"embeddable":true,"href":"https:\/\/infolanus.com\/index.php\/wp-json\/wp\/v2\/users\/2"}],"replies":[{"embeddable":true,"href":"https:\/\/infolanus.com\/index.php\/wp-json\/wp\/v2\/comments?post=10632"}],"version-history":[{"count":0,"href":"https:\/\/infolanus.com\/index.php\/wp-json\/wp\/v2\/posts\/10632\/revisions"}],"wp:featuredmedia":[{"embeddable":true,"href":"https:\/\/infolanus.com\/index.php\/wp-json\/wp\/v2\/media\/10633"}],"wp:attachment":[{"href":"https:\/\/infolanus.com\/index.php\/wp-json\/wp\/v2\/media?parent=10632"}],"wp:term":[{"taxonomy":"category","embeddable":true,"href":"https:\/\/infolanus.com\/index.php\/wp-json\/wp\/v2\/categories?post=10632"},{"taxonomy":"post_tag","embeddable":true,"href":"https:\/\/infolanus.com\/index.php\/wp-json\/wp\/v2\/tags?post=10632"}],"curies":[{"name":"wp","href":"https:\/\/api.w.org\/{rel}","templated":true}]}}