{"id":10634,"date":"2025-11-25T21:20:00","date_gmt":"2025-11-26T00:20:00","guid":{"rendered":"https:\/\/www.ambito.com\/c6217689"},"modified":"2025-11-25T21:20:00","modified_gmt":"2025-11-26T00:20:00","slug":"comenzo-el-proceso-de-seleccion-del-proximo-secretario-general-de-la-onu-quien-es-el-candidato-argentino","status":"publish","type":"post","link":"https:\/\/infolanus.com\/index.php\/2025\/11\/25\/comenzo-el-proceso-de-seleccion-del-proximo-secretario-general-de-la-onu-quien-es-el-candidato-argentino\/","title":{"rendered":"Comenz\u00f3 el proceso de selecci\u00f3n del pr\u00f3ximo secretario general de la ONU: qui\u00e9n es el candidato argentino"},"content":{"rendered":"<div id>\n<p>Comenz\u00f3 oficialmente el <strong>proceso para elegir al pr\u00f3ximo secretario general de las <a href=\"https:\/\/www.ambito.com\/mundo\/asamblea-general-la-onu-2025-una-cumbre-marcada-israel-la-guerra-gaza-y-el-futuro-palestina-n6193040\" target=\"_blank\" rel=\"follow\">Naciones Unidas<\/a><\/strong>, que asumir\u00e1 el cargo en enero de 2027 para suceder al actual titular, <strong> Antonio Guterres<\/strong>. Para dar inicio a la selecci\u00f3n del nuevo presidente de la Asamblea General, se le pidi\u00f3 a los Estados miembros que <strong>propusieran a sus candidatos, instando a que haya postulantes mujeres<\/strong>. El argentino <strong>Rafael Grossi ya anunci\u00f3 que presentar\u00e1 su candidatura para el cargo. <\/strong><\/p>\n<\/p><\/div>\n<div id>\n<p>Los 15 miembros del <strong>Consejo de Seguridad<\/strong> invitaron a los 193 pa\u00edses que conforman la <strong>ONU a presentar candidaturas, a trav\u00e9s de una carta que tambi\u00e9n llev\u00f3 la firma de Guterres. <\/strong><\/p>\n<\/p><\/div>\n<div id>\n<p>\u201cObservando con pesar que ninguna mujer ha ocupado nunca el cargo de <strong>secretario general<\/strong>, y convencidos de la necesidad de garantizar la igualdad de oportunidades para mujeres y hombres a la hora de acceder a altos puestos de toma de decisiones, <strong>se insta a los Estados miembros a que consideren seriamente la posibilidad de designar a mujeres como candidatas<\/strong>\u201c, escribieron en la carta.<\/p>\n<\/div>\n<div id>\n<p>La <strong>decisi\u00f3n definitiva se anunciar\u00e1 a fines de 2026<\/strong>, para que el nuevo secretario general de la ONU asuma sus funciones a partir del 1 de enero de 2027. Los cinco miembros permanentes del Consejo con derecho a veto -Estados Unidos, Rusia, Gran Breta\u00f1a, China y Francia- <strong>deber\u00e1n ponerse de acuerdo sobre un candidato<\/strong>.<\/p>\n<\/div>\n<div id>\n<p>Adem\u00e1s de Grossi, tambi\u00e9n anunciaron sus postulaciones la expresidenta de Chile <strong>Michelle Bachelet<\/strong> y la exvicepresidenta de <strong>Costa Rica Rebeca Grynspan.<\/strong><\/p>\n<\/p><\/div>\n<div id>\n<p> La secretar\u00eda general de <strong>Naciones Unidas<\/strong> rota entre continentes -a excepci\u00f3n de Norteam\u00e9rica por considerar que ya tiene mucho poder- y el <strong>pr\u00f3ximo turno corresponder\u00eda a Latinoam\u00e9rica.<\/strong><\/p>\n<h2>Rafael Grossi, el argentino candidato a ser secretario general de la ONU<\/h2>\n<p>El argentino <strong data-start=\"398\" data-end=\"415\">Rafael Grossi<\/strong>, actual director general del <strong data-start=\"445\" data-end=\"498\"><a href=\"https:\/\/www.ambito.com\/mundo\/iran-dijo-que-colaborara-el-oiea-pero-que-las-inspecciones-sus-instalaciones-pueden-ser-arriesgadas-n6166497\" target=\"_blank\" rel=\"follow noopener\">Organismo Internacional de Energ\u00eda At\u00f3mica (OIEA)<\/a><\/strong>, confirm\u00f3 semanas atr\u00e1s que presentar\u00eda su candidatura para ser el sucesor de Guterres.<\/p>\n<p>\u201cSolo hay que mirar lo que estoy haciendo. Ese soy yo\u201d, afirm\u00f3 Grossi a la par de una conferencia de prensa en la sede de la ONU. A su vez, neg\u00f3 que su postulaci\u00f3n afectara su actual trabajo: \u201cPor el contrario, creo que <strong>lo que hago al frente del AIEA habla m\u00e1s que las palabras, visiones, promesas e ideas que podr\u00eda tener como secretario general<\/strong>&#8220;.<\/p>\n<figure id=\"8094112-Libre-464517745_wrap\" class=\"embed_cont type_imagen\" contenteditable=\"false\">\n<p>Rafael Grossi.jpg <span onclick=\"parent.parent.TinyMCETdcuerpo.preview_embed('8094112-Libre-464517745')\" class=\"embed_colapse less\" id=\"8094112-Libre-464517745_colapse\"><\/span> <span onclick=\"parent.parent.TinyMCETdcuerpo.delete_embed('8094112-Libre-464517745')\" class=\"embed_delete less\" id=\"8094112-Libre-464517745_delete\"><\/span><\/p>\n<div id=\"8094112-Libre-464517745_content\" class=\"embed_content\"><img data-recalc-dims=\"1\" decoding=\"async\" src=\"https:\/\/i0.wp.com\/media.ambito.com\/p\/07b738eadbec9a3990d345659ebd68e0\/adjuntos\/239\/imagenes\/042\/547\/0042547396\/730x0\/smart\/rafael-grossijpg.jpg?resize=640%2C426&#038;ssl=1\" alt title width=\"640\" height=\"426\" id=\"8094112-Libre-464517745_embed\" crossorigin=\"anonymous\" fetchpriority=\"high\" decode=\"async\"><\/div><figcaption class=\"embed_wrapper-cont\"> <\/figcaption><\/figure>\n<p>Grossi es diplom\u00e1tico de carrera y polit\u00f3logo de la UCA. Asumi\u00f3 al frente del<strong> Organismo Internacional de Energ\u00eda At\u00f3mica (OIEA)<\/strong><strong>, <\/strong>encargado de velar por el <strong>uso pac\u00edfico de la tecnolog\u00eda at\u00f3mica, <\/strong>a finales de <strong>2019<\/strong>, luego de la muerte de su antecesor, <strong>Yukiya Amano<\/strong>. De esta forma, se convirti\u00f3 en el <strong>primer latinoamericano <\/strong>en dirigir el organismo internacional.<\/p>\n<p>Su gesti\u00f3n al frente del OIEA estuvo marcada por el conflicto en torno al <strong>programa nuclear de Ir\u00e1n<\/strong>, cuya verificaci\u00f3n y supervisi\u00f3n est\u00e1 en manos de la agencia que dirige, y por la<strong> guerra en Ucrania<\/strong>, donde la <strong>planta nuclear<\/strong> de <strong>Zaporizhzhia<\/strong> est\u00e1 bajo ocupaci\u00f3n rusa desde marzo de 2022. El argentino encabez\u00f3 personalmente misiones en la central, donde los equipos de la agencia, incluido \u00e9l mismo, quedaron en medio de fuego cruzado. Su demanda reiterada de establecer una zona de protecci\u00f3n en torno a la planta refleja tanto la<strong> urgencia de la situaci\u00f3n como su empe\u00f1o en situar a la agencia como actor central en la prevenci\u00f3n de una cat\u00e1strofe.<\/strong><\/p>\n<p>Previamente, hab\u00eda sido <strong>embajador<\/strong> argentino en Austria, Eslovenia y Eslovaquia, y -entre 2009 y 2013- fue director adjunto para <strong>Asuntos Pol\u00edticos<\/strong> y <strong>jefe de Gabinete <\/strong>de Amano en la direcci\u00f3n general del OIEA.<\/p>\n<h2>La ONU define a su pr\u00f3ximo secretario general: qui\u00e9nes son las otras candidatas<\/h2>\n<p>Otra de las candidatas ya anunciada para el cargo es <strong>Michelle Bachelet, <\/strong>expresidenta de Chile. La referente fue postulada por el actual mandatario chileno, Gabriel Boric, quien asegur\u00f3 que cuenta con el <strong>respaldo de su pa\u00eds y consider\u00f3 que lleg\u00f3 el momento de que sea una mujer lidere el organismo.<\/strong><\/p>\n<p>Durante su \u00faltima intervenci\u00f3n ante la Asamblea de las Naciones, Boric destac\u00f3 la trayectoria de Bachelet tanto a nivel nacional -fue dos veces jefa de Estado de Chile- como su experiencia internacional -donde ejerci\u00f3 como presidenta de <strong>ONU Mujeres<\/strong> y como<strong> Alta Comisionada por los Derechos Humanos<\/strong>-.<\/p>\n<p>&#8220;Quiero decirles que el <strong>equilibrio regional debe respetarse en este proceso<\/strong>. Este es el tiempo de <strong>Am\u00e9rica Latina y del Caribe<\/strong>. Somos una regi\u00f3n sin guerras, con una rica tradici\u00f3n diplom\u00e1tica, forjadora de consensos y un compromiso inquebrantable con la Carta de Naciones Unidas desde su fundaci\u00f3n. <strong>Enfrentar el desequilibrio hist\u00f3rico de g\u00e9nero en las Naciones Unidas, en donde nunca un Secretario General ha sido mujer, es tambi\u00e9n un tema pendiente&#8221;<\/strong>, afirm\u00f3.<\/p>\n<p>La propia Bachelet tambi\u00e9n se refiri\u00f3 a la posibilidad de ocupar el cargo y afirm\u00f3: \u201cSin duda creo que Naciones Unidas ha jugado y va a seguir jugando un rol fundamental en un pa\u00eds, un mundo de paz, un mundo donde todos vamos a tener una vida mejor, as\u00ed que mi compromiso es ese\u201d.<\/p>\n<figure id=\"7376482-Libre-1422998644_wrap\" class=\"embed_cont type_imagen\" contenteditable=\"false\">\n<p>MICHELLE BACHELET.jpg <span onclick=\"parent.parent.TinyMCETdcuerpo.preview_embed('7376482-Libre-1422998644')\" class=\"embed_colapse less\" id=\"7376482-Libre-1422998644_colapse\"><\/span> <span onclick=\"parent.parent.TinyMCETdcuerpo.delete_embed('7376482-Libre-1422998644')\" class=\"embed_delete less\" id=\"7376482-Libre-1422998644_delete\"><\/span><\/p>\n<div id=\"7376482-Libre-1422998644_content\" class=\"embed_content\"><img loading=\"lazy\" decoding=\"async\" src=\"https:\/\/www.ambito.com\/css-custom\/239\/lazy.svg\" data-td-src-property=\"https:\/\/media.ambito.com\/p\/882bed43aafb2e2c0013e3f460a695db\/adjuntos\/239\/imagenes\/037\/004\/0037004173\/michelle-bacheletjpg.jpg\" alt=\"Michelle Bachelet\" title=\"Michelle Bachelet\" width=\"730\" height=\"410\" id=\"7376482-Libre-1422998644_embed\"><\/div><figcaption class=\"embed_wrapper-cont\">\n<p> Michelle Bachelet<\/p>\n<p>Reuters<\/p>\n<\/figcaption><\/figure>\n<p>Finalmente, la tercera candidata anunciada hasta el momento es la exvicepresidenta de Costa Rica y actual jefa de la Agencia de la ONU para el Comercio y el Desarrollo (UNCTAD, por sus siglas en ingl\u00e9s), <strong>Rebeca Grynspan. <\/strong><\/p>\n<p>Entre 1994 y 1998, fue la n\u00famero dos del gobierno de Costa Rica durante la presidencia del centrista Jos\u00e9 Mar\u00eda Figueres. Posteriormente tambi\u00e9n se desempe\u00f1o como viceministra de Hacienda, titular de las carteras de Vivienda y de Asuntos Econ\u00f3micos.<\/p>\n<\/div>\n","protected":false},"excerpt":{"rendered":"<p>Comenz\u00f3 oficialmente el proceso para elegir al pr\u00f3ximo secretario general de las Naciones Unidas, que asumir\u00e1 el cargo en enero de 2027 para suceder al actual titular, Antonio Guterres. Para dar inicio a la selecci\u00f3n del nuevo presidente de la Asamblea General, se le pidi\u00f3 a los Estados miembros que propusieran a sus candidatos, instando [&hellip;]<\/p>\n","protected":false},"author":2,"featured_media":10635,"comment_status":"closed","ping_status":"closed","sticky":false,"template":"","format":"standard","meta":{"jetpack_post_was_ever_published":false,"_jetpack_newsletter_access":"","_jetpack_dont_email_post_to_subs":false,"_jetpack_newsletter_tier_id":0,"_jetpack_memberships_contains_paywalled_content":false,"_jetpack_memberships_contains_paid_content":false,"footnotes":"","jetpack_publicize_message":"","jetpack_publicize_feature_enabled":true,"jetpack_social_post_already_shared":true,"jetpack_social_options":{"image_generator_settings":{"template":"highway","enabled":false},"version":2}},"categories":[20],"tags":[],"class_list":["post-10634","post","type-post","status-publish","format-standard","has-post-thumbnail","hentry","category-mundo"],"jetpack_publicize_connections":[],"jetpack_featured_media_url":"https:\/\/i0.wp.com\/infolanus.com\/wp-content\/uploads\/2025\/11\/comenzo-el-proceso-de-seleccion-del-proximo-secretario-general-de-la-onu-quien-es-el-candidato-argentino.jpg?fit=730%2C487&ssl=1","jetpack_sharing_enabled":true,"jetpack_shortlink":"https:\/\/wp.me\/p9QtMr-2Lw","_links":{"self":[{"href":"https:\/\/infolanus.com\/index.php\/wp-json\/wp\/v2\/posts\/10634","targetHints":{"allow":["GET"]}}],"collection":[{"href":"https:\/\/infolanus.com\/index.php\/wp-json\/wp\/v2\/posts"}],"about":[{"href":"https:\/\/infolanus.com\/index.php\/wp-json\/wp\/v2\/types\/post"}],"author":[{"embeddable":true,"href":"https:\/\/infolanus.com\/index.php\/wp-json\/wp\/v2\/users\/2"}],"replies":[{"embeddable":true,"href":"https:\/\/infolanus.com\/index.php\/wp-json\/wp\/v2\/comments?post=10634"}],"version-history":[{"count":0,"href":"https:\/\/infolanus.com\/index.php\/wp-json\/wp\/v2\/posts\/10634\/revisions"}],"wp:featuredmedia":[{"embeddable":true,"href":"https:\/\/infolanus.com\/index.php\/wp-json\/wp\/v2\/media\/10635"}],"wp:attachment":[{"href":"https:\/\/infolanus.com\/index.php\/wp-json\/wp\/v2\/media?parent=10634"}],"wp:term":[{"taxonomy":"category","embeddable":true,"href":"https:\/\/infolanus.com\/index.php\/wp-json\/wp\/v2\/categories?post=10634"},{"taxonomy":"post_tag","embeddable":true,"href":"https:\/\/infolanus.com\/index.php\/wp-json\/wp\/v2\/tags?post=10634"}],"curies":[{"name":"wp","href":"https:\/\/api.w.org\/{rel}","templated":true}]}}