{"id":10640,"date":"2025-11-27T18:58:47","date_gmt":"2025-11-27T21:58:47","guid":{"rendered":"https:\/\/infolanus.com\/index.php\/2025\/11\/27\/afa-suspendio-a-juan-sebastian-veron-y-once-futbolistas-de-estudiantes-por-el-espaldazo-a-rosario-central\/"},"modified":"2025-11-27T18:58:47","modified_gmt":"2025-11-27T21:58:47","slug":"afa-suspendio-a-juan-sebastian-veron-y-once-futbolistas-de-estudiantes-por-el-espaldazo-a-rosario-central","status":"publish","type":"post","link":"https:\/\/infolanus.com\/index.php\/2025\/11\/27\/afa-suspendio-a-juan-sebastian-veron-y-once-futbolistas-de-estudiantes-por-el-espaldazo-a-rosario-central\/","title":{"rendered":"AFA suspendi\u00f3 a Juan Sebasti\u00e1n Ver\u00f3n y once futbolistas de Estudiantes por el \u201cespaldazo\u201d a Rosario Central"},"content":{"rendered":"<div class=\"media_block\"><\/div>\n<p>La guerra entre <strong>AFA<\/strong> y <strong>Estudiantes<\/strong> avanz\u00f3 con la resoluci\u00f3n del <a target=\"_blank\" href=\"https:\/\/442.perfil.com\/noticias\/futbol\/afa-abrio-un-expediente-contra-estudiantes-por-el-polemico-pasillo-y-sus-futbolistas-se-exponen-a-sanciones.phtml\"><strong>Tribunal de Disciplina<\/strong><\/a> de la casa madre, que sancion\u00f3 con dureza a futbolistas del <strong>Pincha<\/strong>, y tambi\u00e9n a su presidente, tras el <strong><a target=\"_blank\" href=\"https:\/\/442.perfil.com\/noticias\/futbol\/pasillo-de-espaldas-de-estudiantes-a-rosario-central.phtml\">&#8220;espaldarazo&#8221;<\/a><\/strong>.<\/p>\n<p><strong>Juan Sebasti\u00e1n Ver\u00f3n<\/strong> fue suspendido por <strong>seis meses<\/strong> para \u201ctoda actividad relacionada con el f\u00fatbol por infracci\u00f3n al art. 12 del C\u00f3digo Disciplinario\u201d. El a\u00f1o pasado, <strong>AFA<\/strong> hab\u00eda suspendido por <strong>dos a\u00f1os<\/strong> a <a target=\"_blank\" href=\"https:\/\/442.perfil.com\/noticias\/fuera-de-juego\/andres-fassi-pidio-disculpas-publicas-a-chiqui-tapia-y-recibio-una-dura-respuesta-desde-afa.phtml\"><strong>Andr\u00e9s Fassi<\/strong><\/a>, sanci\u00f3n que termin\u00f3 levant\u00e1ndose el pasado marzo a instancias del <strong>TAS<\/strong>.<\/p>\n<figure class=\"image\"><img data-recalc-dims=\"1\" decoding=\"async\" alt=\"Tapia y Veron\" src=\"https:\/\/i0.wp.com\/fotos.perfil.com\/\/2025\/08\/04\/900\/0\/tapia-y-veron-2074110.jpg?w=640&#038;ssl=1\" loading=\"lazy\"><figcaption>Claudio Tapia y Juan Sebasti\u00e1n Ver\u00f3n<\/figcaption><\/figure>\n<h2><strong>AFA sancion\u00f3 a todos los jugadores de Estudiantes<\/strong><\/h2>\n<p>En tanto, los <strong>once jugadores<\/strong> de <strong>Estudiantes<\/strong> que formaron parte del pasillo fueron sancionados con <strong>dos fechas de suspensi\u00f3n<\/strong>. Eso s\u00ed, la misma ser\u00e1 efectiva a partir del pr\u00f3ximo campeonato, el <strong>Apertura 2026<\/strong>, siempre y cuando los jugadores permanezcan en el club.<\/p>\n<figure class=\"image\"><img data-recalc-dims=\"1\" decoding=\"async\" alt=\"Tribunal de Disciplina - Sanci\u00f3n a Estudiantes\" src=\"https:\/\/i0.wp.com\/fotos.perfil.com\/\/2025\/11\/27\/900\/0\/tribunal-de-disciplina-sancion-a-estudiantes-2144120.jpg?w=640&#038;ssl=1\" loading=\"lazy\"><figcaption>Tribunal de Disciplina &#8211; Sanci\u00f3n a Estudiantes<\/figcaption><\/figure>\n<p>Eso quiere decir que todos los futbolistas estar\u00e1n disponibles para enfrentar a <strong>Central C\u00f3rdoba de Santiago del Estero<\/strong> el pr\u00f3ximo s\u00e1bado.<\/p>\n<figure class=\"image\"><img data-recalc-dims=\"1\" decoding=\"async\" alt=\"Pasillo Estudiantes de La Plata\" src=\"https:\/\/i0.wp.com\/fotos.perfil.com\/\/2025\/11\/24\/900\/0\/pasillo-estudiantes-de-la-plata-2142248.jpg?w=640&#038;ssl=1\" loading=\"lazy\"><figcaption>Sanci\u00f3n a todos los jugadores de Estudiantes, pero para el pr\u00f3ximo campeonato&nbsp;<\/figcaption><\/figure>\n<p>Finalmente, el capit\u00e1n de <strong>Estudiantes<\/strong>, <strong>Santiago N\u00fa\u00f1ez<\/strong>, recibi\u00f3 una sanci\u00f3n extra por la que no podr\u00e1 \u201cejercer la funci\u00f3n de capit\u00e1n\u201d durante <strong>tres meses<\/strong>.<\/p>\n<p>NZ<\/p>\n<p> <!-- tags --> <\/p>\n","protected":false},"excerpt":{"rendered":"<p>La guerra entre AFA y Estudiantes avanz\u00f3 con la resoluci\u00f3n del Tribunal de Disciplina de la casa madre, que sancion\u00f3 con dureza a futbolistas del Pincha, y tambi\u00e9n a su presidente, tras el &#8220;espaldarazo&#8221;. Juan Sebasti\u00e1n Ver\u00f3n fue suspendido por seis meses para \u201ctoda actividad relacionada con el f\u00fatbol por infracci\u00f3n al art. 12 del [&hellip;]<\/p>\n","protected":false},"author":2,"featured_media":10641,"comment_status":"closed","ping_status":"closed","sticky":false,"template":"","format":"standard","meta":{"jetpack_post_was_ever_published":false,"_jetpack_newsletter_access":"","_jetpack_dont_email_post_to_subs":false,"_jetpack_newsletter_tier_id":0,"_jetpack_memberships_contains_paywalled_content":false,"_jetpack_memberships_contains_paid_content":false,"footnotes":"","jetpack_publicize_message":"","jetpack_publicize_feature_enabled":true,"jetpack_social_post_already_shared":true,"jetpack_social_options":{"image_generator_settings":{"template":"highway","enabled":false},"version":2}},"categories":[17],"tags":[],"class_list":["post-10640","post","type-post","status-publish","format-standard","has-post-thumbnail","hentry","category-deportes"],"jetpack_publicize_connections":[],"jetpack_featured_media_url":"https:\/\/i0.wp.com\/infolanus.com\/wp-content\/uploads\/2025\/11\/afa-suspendio-a-juan-sebastian-veron-y-once-futbolistas-de-estudiantes-por-el-espaldazo-a-rosario-central.jpg?fit=900%2C506&ssl=1","jetpack_sharing_enabled":true,"jetpack_shortlink":"https:\/\/wp.me\/p9QtMr-2LC","_links":{"self":[{"href":"https:\/\/infolanus.com\/index.php\/wp-json\/wp\/v2\/posts\/10640","targetHints":{"allow":["GET"]}}],"collection":[{"href":"https:\/\/infolanus.com\/index.php\/wp-json\/wp\/v2\/posts"}],"about":[{"href":"https:\/\/infolanus.com\/index.php\/wp-json\/wp\/v2\/types\/post"}],"author":[{"embeddable":true,"href":"https:\/\/infolanus.com\/index.php\/wp-json\/wp\/v2\/users\/2"}],"replies":[{"embeddable":true,"href":"https:\/\/infolanus.com\/index.php\/wp-json\/wp\/v2\/comments?post=10640"}],"version-history":[{"count":0,"href":"https:\/\/infolanus.com\/index.php\/wp-json\/wp\/v2\/posts\/10640\/revisions"}],"wp:featuredmedia":[{"embeddable":true,"href":"https:\/\/infolanus.com\/index.php\/wp-json\/wp\/v2\/media\/10641"}],"wp:attachment":[{"href":"https:\/\/infolanus.com\/index.php\/wp-json\/wp\/v2\/media?parent=10640"}],"wp:term":[{"taxonomy":"category","embeddable":true,"href":"https:\/\/infolanus.com\/index.php\/wp-json\/wp\/v2\/categories?post=10640"},{"taxonomy":"post_tag","embeddable":true,"href":"https:\/\/infolanus.com\/index.php\/wp-json\/wp\/v2\/tags?post=10640"}],"curies":[{"name":"wp","href":"https:\/\/api.w.org\/{rel}","templated":true}]}}