{"id":10642,"date":"2025-11-27T20:35:00","date_gmt":"2025-11-27T23:35:00","guid":{"rendered":"https:\/\/www.ambito.com\/c6218487"},"modified":"2025-11-27T20:35:00","modified_gmt":"2025-11-27T23:35:00","slug":"peru-pedro-castillo-recibio-11-anos-y-5-meses-de-prision-por-conspiracion-para-rebelion","status":"publish","type":"post","link":"https:\/\/infolanus.com\/index.php\/2025\/11\/27\/peru-pedro-castillo-recibio-11-anos-y-5-meses-de-prision-por-conspiracion-para-rebelion\/","title":{"rendered":"Per\u00fa: Pedro Castillo recibi\u00f3 11 a\u00f1os y 5 meses de prisi\u00f3n por &#8220;conspiraci\u00f3n para rebeli\u00f3n&#8221;"},"content":{"rendered":"<div id>\n<p><a href=\"https:\/\/www.ambito.com\/mundo\/peru-el-expresidente-martin-vizcarra-fue-condenado-14-anos-prision-sobornos-n6218088\" target=\"_blank\" rel=\"follow\"><strong>La Corte Suprema de Per\u00fa<\/strong><\/a> dict\u00f3 este jueves una pena de <strong>11 a\u00f1os, 5 meses y 15 d\u00edas<\/strong> de prisi\u00f3n para el expresidente <strong>Pedro Castillo<\/strong>, al considerarlo coautor del delito de conspiraci\u00f3n para una rebeli\u00f3n por el fallido intento de golpe de Estado del <strong>7 de diciembre de 2022<\/strong>. El tribunal tambi\u00e9n absolvi\u00f3 al exmandatario de los cargos de abuso de poder y perturbaci\u00f3n del orden p\u00fablico.<\/p>\n<\/div>\n<div id>\n<p>El expresidente peruano fue condenado por el delito de conspiraci\u00f3n para una rebeli\u00f3n, en el marco de lo que consider\u00f3 un intento de golpe de Estado encabezado por \u00e9l ocurrido el <strong>7 de diciembre de 2022<\/strong>, cuando anunci\u00f3 la disoluci\u00f3n temporal del Congreso, la intervenci\u00f3n de la Judicatura y la decisi\u00f3n de gobernar mediante decretos.<\/p>\n<\/div>\n<div id>\n<p>Su mensaje buscaba anticiparse a una<strong> nueva moci\u00f3n de destituci\u00f3n<\/strong> impulsada por la oposici\u00f3n tras la difusi\u00f3n de indicios de presunta corrupci\u00f3n que lo involucraban de forma directa.<\/p>\n<\/div>\n<div id>\n<p>Seg\u00fan report\u00f3 el sitio <strong>DW, <\/strong>el exmandatario de <strong>56 a\u00f1os<\/strong> fue absuelto de los delitos de abuso de poder y perturbaci\u00f3n del orden p\u00fablico. Sin embargo, la Corte Suprema resolvi\u00f3 <strong>\u201ccondenar a Jos\u00e9 Pedro Castillo Terrones como coautor del delito contra los poderes del Estado y el orden constitucional en la modalidad de conspiraci\u00f3n para una rebeli\u00f3n (&#8230;) y como tal se le impone al sentenciado 11 a\u00f1os, 5 meses y 15 d\u00edas de pena privativa de libertad de car\u00e1cter efectivo\u201d<\/strong>.<\/p>\n<\/div>\n<div id>\n<figure id=\"8158519-Libre-1778344798_wrap\" class=\"embed_cont type_imagen\" contenteditable=\"false\">\n<p>Betssy Ch\u00e1vez <span onclick=\"parent.parent.TinyMCETdcuerpo.preview_embed('8158519-Libre-1778344798')\" class=\"embed_colapse less\" id=\"8158519-Libre-1778344798_colapse\"><\/span> <span onclick=\"parent.parent.TinyMCETdcuerpo.delete_embed('8158519-Libre-1778344798')\" class=\"embed_delete less\" id=\"8158519-Libre-1778344798_delete\"><\/span><\/p>\n<div id=\"8158519-Libre-1778344798_content\" class=\"embed_content\"><img data-recalc-dims=\"1\" decoding=\"async\" src=\"https:\/\/i0.wp.com\/media.ambito.com\/p\/718fc4b9d2333b9e99102609f99b32b6\/adjuntos\/239\/imagenes\/042\/984\/0042984954\/730x0\/smart\/betssy-chavez.jpg?resize=640%2C426&#038;ssl=1\" alt=\"Betssy Ch\u00e1vez tambi\u00e9n fue condenada por la Corte Suprema de Per\u00fa.\" title=\"Betssy Ch\u00e1vez tambi\u00e9n fue condenada por la Corte Suprema de Per\u00fa.\" width=\"640\" height=\"426\" id=\"8158519-Libre-1778344798_embed\" crossorigin=\"anonymous\" fetchpriority=\"high\" decode=\"async\"><\/div><figcaption class=\"embed_wrapper-cont\" readability=\"1\">\n<div id=\"8158519-Libre-1778344798_epigrafe\" class=\"embed_epigrafe\" readability=\"7\">\n<p>Betssy Ch\u00e1vez tambi\u00e9n fue condenada por la Corte Suprema de Per\u00fa.<\/p>\n<\/div>\n<\/figcaption><\/figure>\n<p>La fiscal\u00eda hab\u00eda solicitado <strong>34 a\u00f1os de prisi\u00f3n<\/strong> por todos los cargos, pero el tribunal finalmente se inclin\u00f3 por una pena menor. Castillo escuch\u00f3 la condena con calma, acompa\u00f1ado por su abogado, seg\u00fan mostraron im\u00e1genes del <strong>Poder Judicial<\/strong>. El tribunal subray\u00f3 que <strong>\u201cCastillo fue detenido en flagrancia delictiva por la comisi\u00f3n del delito de rebeli\u00f3n\u201d<\/strong>.<\/p>\n<\/div>\n<div id>\n<p>El d\u00eda de los hechos, tras su pronunciamiento televisado, el entonces presidente abandon\u00f3 el Palacio de Gobierno y se dirigi\u00f3 aparentemente hacia la <strong>embajada de M\u00e9xico<\/strong>, adonde s\u00ed llegaron su esposa y sus hijos, quienes recibieron asilo. Castillo, en cambio, fue detenido a los pocos minutos y luego destituido por el Congreso, permaneciendo encarcelado hasta la actualidad.<\/p>\n<p>En paralelo, la ex primera ministra <strong><a href=\"https:\/\/www.ambito.com\/mundo\/el-congreso-peru-declaro-persona-non-grata-claudia-sheinbaum-n6211067\" target=\"_blank\" rel=\"follow\">Betssy Ch\u00e1vez<\/a><\/strong>, actualmente asilada en la residencia de la embajada de M\u00e9xico en Lima, fue tambi\u00e9n condenada a <strong> 11 a\u00f1os, 5 meses y 15 d\u00edas<\/strong> de prisi\u00f3n por su participaci\u00f3n en el fallido intento de golpe de Estado. El tribunal emiti\u00f3 adem\u00e1s una nueva orden de b\u00fasqueda y captura en su contra.<\/p>\n<h2>El expresidente de Per\u00fa Mart\u00edn Vizcarra tambi\u00e9n fue condenado este mi\u00e9rcoles<\/h2>\n<p data-start=\"508\" data-end=\"815\">Este mi\u00e9rcoles, la Justicia de Per\u00fa conden\u00f3 al expresidente <strong>Mart\u00edn Vizcarra a 14 a\u00f1os de prisi\u00f3n <\/strong>por el delito <strong>de cohecho pasivo propio<\/strong>. La decisi\u00f3n se dio a conocer en una audiencia en Lima, donde el exmandatario niega los cargos y asegura que no existen pruebas que respalden la acusaci\u00f3n.<\/p>\n<p data-start=\"817\" data-end=\"1205\">Seg\u00fan el fallo, Vizcarra -quien gobern\u00f3 Per\u00fa entre 2018 y 2020- <strong>habr\u00eda recibido pagos de empresarios para direccionar obras p\u00fablicas,<\/strong> cuando era gobernador regional de Moquegua, entre 2011 y 2014. Ese expediente fue clave en su ca\u00edda pol\u00edtica: antes de que comenzara el juicio, el Congreso lo <strong data-start=\"1109\" data-end=\"1143\">destituy\u00f3 en noviembre de 2020<\/strong>, un episodio que profundiz\u00f3 una de las habituales crisis institucional que atraviesa el pa\u00eds.<\/p>\n<p data-start=\"1207\" data-end=\"1493\">Durante el proceso, el exmandatario neg\u00f3 ser culpable: \u201c<strong>n<\/strong><strong data-start=\"1306\" data-end=\"1369\">o hay justificaci\u00f3n alguna para una sentencia condenatoria<\/strong>\u201d, dijo a la salida de su \u00faltima audiencia, se\u00f1alando que las declaraciones de los empresarios no pudieron ser corroboradas.<\/p>\n<p data-start=\"1495\" data-end=\"1658\">Adem\u00e1s de la pena de c\u00e1rcel, el tribunal le impuso <strong data-start=\"1546\" data-end=\"1578\">nueve a\u00f1os de inhabilitaci\u00f3n<\/strong> para ejercer cargos p\u00fablicos, un golpe definitivo a sus aspiraciones pol\u00edticas, ya que Vizcarra tiene 62 a\u00f1os, y reci\u00e9n podr\u00eda volver a ejercer, a los 84.<\/p>\n<\/div>\n","protected":false},"excerpt":{"rendered":"<p>La Corte Suprema de Per\u00fa dict\u00f3 este jueves una pena de 11 a\u00f1os, 5 meses y 15 d\u00edas de prisi\u00f3n para el expresidente Pedro Castillo, al considerarlo coautor del delito de conspiraci\u00f3n para una rebeli\u00f3n por el fallido intento de golpe de Estado del 7 de diciembre de 2022. El tribunal tambi\u00e9n absolvi\u00f3 al exmandatario [&hellip;]<\/p>\n","protected":false},"author":2,"featured_media":10643,"comment_status":"closed","ping_status":"closed","sticky":false,"template":"","format":"standard","meta":{"jetpack_post_was_ever_published":false,"_jetpack_newsletter_access":"","_jetpack_dont_email_post_to_subs":false,"_jetpack_newsletter_tier_id":0,"_jetpack_memberships_contains_paywalled_content":false,"_jetpack_memberships_contains_paid_content":false,"footnotes":"","jetpack_publicize_message":"","jetpack_publicize_feature_enabled":true,"jetpack_social_post_already_shared":true,"jetpack_social_options":{"image_generator_settings":{"template":"highway","enabled":false},"version":2}},"categories":[20],"tags":[],"class_list":["post-10642","post","type-post","status-publish","format-standard","has-post-thumbnail","hentry","category-mundo"],"jetpack_publicize_connections":[],"jetpack_featured_media_url":"https:\/\/i0.wp.com\/infolanus.com\/wp-content\/uploads\/2025\/11\/peru-pedro-castillo-recibio-11-anos-y-5-meses-de-prision-por-conspiracion-para-rebelion.jpg?fit=730%2C487&ssl=1","jetpack_sharing_enabled":true,"jetpack_shortlink":"https:\/\/wp.me\/p9QtMr-2LE","_links":{"self":[{"href":"https:\/\/infolanus.com\/index.php\/wp-json\/wp\/v2\/posts\/10642","targetHints":{"allow":["GET"]}}],"collection":[{"href":"https:\/\/infolanus.com\/index.php\/wp-json\/wp\/v2\/posts"}],"about":[{"href":"https:\/\/infolanus.com\/index.php\/wp-json\/wp\/v2\/types\/post"}],"author":[{"embeddable":true,"href":"https:\/\/infolanus.com\/index.php\/wp-json\/wp\/v2\/users\/2"}],"replies":[{"embeddable":true,"href":"https:\/\/infolanus.com\/index.php\/wp-json\/wp\/v2\/comments?post=10642"}],"version-history":[{"count":0,"href":"https:\/\/infolanus.com\/index.php\/wp-json\/wp\/v2\/posts\/10642\/revisions"}],"wp:featuredmedia":[{"embeddable":true,"href":"https:\/\/infolanus.com\/index.php\/wp-json\/wp\/v2\/media\/10643"}],"wp:attachment":[{"href":"https:\/\/infolanus.com\/index.php\/wp-json\/wp\/v2\/media?parent=10642"}],"wp:term":[{"taxonomy":"category","embeddable":true,"href":"https:\/\/infolanus.com\/index.php\/wp-json\/wp\/v2\/categories?post=10642"},{"taxonomy":"post_tag","embeddable":true,"href":"https:\/\/infolanus.com\/index.php\/wp-json\/wp\/v2\/tags?post=10642"}],"curies":[{"name":"wp","href":"https:\/\/api.w.org\/{rel}","templated":true}]}}