{"id":10646,"date":"2025-11-28T16:54:12","date_gmt":"2025-11-28T19:54:12","guid":{"rendered":"https:\/\/infolanus.com\/index.php\/2025\/11\/28\/franco-colapinto-analizo-su-pesimo-primer-dia-en-qatar-y-fue-critico-con-su-monoplaza-es-complicado-inestable-y-no-se-siente-rapido\/"},"modified":"2025-11-28T16:54:12","modified_gmt":"2025-11-28T19:54:12","slug":"franco-colapinto-analizo-su-pesimo-primer-dia-en-qatar-y-fue-critico-con-su-monoplaza-es-complicado-inestable-y-no-se-siente-rapido","status":"publish","type":"post","link":"https:\/\/infolanus.com\/index.php\/2025\/11\/28\/franco-colapinto-analizo-su-pesimo-primer-dia-en-qatar-y-fue-critico-con-su-monoplaza-es-complicado-inestable-y-no-se-siente-rapido\/","title":{"rendered":"Franco Colapinto analiz\u00f3 su p\u00e9simo primer d\u00eda en Qatar y fue cr\u00edtico con su monoplaza: &#8220;Es complicado, inestable y no se siente r\u00e1pido&#8221;"},"content":{"rendered":"<div class=\"media_block\"><\/div>\n<p>Luego de las \u00fanicas pr\u00e1cticas libres, la<strong> F\u00f3rmula 1 <\/strong>cerr\u00f3 su viernes con la flamante<a target=\"_blank\" href=\"https:\/\/442.perfil.com\/noticias\/futbol\/franco-colapinto-en-la-qualy-de-la-sprint-del-gp-de-qatar.phtml\"><strong> clasificaci\u00f3n para la Sprint del Gran Premio de Qatar<\/strong><\/a>, en la que<strong> <a target=\"_blank\" href=\"https:\/\/442.perfil.com\/noticias\/automovilismo\/franco-colapinto-en-el-gran-premio-de-qatar.phtml\">Franco Colapinto<\/a> qued\u00f3 relegado al \u00faltimo lugar.<\/strong><\/p>\n<p>Desde el inicio de la jornada,<strong> se lo ve\u00eda muy disconforme al argentino, especialmente con el monoplaza Alpine<\/strong>, que tambi\u00e9n dej\u00f3 a su compa\u00f1ero Pierre Gasly entre los \u00faltimos puestos.<\/p>\n<p>En ese sentido, y tras el cierre de la Qualy en el Circuito Internacional de Losail, el oriundo de Pilar&nbsp;<strong>se expres\u00f3 con los medios de comunicaci\u00f3n, donde se lo vio enojado y frustrado por la situaci\u00f3n.<\/strong><\/p>\n<p class=\"destacadoNota\"><a target=\"_blank\" href=\"https:\/\/442.perfil.com\/noticias\/futbol\/franco-colapinto-en-la-qualy-de-la-sprint-del-gp-de-qatar.phtml\">Alpine sell\u00f3 una mala Qualy y ambos pilotos largar\u00e1n desde los \u00faltimos lugares en la Sprint del GP de Qatar<\/a><\/p>\n<p>&#8220;<strong>No tuve grip en toda la sesi\u00f3n. Creo que es m\u00e1s el hecho de tener poca carga. Despu\u00e9s de la FP1, los dos rompimos mucho el piso<\/strong>&nbsp;porque ac\u00e1, el auto iba saltando mucho en las curvas r\u00e1pidas&#8221;, comenz\u00f3 relatando el pilarense.<\/p>\n<p>Sobre el estado del monoplaza, agreg\u00f3: &#8220;Los dos lo perdimos y&nbsp;<strong>se rompi\u00f3 mucho el piso de los dos autos<\/strong>.&nbsp;<strong>Tuvimos que cambiarlo, pero no tenemos m\u00e1s<\/strong>. Entonces<strong> son otra vez pisos de poca carga y creo que eso fue lo que m\u00e1s complic\u00f3.<\/strong> Con la goma dura en la FP1 no iba mal, pero despu\u00e9s perdimos mucho ritmo&#8221;.<\/p>\n<div>\n<figure class=\"image\"><img data-recalc-dims=\"1\" decoding=\"async\" alt=\"colapinto\" height=\"345\" src=\"https:\/\/i0.wp.com\/fotos.perfil.com\/\/\/2025\/11\/28\/900\/0\/franco-colapinto-2144523.jpg?resize=640%2C345&#038;ssl=1\" width=\"640\" loading=\"lazy\"><figcaption>Franco Colapinto en el GP de Qatar<\/figcaption><\/figure>\n<\/div>\n<p>Profundizando en los problemas que sufri\u00f3 por los da\u00f1os en su auto, subray\u00f3: &#8220;<strong>Tengo menos grip ahora que con la goma dura en las curvas r\u00e1pidas. Eso te saca confianza y no te da la estabilidad de entrada que necesitas en la F1<\/strong>. <strong>En general estuvimos lentos y muy lejos. <\/strong>Creo que, en mi caso, un poco m\u00e1s complicado porque&nbsp;<strong>es un poco menos de grip puro y de puntos de carga que no tengo&#8221;.<\/strong><\/p>\n<p>Luego, no dud\u00f3 en exponer al Alpine A525, explicando que <strong>&#8220;no te hace disfrutar manejar&#8221; y que &#8220;es un auto complicado, inestable y no se siente r\u00e1pido&#8221;.<\/strong><\/p>\n<p>A pesar de todo, Colapinto asegur\u00f3 que buscar\u00e1n hacer lo posible en las pr\u00f3ximas sesiones: <strong>&#8220;Habr\u00e1 que trabajar para ma\u00f1ana e intentar poner lo mejor que tengamos.&nbsp;Hacer lo mejor posible y que sea lo que tenga que ser&#8221;.<\/strong><\/p>\n<p>FMZ<\/p>\n<p> <!-- tags --> <\/p>\n","protected":false},"excerpt":{"rendered":"<p>Luego de las \u00fanicas pr\u00e1cticas libres, la F\u00f3rmula 1 cerr\u00f3 su viernes con la flamante clasificaci\u00f3n para la Sprint del Gran Premio de Qatar, en la que Franco Colapinto qued\u00f3 relegado al \u00faltimo lugar. Desde el inicio de la jornada, se lo ve\u00eda muy disconforme al argentino, especialmente con el monoplaza Alpine, que tambi\u00e9n dej\u00f3 [&hellip;]<\/p>\n","protected":false},"author":2,"featured_media":10647,"comment_status":"closed","ping_status":"closed","sticky":false,"template":"","format":"standard","meta":{"jetpack_post_was_ever_published":false,"_jetpack_newsletter_access":"","_jetpack_dont_email_post_to_subs":false,"_jetpack_newsletter_tier_id":0,"_jetpack_memberships_contains_paywalled_content":false,"_jetpack_memberships_contains_paid_content":false,"footnotes":"","jetpack_publicize_message":"","jetpack_publicize_feature_enabled":true,"jetpack_social_post_already_shared":true,"jetpack_social_options":{"image_generator_settings":{"template":"highway","enabled":false},"version":2}},"categories":[17],"tags":[],"class_list":["post-10646","post","type-post","status-publish","format-standard","has-post-thumbnail","hentry","category-deportes"],"jetpack_publicize_connections":[],"jetpack_featured_media_url":"https:\/\/i0.wp.com\/infolanus.com\/wp-content\/uploads\/2025\/11\/franco-colapinto-analizo-su-pesimo-primer-dia-en-qatar-y-fue-critico-con-su-monoplaza-es-complicado-inestable-y-no-se-siente-rapido.jpg?fit=900%2C485&ssl=1","jetpack_sharing_enabled":true,"jetpack_shortlink":"https:\/\/wp.me\/p9QtMr-2LI","_links":{"self":[{"href":"https:\/\/infolanus.com\/index.php\/wp-json\/wp\/v2\/posts\/10646","targetHints":{"allow":["GET"]}}],"collection":[{"href":"https:\/\/infolanus.com\/index.php\/wp-json\/wp\/v2\/posts"}],"about":[{"href":"https:\/\/infolanus.com\/index.php\/wp-json\/wp\/v2\/types\/post"}],"author":[{"embeddable":true,"href":"https:\/\/infolanus.com\/index.php\/wp-json\/wp\/v2\/users\/2"}],"replies":[{"embeddable":true,"href":"https:\/\/infolanus.com\/index.php\/wp-json\/wp\/v2\/comments?post=10646"}],"version-history":[{"count":0,"href":"https:\/\/infolanus.com\/index.php\/wp-json\/wp\/v2\/posts\/10646\/revisions"}],"wp:featuredmedia":[{"embeddable":true,"href":"https:\/\/infolanus.com\/index.php\/wp-json\/wp\/v2\/media\/10647"}],"wp:attachment":[{"href":"https:\/\/infolanus.com\/index.php\/wp-json\/wp\/v2\/media?parent=10646"}],"wp:term":[{"taxonomy":"category","embeddable":true,"href":"https:\/\/infolanus.com\/index.php\/wp-json\/wp\/v2\/categories?post=10646"},{"taxonomy":"post_tag","embeddable":true,"href":"https:\/\/infolanus.com\/index.php\/wp-json\/wp\/v2\/tags?post=10646"}],"curies":[{"name":"wp","href":"https:\/\/api.w.org\/{rel}","templated":true}]}}