{"id":10648,"date":"2025-11-28T19:40:00","date_gmt":"2025-11-28T22:40:00","guid":{"rendered":"https:\/\/www.ambito.com\/c6218907"},"modified":"2025-11-28T19:40:00","modified_gmt":"2025-11-28T22:40:00","slug":"donald-trump-habria-hablado-con-nicolas-maduro-en-medio-de-la-escalada-de-tensiones","status":"publish","type":"post","link":"https:\/\/infolanus.com\/index.php\/2025\/11\/28\/donald-trump-habria-hablado-con-nicolas-maduro-en-medio-de-la-escalada-de-tensiones\/","title":{"rendered":"Donald Trump habr\u00eda hablado con Nicol\u00e1s Maduro, en medio de la escalada de tensiones"},"content":{"rendered":"<div id>\n<p>El presidente de EEUU,<strong> <a href=\"https:\/\/www.ambito.com\/mundo\/donald-trump-anuncio-la-suspension-la-migracion-paises-del-tercer-eeuu-n6218865\" target=\"_blank\" rel=\"follow\">Donald Trump<\/a>, <\/strong>habr\u00eda tenido una llamada telef\u00f3nica con<strong> Nicol\u00e1s Maduro, el l\u00edder venezolano, y se baraj\u00f3 una posible reuni\u00f3n presencial entre ellos<\/strong>, seg\u00fan informaron varias personas con conocimiento del asunto.<\/p>\n<\/div>\n<div id>\n<p>En llamada telef\u00f3nica tambi\u00e9n habr\u00eda hecho de intermediario el secretario de Estado, Marco Rubio, y se produjo al menos un par de d\u00edas antes de que EEUU designara a Nicol\u00e1s Maduro como l\u00edder del &#8220;Cartel de los Soles&#8221;. La organizaci\u00f3n est\u00e1 catalogada por el Gobierno estadounidense como &#8220;terrorista&#8221; y &#8220;narcotraficante&#8221;.<\/p>\n<\/div>\n<div id>\n<h2 data-uri=\"es.cms.cnn.com\/_components\/paragraph\/instances\/cmii59l56000m356notk6nyd7@published\" data-editable=\"text\" data-component-name=\"paragraph\" data-article-gutter=\"true\" data-analytics-observe=\"off\">Donald Trump afirm\u00f3 que EEUU podr\u00eda ingresar en Venezuela muy pronto<\/h2>\n<figure id=\"8121687-Libre-908157372_wrap\" class=\"embed_cont type_imagen\" contenteditable=\"false\">\n<p>maduro trump <span onclick=\"parent.parent.TinyMCETdcuerpo.preview_embed('8121687-Libre-908157372')\" class=\"embed_colapse less\" id=\"8121687-Libre-908157372_colapse\"><\/span> <span onclick=\"parent.parent.TinyMCETdcuerpo.delete_embed('8121687-Libre-908157372')\" class=\"embed_delete less\" id=\"8121687-Libre-908157372_delete\"><\/span><\/p>\n<div id=\"8121687-Libre-908157372_content\" class=\"embed_content\"><img data-recalc-dims=\"1\" decoding=\"async\" src=\"https:\/\/i0.wp.com\/media.ambito.com\/p\/a5a0eb6ca51441fb8850d549aa92a807\/adjuntos\/239\/imagenes\/042\/738\/0042738781\/maduro-trump.jpg?resize=640%2C381&#038;ssl=1\" alt title width=\"640\" height=\"381\" id=\"8121687-Libre-908157372_embed\" crossorigin=\"anonymous\" fetchpriority=\"high\" decode=\"async\"><\/div><figcaption class=\"embed_wrapper-cont\"> <\/figcaption><\/figure>\n<p class data-uri=\"es.cms.cnn.com\/_components\/paragraph\/instances\/cmii59l56000o356nrna6ev86@published\" data-editable=\"text\" data-component-name=\"paragraph\" data-article-gutter=\"true\" data-analytics-observe=\"off\">Los comentarios de Trump sugieren que tom\u00f3 una decisi\u00f3n sobre un curso de acci\u00f3n en Venezuela <strong>tras m\u00faltiples reuniones informativas de alto nivel<\/strong> y una creciente demostraci\u00f3n de fuerza de EEUU en la regi\u00f3n a principios de este mes.<\/p>\n<\/div>\n<div id>\n<p class data-uri=\"es.cms.cnn.com\/_components\/paragraph\/instances\/cmii807ti0005356nygtx084j@published\" data-editable=\"text\" data-component-name=\"paragraph\" data-article-gutter=\"true\" data-analytics-observe=\"off\">Las fuerzas armadas estadounidenses reunieron<strong> m\u00e1s de una docena de buques de guerra y 15.000 soldados en la regi\u00f3n como parte de lo que el Pent\u00e1gono<\/strong> denomin\u00f3 <strong>\u201cOperaci\u00f3n Lanza del Sur<\/strong>\u201d. A su vez, mataron a m\u00e1s de 80 personas en ataques a embarcaciones como parte de la campa\u00f1a antidrogas.<\/p>\n<p class data-uri=\"es.cms.cnn.com\/_components\/paragraph\/instances\/cmii807ti0007356n9huu491g@published\" data-editable=\"text\" data-component-name=\"paragraph\" data-article-gutter=\"true\" data-analytics-observe=\"off\">A los legisladores estadounidenses se les inform\u00f3 durante la sesi\u00f3n que una opini\u00f3n de la <strong>Oficina de Asesor\u00eda Legal del Departamento de Justicia &#8211;<\/strong>para justificar ataques contra embarcaciones sospechosas de narcotr\u00e1fico- no permite ataques<strong> dentro de la propia Venezuela ni en ning\u00fan otro territorio<\/strong>, seg\u00fan fuentes directas.<\/p>\n<h2 data-uri=\"es.cms.cnn.com\/_components\/paragraph\/instances\/cmii807ti0007356n9huu491g@published\" data-editable=\"text\" data-component-name=\"paragraph\" data-article-gutter=\"true\" data-analytics-observe=\"off\">Trump anunci\u00f3 la suspensi\u00f3n de la migraci\u00f3n de pa\u00edses &#8220;del tercer mundo&#8221; a EEUU<\/h2>\n<p>Por otro <strong>lado, Trump <\/strong>anunci\u00f3 <strong>que suspender\u00e1 \u201cpermanentemente\u201d la migraci\u00f3n hacia Estados Unidos desde \u201ctodos los pa\u00edses del tercer mundo<\/strong>\u201d. La medida de la que a\u00fan no dio detalles, se dio tras el ataque de un<strong> ciudadano afgano<\/strong> en Washington contra dos miembros de la Guardia Nacional, en el que muri\u00f3 una reservista y otro joven permanece en estado cr\u00edtico.<\/p>\n<p>Trump justific\u00f3 la decisi\u00f3n con el fin de que EEUU <strong>\u201cse recupere por completo\u201d en su estrategia migratoria <\/strong>y <strong>amenaz\u00f3 con quitar visados concedidos por la administraci\u00f3n del expresidente Joe Biden. <\/strong><\/p>\n<p><strong> \u201cSuspender\u00e9 permanentemente la migraci\u00f3n desde todos los pa\u00edses del tercer mundo para permitir que el sistema estadounidense se recupere por completo. Cancelar\u00e9 todas las millones de admisiones ilegales de (Joe) Biden, incluidas las firmadas por el autopen<\/strong> (m\u00e1quina que reproduce autom\u00e1ticamente la firma de los presidentes) <strong>de Sleepy Joe <\/strong>(el apodo peyorativo que utiliza para el dem\u00f3crata)<strong> y expulsar\u00e9 a cualquiera que no sea un activo neto para Estados Unidos\u201c, <\/strong>explic\u00f3 Trump v\u00eda su red &#8220;Truth Social&#8221;.<\/p>\n<\/p><\/div>\n","protected":false},"excerpt":{"rendered":"<p>El presidente de EEUU, Donald Trump, habr\u00eda tenido una llamada telef\u00f3nica con Nicol\u00e1s Maduro, el l\u00edder venezolano, y se baraj\u00f3 una posible reuni\u00f3n presencial entre ellos, seg\u00fan informaron varias personas con conocimiento del asunto. En llamada telef\u00f3nica tambi\u00e9n habr\u00eda hecho de intermediario el secretario de Estado, Marco Rubio, y se produjo al menos un par [&hellip;]<\/p>\n","protected":false},"author":2,"featured_media":10649,"comment_status":"closed","ping_status":"closed","sticky":false,"template":"","format":"standard","meta":{"jetpack_post_was_ever_published":false,"_jetpack_newsletter_access":"","_jetpack_dont_email_post_to_subs":false,"_jetpack_newsletter_tier_id":0,"_jetpack_memberships_contains_paywalled_content":false,"_jetpack_memberships_contains_paid_content":false,"footnotes":"","jetpack_publicize_message":"","jetpack_publicize_feature_enabled":true,"jetpack_social_post_already_shared":true,"jetpack_social_options":{"image_generator_settings":{"template":"highway","enabled":false},"version":2}},"categories":[20],"tags":[],"class_list":["post-10648","post","type-post","status-publish","format-standard","has-post-thumbnail","hentry","category-mundo"],"jetpack_publicize_connections":[],"jetpack_featured_media_url":"https:\/\/i0.wp.com\/infolanus.com\/wp-content\/uploads\/2025\/11\/donald-trump-habria-hablado-con-nicolas-maduro-en-medio-de-la-escalada-de-tensiones.jpg?fit=730%2C435&ssl=1","jetpack_sharing_enabled":true,"jetpack_shortlink":"https:\/\/wp.me\/p9QtMr-2LK","_links":{"self":[{"href":"https:\/\/infolanus.com\/index.php\/wp-json\/wp\/v2\/posts\/10648","targetHints":{"allow":["GET"]}}],"collection":[{"href":"https:\/\/infolanus.com\/index.php\/wp-json\/wp\/v2\/posts"}],"about":[{"href":"https:\/\/infolanus.com\/index.php\/wp-json\/wp\/v2\/types\/post"}],"author":[{"embeddable":true,"href":"https:\/\/infolanus.com\/index.php\/wp-json\/wp\/v2\/users\/2"}],"replies":[{"embeddable":true,"href":"https:\/\/infolanus.com\/index.php\/wp-json\/wp\/v2\/comments?post=10648"}],"version-history":[{"count":0,"href":"https:\/\/infolanus.com\/index.php\/wp-json\/wp\/v2\/posts\/10648\/revisions"}],"wp:featuredmedia":[{"embeddable":true,"href":"https:\/\/infolanus.com\/index.php\/wp-json\/wp\/v2\/media\/10649"}],"wp:attachment":[{"href":"https:\/\/infolanus.com\/index.php\/wp-json\/wp\/v2\/media?parent=10648"}],"wp:term":[{"taxonomy":"category","embeddable":true,"href":"https:\/\/infolanus.com\/index.php\/wp-json\/wp\/v2\/categories?post=10648"},{"taxonomy":"post_tag","embeddable":true,"href":"https:\/\/infolanus.com\/index.php\/wp-json\/wp\/v2\/tags?post=10648"}],"curies":[{"name":"wp","href":"https:\/\/api.w.org\/{rel}","templated":true}]}}