{"id":10654,"date":"2025-11-29T18:29:00","date_gmt":"2025-11-29T21:29:00","guid":{"rendered":"https:\/\/www.ambito.com\/c6219112"},"modified":"2025-11-29T18:29:00","modified_gmt":"2025-11-29T21:29:00","slug":"acusan-al-secretario-de-defensa-de-eeuu-por-crimen-de-guerra-tras-conocerse-ataque-a-embarcacion-en-el-caribe","status":"publish","type":"post","link":"https:\/\/infolanus.com\/index.php\/2025\/11\/29\/acusan-al-secretario-de-defensa-de-eeuu-por-crimen-de-guerra-tras-conocerse-ataque-a-embarcacion-en-el-caribe\/","title":{"rendered":"Acusan al secretario de Defensa de EEUU por &#8220;crimen de guerra&#8221; tras conocerse ataque a embarcaci\u00f3n en el Caribe"},"content":{"rendered":"<p><!-- { REGION4 --> <\/p>\n<header class=\"news-headline\" readability=\"1.334328358209\">\n<div class=\"news-headline__topics-and-date-wrapper\"> <span class=\"news-headline__publication-date\"> 29 de noviembre 2025 &#8211; 18:29 <\/span><\/div>\n<h2 class=\"news-headline__article-summary\" readability=\"23\">\n<p class=\"ignore-parser\">El hecho ocurri\u00f3 en septiembre pero se conoci\u00f3 esta semana. El funcionario Pete Hegseth se defendi\u00f3: \u201cEl objetivo es detener las drogas letales\u201d.<\/p>\n<\/h2>\n<\/header>\n<div class=\"detail-highlighted-multimedia content-protected-false\">\n<figure class=\"detail-highlighted-multimedia__figure\"> <img data-recalc-dims=\"1\" decoding=\"async\" src=\"https:\/\/i0.wp.com\/media.ambito.com\/p\/65cb9c063144d94143d980bfb2aad4f1\/adjuntos\/239\/imagenes\/042\/989\/0042989374\/655x368\/smart\/pete-hegseth.jpeg?resize=640%2C360&#038;ssl=1\" class=\"detail-highlighted-multimedia__figure-img img-fluid\" alt=\"Pete Hegseth, secretario de Guerra de los Estados Unidos.\" width=\"640\" height=\"360\" crossorigin=\"anonymous\" fetchpriority=\"high\" decode=\"async\"><figcaption class=\"detail-highlighted-multimedia__figcaption\" readability=\"-23.5\"> <\/figcaption><\/figure>\n<\/p><\/div>\n<article class=\"article-body article-body--first-paragraph content-protected-false\" data-td-script-src=\"https:\/\/www.ambito.com\/td\/modulos\/encuestas\/js\/function-embeds-min-version-1764389221.js\" readability=\"27.960784313725\">\n<p>En medio de la<strong> avanzada militar que sostienen los <a href=\"https:\/\/www.ambito.com\/mundo\/donald-trump-reclamo-cerrar-completamente-el-espacio-aereo-venezuela-y-endurecio-la-presion-nicolas-maduro-n6219038\" target=\"_blank\" rel=\"follow\">Estados Unidos sobre Venezuela<\/a>,<\/strong> un hecho volvi\u00f3 a poner el alerta sobre las intervenciones armadas de la potencia norteamericana sobre la regi\u00f3n: se confirm\u00f3 que <strong>atacaron dos veces a una supuesta embarcaci\u00f3n vinculada con el narcotr\u00e1fico en el Caribe.<\/strong><\/p>\n<\/article>\n<article class=\"article-body article-body--second-paragraph content-protected-false\" readability=\"32\">\n<p>El hecho que se conoci\u00f3 esta semana ocurri\u00f3 el 2 de septiembre, cuando<strong> las Fuerzas Armadas estadounidenses decidieron un segundo ataque a la embarcaci\u00f3n tras conocer que su intento inicial no caus\u00f3 la muerte de todos los tripulantes.<\/strong> Finalmente, la operaci\u00f3n termin\u00f3 con un saldo de 11 muertes.<\/p>\n<\/article>\n<section class=\"related-news\"> <span class=\"related-news__title\">Informate m\u00e1s<\/span> <\/p>\n<div class=\"row row--eq-height\">\n<div class=\"col-12 col-md-6\">\n<article class=\"news-article news-article--landscape-news news-article--landscape-news\">\n<figure class=\"news-article__figure figure\"> <a href=\"https:\/\/www.ambito.com\/mundo\/donald-trump-anuncio-la-suspension-la-migracion-paises-del-tercer-eeuu-n6218865\" target title=\"\u00e1mbito.com | Trump anunci\u00f3 la suspensi\u00f3n de la migraci\u00f3n de pa\u00edses del tercer mundo a EEUU\" alt=\"\u00e1mbito.com | Trump anunci\u00f3 la suspensi\u00f3n de la migraci\u00f3n de pa\u00edses del tercer mundo a EEUU\" rel=\"noindex nofollow noreferrer\"> <img loading=\"lazy\" decoding=\"async\" src=\"https:\/\/www.ambito.com\/css-custom\/239\/lazy.svg\" data-td-src-property=\"https:\/\/media.ambito.com\/p\/5e1a487bcc27044f71c64d9cfea3b4b8\/adjuntos\/239\/imagenes\/042\/988\/0042988034\/93x52\/smart\/trump-salon-oval.jpeg\" alt=\"Donald Trump anunci\u00f3 la suspensi\u00f3n de la migraci\u00f3n de pa\u00edses del tercer mundo, tras el ataque de un afgano a la Guardia Nacional, en&nbsp;Washington D. C..\" title=\"Donald Trump anunci\u00f3 la suspensi\u00f3n de la migraci\u00f3n de pa\u00edses del tercer mundo, tras el ataque de un afgano a la Guardia Nacional, en&nbsp;Washington D. C..\" width=\"93\" height=\"52\" class=\"news-article__figure-img figure-img img-fluid\"> <\/a><\/figure>\n<\/article><\/div>\n<div class=\"col-12 col-md-6\">\n<article class=\"news-article news-article--landscape-news news-article--landscape-news\">\n<figure class=\"news-article__figure figure\"> <a href=\"https:\/\/www.ambito.com\/uruguay\/el-dolar-global-alcanzo-su-peor-semana-fines-julio-n6218629\" target title=\"\u00e1mbito.com | El d\u00f3lar global alcanz\u00f3 su peor semana desde fines de julio\" alt=\"\u00e1mbito.com | El d\u00f3lar global alcanz\u00f3 su peor semana desde fines de julio\" rel=\"noindex nofollow noreferrer\"> <img loading=\"lazy\" decoding=\"async\" src=\"https:\/\/www.ambito.com\/css-custom\/239\/lazy.svg\" data-td-src-property=\"https:\/\/media.ambito.com\/p\/ee9e063419a0bd86d4b5048db718be6f\/adjuntos\/351\/imagenes\/042\/201\/0042201536\/93x52\/smart\/dolar-billete-4jpg.jpg\" alt=\"El d\u00f3lar global se encamina a firmar su peor semana desde julio.\" title=\"El d\u00f3lar global se encamina a firmar su peor semana desde julio.\" width=\"93\" height=\"52\" class=\"news-article__figure-img figure-img img-fluid\"> <\/a><\/figure>\n<\/article><\/div>\n<\/div>\n<\/section>\n<article class=\"article-body article-body--third-paragraph content-protected-false\" readability=\"35\">\n<p class data-uri=\"es.cms.cnn.com\/_components\/paragraph\/instances\/cmij8d1gv0006356n5gjgt7p2@published\" data-editable=\"text\" data-component-name=\"paragraph\" data-article-gutter=\"true\">La medida, enmarcada en lo que <strong>Estados Unidos denomina &#8220;Operaci\u00f3n Lanza del Sur&#8221;<\/strong>, fue defendida por el secretario de Defensa <strong>Pete Hegseth<\/strong>, encargado de la estrategia militar norteamericana. \u201cEstos ataques altamente efectivos est\u00e1n espec\u00edficamente dise\u00f1ados para ser \u2018ataques letales y cin\u00e9ticos\u2019. <strong>El objetivo declarado es detener las drogas letales, destruir narcobuques y eliminar a los narcoterroristas<\/strong> que est\u00e1n envenenando al pueblo estadounidense&#8221;, expres\u00f3 en redes sociales.<\/p>\n<\/article>\n<article class=\"article-body article-body--fourth-paragraph content-protected-false\" readability=\"37\">\n<p class data-uri=\"es.cms.cnn.com\/_components\/paragraph\/instances\/cmij8d1gv0006356n5gjgt7p2@published\" data-editable=\"text\" data-component-name=\"paragraph\" data-article-gutter=\"true\">El operativo provoc\u00f3 conmoci\u00f3n en la opini\u00f3n p\u00fablica estadounidense y los congresistas de ese pa\u00eds no demoraron en expresarse. El legislador <strong>Ted Lieu<\/strong>, representante de California, plante\u00f3 que &#8220;si los informes son ciertos, entonces <strong>se cometi\u00f3 un crimen de guerra&#8221;<\/strong>. Su par <strong>Seth Moulton<\/strong>, electo por Massachusetts, consider\u00f3 que el asesinato a los sobrevivientes era &#8220;totalmente ilegal&#8221; y manifest\u00f3 que &#8220;la idea de que los restos de una peque\u00f1a embarcaci\u00f3n en un oc\u00e9ano inmenso supongan un peligro para el tr\u00e1fico mar\u00edtimo es claramente absurda&#8221;. <strong>&#8220;Los estadounidenses ser\u00e1n juzgados por ello, ya sea como crimen de guerra o como asesinato a sangre fr\u00eda&#8221;<\/strong>, agreg\u00f3. Las autoridades parlamentarias del Comit\u00e9 de Servicios Armados del Senado ya solicitaron los detalles del operativo para concretar &#8220;<strong>una supervisi\u00f3n rigurosa&#8221;.<\/strong><\/p>\n<\/article>\n<article class=\"article-body article-body--fifth-paragraph content-protected-false\" readability=\"29.393129770992\">\n<figure id=\"8159201-Libre-594300970_wrap\" class=\"embed_cont type_imagen\" contenteditable=\"false\" readability=\"2\">\n<p>pete hegseth Donald Trump <span onclick=\"parent.parent.TinyMCETdcuerpo.preview_embed('8159201-Libre-594300970')\" class=\"embed_colapse less\" id=\"8159201-Libre-594300970_colapse\"> <\/span> <span onclick=\"parent.parent.TinyMCETdcuerpo.delete_embed('8159201-Libre-594300970')\" class=\"embed_delete less\" id=\"8159201-Libre-594300970_delete\"><\/span><\/p>\n<div id=\"8159201-Libre-594300970_content\" class=\"embed_content\"><img loading=\"lazy\" decoding=\"async\" src=\"https:\/\/www.ambito.com\/css-custom\/239\/lazy.svg\" data-td-src-property=\"https:\/\/media.ambito.com\/p\/767dc365320f053a22693906a51f66fe\/adjuntos\/239\/imagenes\/042\/989\/0042989398\/730x0\/smart\/pete-hegseth-donald-trump.jpg\" alt=\"Donald Trump junto a Pete Hegseth.\" title=\"Donald Trump junto a Pete Hegseth.\" width=\"730\" height=\"486\" id=\"8159201-Libre-594300970_embed\"><\/div><figcaption class=\"embed_wrapper-cont\" readability=\"1\">\n<div id=\"8159201-Libre-594300970_epigrafe\" class=\"embed_epigrafe\" readability=\"7\">\n<p>Donald Trump junto a Pete Hegseth.<\/p>\n<\/div>\n<p>AP<\/p>\n<\/figcaption><\/figure>\n<h2>Donald Trump reclam\u00f3 cerrar completamente el espacio a\u00e9reo de Venezuela<\/h2>\n<p data-start=\"437\" data-end=\"815\">El <strong><a href=\"https:\/\/www.ambito.com\/mundo\/donald-trump-anuncio-la-suspension-la-migracion-paises-del-tercer-eeuu-n6218865\" target=\"_blank\" rel=\"follow noopener\">presidente de Estados Unidos, Donald Trump<\/a><\/strong>, volvi\u00f3 a elevar el tono respecto de la <strong> situaci\u00f3n de Venezuela<\/strong> y afirm\u00f3 que el espacio a\u00e9reo del pa\u00eds caribe\u00f1o debe considerarse <strong><a href=\"https:\/\/www.ambito.com\/mundo\/donald-trump-adelanto-que-muy-pronto-comenzara-la-accion-terrestre-eeuu-venezuela-n6218618\" target=\"_blank\" rel=\"follow noopener\">\u201ccerrado en su totalidad\u201d<\/a><\/strong>. La advertencia apareci\u00f3 este s\u00e1bado en su cuenta oficial de Truth, en medio de un clima de <strong> fuerte tensi\u00f3n militar<\/strong> en el Caribe y de contactos directos con <strong data-start=\"796\" data-end=\"814\">Nicol\u00e1s Maduro<\/strong>.<\/p>\n<\/article>\n<article class=\"article-body article-body--remaining-paragraph content-protected-false\" readability=\"49.993996569468\">\n<p data-start=\"817\" data-end=\"1209\">\u201cA todas las <strong>aerol\u00edneas, pilotos, narcotraficantes y traficantes de personas<\/strong>: les rogamos que consideren que el espacio a\u00e9reo sobre Venezuela y sus alrededores permanecer\u00e1 cerrado en su totalidad. \u00a1Gracias por su atenci\u00f3n!\u201d, <strong><a href=\"https:\/\/www.ambito.com\/mundo\/donald-trump-habria-compartido-un-llamado-telefonico-nicolas-maduro-medio-la-escalada-tensiones-n6218907\" target=\"_blank\" rel=\"follow noopener\">escribi\u00f3 el mandatario<\/a><\/strong>. El mensaje se difundi\u00f3 mientras el <strong> Pent\u00e1gono<\/strong> desplegaba el portaaviones m\u00e1s grande del mundo y reforzaba la presencia militar en la regi\u00f3n.<\/p>\n<p data-start=\"817\" data-end=\"1209\">Durante el fin de semana previo, Trump sostuvo una conversaci\u00f3n telef\u00f3nica con <strong data-start=\"1364\" data-end=\"1374\">Maduro<\/strong>, en la que asegur\u00f3 que Estados Unidos incrementar\u00eda las acciones militares si el l\u00edder chavista no se retiraba de Caracas en el corto plazo. All\u00ed el presidente norteamericano le habr\u00eda planteado a su par venezolano que su <strong>objetivo pol\u00edtico<\/strong> consist\u00eda en \u201cterminar con los carteles de la droga que act\u00faan bajo la protecci\u00f3n del <strong>Palacio de Miraflores<\/strong>\u201d.<\/p>\n<p data-start=\"2382\" data-end=\"2698\">Adem\u00e1s, sostuvo que los principales beneficiarios de actividades ilegales como <strong>drogas, armas y petr\u00f3leo<\/strong>, deb\u00edan abandonar el pa\u00eds junto a Maduro. En esa lista incluy\u00f3 a <strong data-start=\"2547\" data-end=\"2567\">Diosdado Cabello<\/strong>, <strong data-start=\"2569\" data-end=\"2589\">Vladimir Padrino<\/strong>, <strong data-start=\"2591\" data-end=\"2610\">Delcy Rodr\u00edguez<\/strong> y <strong data-start=\"2613\" data-end=\"2632\">Jorge Rodr\u00edguez<\/strong>, se\u00f1alados como parte central de la estructura de poder chavista.<\/p>\n<\/article>\n<p> <!-- REGION4 } --> <\/p>\n","protected":false},"excerpt":{"rendered":"<p>29 de noviembre 2025 &#8211; 18:29 El hecho ocurri\u00f3 en septiembre pero se conoci\u00f3 esta semana. El funcionario Pete Hegseth se defendi\u00f3: \u201cEl objetivo es detener las drogas letales\u201d. En medio de la avanzada militar que sostienen los Estados Unidos sobre Venezuela, un hecho volvi\u00f3 a poner el alerta sobre las intervenciones armadas de la [&hellip;]<\/p>\n","protected":false},"author":2,"featured_media":10655,"comment_status":"closed","ping_status":"closed","sticky":false,"template":"","format":"standard","meta":{"jetpack_post_was_ever_published":false,"_jetpack_newsletter_access":"","_jetpack_dont_email_post_to_subs":false,"_jetpack_newsletter_tier_id":0,"_jetpack_memberships_contains_paywalled_content":false,"_jetpack_memberships_contains_paid_content":false,"footnotes":"","jetpack_publicize_message":"","jetpack_publicize_feature_enabled":true,"jetpack_social_post_already_shared":true,"jetpack_social_options":{"image_generator_settings":{"template":"highway","enabled":false},"version":2}},"categories":[20],"tags":[],"class_list":["post-10654","post","type-post","status-publish","format-standard","has-post-thumbnail","hentry","category-mundo"],"jetpack_publicize_connections":[],"jetpack_featured_media_url":"https:\/\/i0.wp.com\/infolanus.com\/wp-content\/uploads\/2025\/11\/acusan-al-secretario-de-defensa-de-eeuu-por-crimen-de-guerra-tras-conocerse-ataque-a-embarcacion-en-el-caribe.jpg?fit=655%2C368&ssl=1","jetpack_sharing_enabled":true,"jetpack_shortlink":"https:\/\/wp.me\/p9QtMr-2LQ","_links":{"self":[{"href":"https:\/\/infolanus.com\/index.php\/wp-json\/wp\/v2\/posts\/10654","targetHints":{"allow":["GET"]}}],"collection":[{"href":"https:\/\/infolanus.com\/index.php\/wp-json\/wp\/v2\/posts"}],"about":[{"href":"https:\/\/infolanus.com\/index.php\/wp-json\/wp\/v2\/types\/post"}],"author":[{"embeddable":true,"href":"https:\/\/infolanus.com\/index.php\/wp-json\/wp\/v2\/users\/2"}],"replies":[{"embeddable":true,"href":"https:\/\/infolanus.com\/index.php\/wp-json\/wp\/v2\/comments?post=10654"}],"version-history":[{"count":0,"href":"https:\/\/infolanus.com\/index.php\/wp-json\/wp\/v2\/posts\/10654\/revisions"}],"wp:featuredmedia":[{"embeddable":true,"href":"https:\/\/infolanus.com\/index.php\/wp-json\/wp\/v2\/media\/10655"}],"wp:attachment":[{"href":"https:\/\/infolanus.com\/index.php\/wp-json\/wp\/v2\/media?parent=10654"}],"wp:term":[{"taxonomy":"category","embeddable":true,"href":"https:\/\/infolanus.com\/index.php\/wp-json\/wp\/v2\/categories?post=10654"},{"taxonomy":"post_tag","embeddable":true,"href":"https:\/\/infolanus.com\/index.php\/wp-json\/wp\/v2\/tags?post=10654"}],"curies":[{"name":"wp","href":"https:\/\/api.w.org\/{rel}","templated":true}]}}