{"id":10658,"date":"2025-11-30T12:43:11","date_gmt":"2025-11-30T15:43:11","guid":{"rendered":"https:\/\/infolanus.com\/index.php\/2025\/11\/30\/la-base-con-la-que-marcelo-gallardo-quiere-reconstruir-su-nuevo-river\/"},"modified":"2025-11-30T12:43:11","modified_gmt":"2025-11-30T15:43:11","slug":"la-base-con-la-que-marcelo-gallardo-quiere-reconstruir-su-nuevo-river","status":"publish","type":"post","link":"https:\/\/infolanus.com\/index.php\/2025\/11\/30\/la-base-con-la-que-marcelo-gallardo-quiere-reconstruir-su-nuevo-river\/","title":{"rendered":"La base con la que Marcelo Gallardo quiere reconstruir su nuevo River"},"content":{"rendered":"<div class=\"media_block\"><\/div>\n<p>Con las vacaciones del plantel de <strong>River<\/strong> en curso tras las decisiones de la semana donde quedaron afuera 6 jugadores y otros 3 deben buscarse club, <strong><a target=\"_blank\" href=\"https:\/\/www.perfil.com\/noticias\/deportes\/river-se-despide-de-los-heroes-de-madrid-marcelo-gallardo-paso-la-escoba-en-nunez.phtml?_ga=2.170617440.1343863324.1764504440-957376253.1745334343&amp;_gl=1*14wnw7b*_ga*OTU3Mzc2MjUzLjE3NDUzMzQzNDM.*_ga_ZVLDWW22SP*czE3NjQ1MTY3NDQkbzQzJGcxJHQxNzY0NTE3MDEwJGo1NyRsMCRoMA..\">Marcelo Gallardo<\/a> <\/strong>ya tiene en claro que en el proyecto 2026 y en la pretemporada que arranca el 20 de diciembre el equipo se va fortalecer desde la defensa, que tiene la ilusi\u00f3n de recuperar los niveles <strong>Driussi, Maxi Salas y Colidio<\/strong> y que el trabajo mayor ser\u00e1 armar un mediocampo confiable algo que no pudo hacer desde que empez\u00f3 el 2025.<\/p>\n<h2><strong>C\u00f3mo se perfila el nuevo plantel de River&nbsp;<\/strong><\/h2>\n<p>En la defensa junto a <strong>Franco Armani <\/strong>-tiene una cl\u00e1usula de salida en la ventana de los primeros 15 d\u00edas de enero pero se va a quedar- la idea es cuidar a la dupla central de <strong>Lucas Mart\u00ednez Quarta y Lautaro Rivero<\/strong> y a los laterales <strong>Gonzalo Montiel y Marcos Acu\u00f1a<\/strong>. Con todos hubo poco tiempo de trabajo porque Rivero lleg\u00f3 a mitad de a\u00f1o y los otros tres restantes anduvieron con lesiones que alteraron sus preparaciones, al punto que ninguno figura entre los que m\u00e1s minutos sumaron en el \u00faltimo semestre.<\/p>\n<p>En esa zona puede haber refuerzos ya que no hay muchas alternativas de suplente por las bajas de <strong>Paulo D\u00edaz y Milton Casco <\/strong>y por las seguras salidas en el mercado de pases de <strong>Fabricio Bustos y Sebasti\u00e1n Boselli<\/strong>. Vale apuntar que <strong>Germ\u00e1n Pezzella<\/strong> tiene para algunos meses m\u00e1s por lesi\u00f3n y si bien algunos chicos como <strong>Ulises Gim\u00e9nez y Obreg\u00f3n <\/strong>van a estar de recambio, buscar\u00e1n un lateral izquierdo.<\/p>\n<div>\n<figure class=\"image\"><img data-recalc-dims=\"1\" decoding=\"async\" alt=\"River Plate\" src=\"https:\/\/i0.wp.com\/fotos.perfil.com\/\/2025\/10\/28\/900\/0\/river-plate-2127409.jpg?w=640&#038;ssl=1\" loading=\"lazy\"><figcaption>River Plate<\/figcaption><\/figure>\n<\/div>\n<p class=\"destacadoNota\"><a target=\"_blank\" href=\"http:\/\/https:\/\/442.perfil.com\/noticias\/futbol\/river-empezo-a-limpiar-el-plantel-y-los-fanaticos-despidieron-a-los-futbolistas-con-todo-tipo-de-memes.phtml\">River empez\u00f3 a limpiar el plantel y los fan\u00e1ticos despidieron a los futbolistas con todo tipo de memes<\/a><\/p>\n<p>En la ofensiva la idea es hacer un trabajo fuerte desde lo f\u00edsico y desde lo t\u00e1ctico con la base de <strong>Facundo Colidio, Maxi Salas y Sebasti\u00e1n&nbsp;Driussi<\/strong>. Los tres terminaron muy mal en el juego y en las respuestas y eso impact\u00f3 en los flojos resultados. Las lesiones complicaron su regularidad y por eso ya desde estas semana de diciembre hay un plan especial muy espec\u00edfico para que en enero haya un trabajo especial para los tres. Todos tuvieron rachas positivas, pero fueron en declive y nunca pudieron sostenerse en picos de rendimientos a la altura de las expectativas.<\/p>\n<p>A este grupo se le van a sumar algunos chicos que vienen pidiendo pista como <strong>Ian Subiabre, Agust\u00edn Ruberto, Cristian Jaime y Joaqu\u00edn Freitas.<\/strong> Tambi\u00e9n est\u00e1 la chance de sumar un refuerzo en esa zona del campo de juego pero para eso Gallardo tiene tiempo.&nbsp;<\/p>\n<div>\n<figure class=\"image\"><img data-recalc-dims=\"1\" decoding=\"async\" alt=\"Marcelo Gallardo en el mal 2025 de River Plate\" src=\"https:\/\/i0.wp.com\/fotos.perfil.com\/\/2025\/11\/25\/900\/0\/marcelo-gallardo-en-el-mal-2025-de-river-plate-2142589.jpg?w=640&#038;ssl=1\" loading=\"lazy\"><figcaption>Marcelo Gallardo, DT de River<\/figcaption><\/figure>\n<\/div>\n<p>El principal problema que debe resolver Gallardo est\u00e1 en la zona media en especial porque tiene muchos jugadores pero en un nivel muy bajo. Por ahora<strong> Giuliano Galoppo <\/strong>sigue y es una fija para el DT. Luego todos est\u00e1n con el cr\u00e9dito casi sin reservas: <strong>Kevin Casta\u00f1o, Galarza Fonda, Juan Portillo y Juanfer Quintero. <\/strong>Pero hay ilusi\u00f3n con pibes como <strong>Thiago Acosta y Santiago Lencina<\/strong>, est\u00e1 la ilusi\u00f3n de regresos del<strong> Diablito Echeverri <\/strong>y la recuperaci\u00f3n de Maxi Meza. Y nadie descarta la posibilidad del juvenil <strong>Prestianni<\/strong> que puede salir del Benfica a pr\u00e9stamo.<\/p>\n<p>Con este panorama el equipo se entren\u00f3 en Ezeiza, <strong>regresa al trabajo el lunes&nbsp;20 de diciembre <\/strong>con un leve receso entre las fiestas y luego definir el grueso de la pretemporada desde el 2 de enero que se realizar\u00eda seguramente en San Mart\u00edn de Los Andes, aunque no hay confirmaciones ya que no est\u00e1n en buen estado los campos del juego del predio.<\/p>\n<p> <!-- tags --> <\/p>\n","protected":false},"excerpt":{"rendered":"<p>Con las vacaciones del plantel de River en curso tras las decisiones de la semana donde quedaron afuera 6 jugadores y otros 3 deben buscarse club, Marcelo Gallardo ya tiene en claro que en el proyecto 2026 y en la pretemporada que arranca el 20 de diciembre el equipo se va fortalecer desde la defensa, [&hellip;]<\/p>\n","protected":false},"author":2,"featured_media":10659,"comment_status":"closed","ping_status":"closed","sticky":false,"template":"","format":"standard","meta":{"jetpack_post_was_ever_published":false,"_jetpack_newsletter_access":"","_jetpack_dont_email_post_to_subs":false,"_jetpack_newsletter_tier_id":0,"_jetpack_memberships_contains_paywalled_content":false,"_jetpack_memberships_contains_paid_content":false,"footnotes":"","jetpack_publicize_message":"","jetpack_publicize_feature_enabled":true,"jetpack_social_post_already_shared":true,"jetpack_social_options":{"image_generator_settings":{"template":"highway","enabled":false},"version":2}},"categories":[17],"tags":[],"class_list":["post-10658","post","type-post","status-publish","format-standard","has-post-thumbnail","hentry","category-deportes"],"jetpack_publicize_connections":[],"jetpack_featured_media_url":"https:\/\/i0.wp.com\/infolanus.com\/wp-content\/uploads\/2025\/11\/la-base-con-la-que-marcelo-gallardo-quiere-reconstruir-su-nuevo-river.jpg?fit=900%2C485&ssl=1","jetpack_sharing_enabled":true,"jetpack_shortlink":"https:\/\/wp.me\/p9QtMr-2LU","_links":{"self":[{"href":"https:\/\/infolanus.com\/index.php\/wp-json\/wp\/v2\/posts\/10658","targetHints":{"allow":["GET"]}}],"collection":[{"href":"https:\/\/infolanus.com\/index.php\/wp-json\/wp\/v2\/posts"}],"about":[{"href":"https:\/\/infolanus.com\/index.php\/wp-json\/wp\/v2\/types\/post"}],"author":[{"embeddable":true,"href":"https:\/\/infolanus.com\/index.php\/wp-json\/wp\/v2\/users\/2"}],"replies":[{"embeddable":true,"href":"https:\/\/infolanus.com\/index.php\/wp-json\/wp\/v2\/comments?post=10658"}],"version-history":[{"count":0,"href":"https:\/\/infolanus.com\/index.php\/wp-json\/wp\/v2\/posts\/10658\/revisions"}],"wp:featuredmedia":[{"embeddable":true,"href":"https:\/\/infolanus.com\/index.php\/wp-json\/wp\/v2\/media\/10659"}],"wp:attachment":[{"href":"https:\/\/infolanus.com\/index.php\/wp-json\/wp\/v2\/media?parent=10658"}],"wp:term":[{"taxonomy":"category","embeddable":true,"href":"https:\/\/infolanus.com\/index.php\/wp-json\/wp\/v2\/categories?post=10658"},{"taxonomy":"post_tag","embeddable":true,"href":"https:\/\/infolanus.com\/index.php\/wp-json\/wp\/v2\/tags?post=10658"}],"curies":[{"name":"wp","href":"https:\/\/api.w.org\/{rel}","templated":true}]}}