{"id":10675,"date":"2025-12-03T12:47:00","date_gmt":"2025-12-03T15:47:00","guid":{"rendered":"https:\/\/www.ambito.com\/c6220296"},"modified":"2025-12-03T12:47:00","modified_gmt":"2025-12-03T15:47:00","slug":"donald-trump-se-durmio-frente-a-las-camaras-y-crecen-las-dudas-sobre-su-salud","status":"publish","type":"post","link":"https:\/\/infolanus.com\/index.php\/2025\/12\/03\/donald-trump-se-durmio-frente-a-las-camaras-y-crecen-las-dudas-sobre-su-salud\/","title":{"rendered":"Donald Trump se durmi\u00f3 frente a las c\u00e1maras y crecen las dudas sobre su salud"},"content":{"rendered":"<p><!-- { REGION4 --> <\/p>\n<header class=\"news-headline\" readability=\"1.3238255033557\">\n<div class=\"news-headline__topics-and-date-wrapper\"> <span class=\"news-headline__publication-date\"> 3 de diciembre 2025 &#8211; 12:47 <\/span><\/div>\n<h2 class=\"news-headline__article-summary\" readability=\"23\">\n<p data-start=\"128\" data-end=\"309\" class=\"ignore-parser\">El presidente fue captado con los ojos cerrados durante una reuni\u00f3n de gabinete televisada y se reavivaron las especulaciones sobre su estado f\u00edsico.<\/p>\n<\/h2>\n<\/header>\n<div class=\"detail-highlighted-multimedia content-protected-false\">\n<figure class=\"detail-highlighted-multimedia__figure\"> <img data-recalc-dims=\"1\" decoding=\"async\" src=\"https:\/\/i0.wp.com\/media.ambito.com\/p\/f415fbe852a2872a60dc68ffde8cd7c2\/adjuntos\/239\/imagenes\/042\/997\/0042997387\/655x368\/smart\/trump.jpg?resize=640%2C434&#038;ssl=1\" class=\"detail-highlighted-multimedia__figure-img img-fluid\" alt=\"Trump volvi\u00f3 a dormirse durante una reuni\u00f3n de gabinete transmitida en vivo.\" width=\"640\" height=\"434\" crossorigin=\"anonymous\" fetchpriority=\"high\" decode=\"async\"><figcaption class=\"detail-highlighted-multimedia__figcaption\" readability=\"-24\"> <\/figcaption><\/figure>\n<\/p><\/div>\n<article class=\"article-body article-body--first-paragraph content-protected-false\" data-td-script-src=\"https:\/\/www.ambito.com\/td\/modulos\/encuestas\/js\/function-embeds-min-version-1764734819.js\" readability=\"26.381088825215\">\n<p data-start=\"316\" data-end=\"662\"><strong data-start=\"316\" data-end=\"577\"> <a href=\"https:\/\/www.ambito.com\/mundo\/el-gobierno-eeuu-anuncio-la-creacion-cuentas-trump-destinadas-al-ahorro-ninos-n6220149\" target=\"_blank\" rel=\"follow\">Donald Trump<\/a><\/strong> protagoniz\u00f3 un <strong data-start=\"316\" data-end=\"577\">nuevo episodio de somnolencia en p\u00fablico<\/strong> al <strong>cerrar los ojos <\/strong>durante una reuni\u00f3n de gabinete transmitida por televisi\u00f3n, <strong data-start=\"316\" data-end=\"577\">lo que volvi\u00f3 a encender cuestionamientos sobre su salud en medio de <a href=\"https:\/\/www.ambito.com\/mundo\/donald-trump-prometio-revelar-los-resultados-sus-estudios-mientras-crecen-las-dudas-su-salud-n6219553\" target=\"_blank\" rel=\"follow\">desmentidas oficiales de la Casa Blanca.<\/a><\/strong> Las im\u00e1genes del mandatario cabeceando generaron repercusiones pol\u00edticas inmediatas.<\/p>\n<\/article>\n<article class=\"article-body article-body--second-paragraph content-protected-false\" readability=\"34.047169811321\">\n<p data-start=\"698\" data-end=\"1143\">El encuentro, que se extendi\u00f3 por casi<strong> dos horas <\/strong>antes de permitir preguntas de la prensa, reuni\u00f3 a los jefes de varios departamentos y al <a href=\"https:\/\/www.ambito.com\/opiniones\/jd-vance-y-la-derecha-post-liberal-como-piensa-el-vicepresidente-estados-unidos-n6123798\" target=\"_blank\" rel=\"follow\">vicepresidente JD Vance<\/a>, quienes expusieron logros y celebraron la agenda presidencial. Durante esas intervenciones, las c\u00e1maras registraron a <strong>Trump inclin\u00e1ndose hacia adelante<\/strong>, estir\u00e1ndose en la silla, jugando con los pulgares y manteniendo los ojos cerrados por varios segundos.<\/p>\n<\/article>\n<section class=\"related-news\"> <span class=\"related-news__title\">Informate m\u00e1s<\/span> <\/p>\n<div class=\"row row--eq-height\">\n<div class=\"col-12 col-md-6\">\n<article class=\"news-article news-article--landscape-news news-article--landscape-news\">\n<figure class=\"news-article__figure figure\"> <a href=\"https:\/\/www.ambito.com\/mundo\/eeuu-donald-trump-congelo-las-solicitudes-inmigracion-19-paises-n6220214\" target title=\"\u00e1mbito.com | Trump fren\u00f3 las solicitudes de inmigraci\u00f3n de 19 pa\u00edses\" alt=\"\u00e1mbito.com | Trump fren\u00f3 las solicitudes de inmigraci\u00f3n de 19 pa\u00edses\" rel=\"noindex nofollow noreferrer\"> <img loading=\"lazy\" decoding=\"async\" src=\"https:\/\/www.ambito.com\/css-custom\/239\/lazy.svg\" data-td-src-property=\"https:\/\/media.ambito.com\/p\/83e80ba6e7980520419d1480cb8f9a95\/adjuntos\/239\/imagenes\/042\/605\/0042605727\/eeuu-pasaporte.jpg\" alt=\"El gobierno de Donald Trump orden\u00f3 frenar las solicitudes de inmigraci\u00f3n de ciudadanos de 19 pa\u00edses incluidos en el veto migratorio.\" title=\"El gobierno de Donald Trump orden\u00f3 frenar las solicitudes de inmigraci\u00f3n de ciudadanos de 19 pa\u00edses incluidos en el veto migratorio.\" width=\"93\" height=\"52\" class=\"news-article__figure-img figure-img img-fluid\"> <\/a><\/figure>\n<\/article><\/div>\n<div class=\"col-12 col-md-6\">\n<article class=\"news-article news-article--landscape-news news-article--landscape-news\">\n<figure class=\"news-article__figure figure\"> <a href=\"https:\/\/www.ambito.com\/economia\/inversiones-habra-algun-efecto-derrame-argentina-del-banco-comercio-internacional-eeeuu-n6220167\" target title=\"\u00e1mbito.com | \u00bfHabr\u00e1 efecto derrame para la Argentina del Banco de Comercio Internacional de EEUU?\" alt=\"\u00e1mbito.com | \u00bfHabr\u00e1 efecto derrame para la Argentina del Banco de Comercio Internacional de EEUU?\" rel=\"noindex nofollow noreferrer\"> <img loading=\"lazy\" decoding=\"async\" src=\"https:\/\/www.ambito.com\/css-custom\/239\/lazy.svg\" data-td-src-property=\"https:\/\/media.ambito.com\/p\/d5701e5fb1ca88e84c66b399ab39f6c9\/adjuntos\/239\/imagenes\/042\/325\/0042325286\/argentina-eeuu-comerciojpg.jpg\" alt=\"En el men\u00fa de prioridades de la administraci\u00f3n Trump y por ende del Eximbank, podr\u00eda colarse alg\u00fan proyecto en la Argentina,\" title=\"En el men\u00fa de prioridades de la administraci\u00f3n Trump y por ende del Eximbank, podr\u00eda colarse alg\u00fan proyecto en la Argentina,\" width=\"93\" height=\"52\" class=\"news-article__figure-img figure-img img-fluid\"> <\/a><\/figure>\n<\/article><\/div>\n<\/div>\n<\/section>\n<article class=\"article-body article-body--third-paragraph content-protected-false\" readability=\"33\">\n<div id=\"8160455-104636248_wrap\" class=\"embed_cont type_video\" contenteditable=\"false\">\n<p>trump dormido <span onclick=\"parent.parent.TinyMCETdcuerpo.preview_embed('8160455-104636248')\" class=\"embed_colapse less\" id=\"8160455-104636248_colapse\"><\/span> <span onclick=\"parent.parent.TinyMCETdcuerpo.delete_embed('8160455-104636248')\" class=\"embed_delete less\" id=\"8160455-104636248_delete\"><\/span><\/p>\n<div class=\"embed_wrapper-cont\" readability=\"6\">\n<div id=\"8160455-104636248_epigrafe\" class=\"embed_epigrafe\" readability=\"7\">\n<p data-start=\"170\" data-end=\"247\">Las im\u00e1genes reavivaron dudas sobre la salud del presidente estadounidense.<\/p>\n<\/p><\/div>\n<p>X: @elcancillercom<\/p>\n<\/div><\/div>\n<p data-start=\"1145\" data-end=\"1676\">El episodio se suma a otros hechos recientes y ocurre poco m\u00e1s de una semana <strong>despu\u00e9s del reportaje de The New York Times,<\/strong> que se\u00f1al\u00f3 una <strong>ca\u00edda importante en los niveles de energ\u00eda<\/strong> del presidente en comparaci\u00f3n con su primer mandato. En mayo ya hab\u00eda sido filmado con los ojos cerrados durante una sesi\u00f3n informativa con el pr\u00edncipe heredero Mohammed bin Salman en Riad. En noviembre, durante un anuncio oficial sobre medicamentos para bajar de peso, se lo volvi\u00f3 a ver <strong>frot\u00e1ndose los ojos y esforz\u00e1ndose por mantenerlos abiertos.<\/strong><\/p>\n<\/article>\n<article class=\"article-body article-body--fourth-paragraph content-protected-false\" readability=\"33\">\n<h2 data-start=\"2318\" data-end=\"2363\"> Una imagen que muestra se\u00f1ales de desgaste<\/h2>\n<p data-start=\"2365\" data-end=\"2810\">A pesar de estos episodios, la estrategia comunicacional del presidente sigue orientada a <strong>exhibir energ\u00eda, resistencia f\u00edsica y presencia constante.<\/strong> Sus discursos prolongados, las interacciones duras con la prensa y la actividad continua en redes sociales buscan sostener<strong> la idea de un l\u00edder incansable.<\/strong> Colaboradores cercanos aseguran recibir mensajes suyos de madrugada y miembros del gabinete lo describen con <strong>un ritmo de trabajo \u201cimparable\u201d.<\/strong><\/p>\n<\/article>\n<article class=\"article-body article-body--fifth-paragraph content-protected-false\" readability=\"36\">\n<figure id=\"8117882-Libre-492778130_wrap\" class=\"embed_cont type_imagen\" contenteditable=\"false\">\n<p>trump <span onclick=\"parent.parent.TinyMCETdcuerpo.preview_embed('8117882-Libre-492778130')\" class=\"embed_colapse less\" id=\"8117882-Libre-492778130_colapse\"> <\/span> <span onclick=\"parent.parent.TinyMCETdcuerpo.delete_embed('8117882-Libre-492778130')\" class=\"embed_delete less\" id=\"8117882-Libre-492778130_delete\"><\/span><\/p>\n<div id=\"8117882-Libre-492778130_content\" class=\"embed_content\"><img loading=\"lazy\" decoding=\"async\" src=\"https:\/\/www.ambito.com\/css-custom\/239\/lazy.svg\" data-td-src-property=\"https:\/\/media.ambito.com\/p\/c5e9a835d844323ec2df9606ef309d8b\/adjuntos\/239\/imagenes\/042\/703\/0042703962\/730x0\/smart\/trump.jpg\" alt=\"El mandatario ya hab\u00eda sido filmado somnoliento en actos oficiales previos. \" title=\"El mandatario ya hab\u00eda sido filmado somnoliento en actos oficiales previos. \" width=\"730\" height=\"486\" id=\"8117882-Libre-492778130_embed\"><\/div><figcaption class=\"embed_wrapper-cont\" readability=\"1\">\n<div id=\"8117882-Libre-492778130_epigrafe\" class=\"embed_epigrafe\" readability=\"7\">\n<p data-start=\"347\" data-end=\"424\">El mandatario ya hab\u00eda sido filmado somnoliento en actos oficiales previos.<\/p>\n<\/p><\/div>\n<\/figcaption><\/figure>\n<p data-start=\"2812\" data-end=\"3312\">Sin embargo, un an\u00e1lisis del New York Times muestra que, a casi un a\u00f1o de iniciado su segundo mandato, <strong>Trump aparece en p\u00fablico con menos frecuencia que durante su primer a\u00f1o <\/strong>en la Casa Blanca. Participa en menos actos dentro del pa\u00eds y su agenda se concentra entre el mediod\u00eda y las cinco de la tarde, un rango horario m\u00e1s acotado que el de 2017. Entre el 20 de enero y el 25 de noviembre de 2017, <strong>protagoniz\u00f3 1688 actos oficiales<\/strong>; en el mismo per\u00edodo de su segundo mandato, esa cifra cay\u00f3 un 39%.<\/p>\n<\/article>\n<article class=\"article-body article-body--remaining-paragraph content-protected-false\" readability=\"57.068982880161\">\n<p data-start=\"3314\" data-end=\"3856\">A las se\u00f1ales de fatiga se suma informaci\u00f3n m\u00e9dica: la Casa Blanca confirm\u00f3 este a\u00f1o que el presidente fue evaluado por <strong>hinchaz\u00f3n en las piernas y diagnosticado con insuficiencia venosa cr\u00f3nica.<\/strong> El mes pasado, Trump dijo haberse sometido a una resonancia en Walter Reed sin detallar el motivo. En abril, su m\u00e9dico Sean Barbabella afirm\u00f3 que el mandatario<strong> \u201cexhibe una excelente salud cognitiva y f\u00edsica\u201d,<\/strong> mientras la vocera Karoline Leavitt acus\u00f3 a la administraci\u00f3n de Joe Biden de \u201cocultar\u201d el deterioro cognitivo del expresidente dem\u00f3crata.<\/p>\n<figure id=\"8145466-Libre-592225347_wrap\" class=\"embed_cont type_imagen\" contenteditable=\"false\">\n<p>Donald Trump Jap\u00f3n <span onclick=\"parent.parent.TinyMCETdcuerpo.preview_embed('8145466-Libre-592225347')\" class=\"embed_colapse less\" id=\"8145466-Libre-592225347_colapse\"><\/span> <span onclick=\"parent.parent.TinyMCETdcuerpo.delete_embed('8145466-Libre-592225347')\" class=\"embed_delete less\" id=\"8145466-Libre-592225347_delete\"><\/span><\/p>\n<div id=\"8145466-Libre-592225347_content\" class=\"embed_content\"><img loading=\"lazy\" decoding=\"async\" src=\"https:\/\/www.ambito.com\/css-custom\/239\/lazy.svg\" data-td-src-property=\"https:\/\/media.ambito.com\/p\/7dfd8e10b019866dc405837e89065ac0\/adjuntos\/239\/imagenes\/042\/895\/0042895304\/donald-trump-japon.jpg\" alt=\"Un reporte del New York Times se\u00f1al\u00f3 una ca\u00edda en los niveles de energ\u00eda de Trump.\" title=\"Un reporte del New York Times se\u00f1al\u00f3 una ca\u00edda en los niveles de energ\u00eda de Trump.\" width=\"690\" height=\"460\" id=\"8145466-Libre-592225347_embed\"><\/div><figcaption class=\"embed_wrapper-cont\" readability=\"1\">\n<div id=\"8145466-Libre-592225347_epigrafe\" class=\"embed_epigrafe\" readability=\"7\">\n<p>Un reporte del New York Times se\u00f1al\u00f3 una ca\u00edda en los niveles de energ\u00eda de Trump.<\/p>\n<\/div>\n<\/figcaption><\/figure>\n<h2 data-start=\"3314\" data-end=\"3856\">Donald Trump prometi\u00f3 revelar los resultados de sus estudios mientras crecen las dudas sobre su salud<\/h2>\n<p><a href=\"https:\/\/www.ambito.com\/mundo\/donald-trump-enfrento-los-rumores-su-estado-salud-n6185844\" target=\"_blank\" rel=\"follow noopener\">El presidente Donald Trump<\/a> asegur\u00f3 que difundir\u00e1 los resultados de la <strong>resonancia magn\u00e9tica<\/strong> que le realizaron en octubre y afirm\u00f3 que <strong>desconoce qu\u00e9 parte del cuerpo fue examinada<\/strong>, en medio de <a href=\"https:\/\/www.ambito.com\/mundo\/donald-trump-hablo-una-posible-reeleccion-pero-sus-estudios-medicos-abren-preguntas-su-salud-n6206951\" target=\"_blank\" rel=\"follow noopener\">se\u00f1alamientos sobre su estado de salud<\/a> y dudas instaladas desde hace meses. Sus declaraciones reactivaron el debate p\u00fablico y pol\u00edtico.<\/p>\n<p>Durante su regreso a Washington desde Florida, Trump dijo a periodistas que<strong> divulgar\u00e1 los resultados del estudio m\u00e9dico:<\/strong> &#8220;Si quieren que se publiquen los resultados, <strong>lo har\u00e9&#8221;.<\/strong> Sus dichos ocurrieron poco despu\u00e9s de que el gobernador de Minnesota, Tim Walz (quien acompa\u00f1\u00f3 a Kamala Harris en la f\u00f3rmula dem\u00f3crata de 2024) <strong>cuestionara su capacidad mental <\/strong>y asegurara que su salud estaba deteriorada.<\/p>\n<div id=\"8159677-358266737_wrap\" class=\"embed_cont type_video\" contenteditable=\"false\" readability=\"7\">\n<p>donald trump resonancia resultados salud <span onclick=\"parent.parent.TinyMCETdcuerpo.preview_embed('8159677-358266737')\" class=\"embed_colapse less\" id=\"8159677-358266737_colapse\"><\/span> <span onclick=\"parent.parent.TinyMCETdcuerpo.delete_embed('8159677-358266737')\" class=\"embed_delete less\" id=\"8159677-358266737_delete\"><\/span><\/p>\n<div class=\"embed_wrapper-cont\">\n<p>X: @PedeanaCarlos<\/p>\n<\/div><\/div>\n<p>Trump, de 79 a\u00f1os, respondi\u00f3 afirmando que<strong> los resultados fueron \u201cperfectos\u201d<\/strong> y aclar\u00f3 que <strong>no sabe qu\u00e9 parte del cuerpo se le examin\u00f3<\/strong>, pero neg\u00f3 que hubiera sido la cabeza. &#8220;No tengo ni idea, solo fue una resonancia magn\u00e9tica. No fue el cerebro, porque hice un<strong> test cognitivo y lo aprob\u00e9 con nota. <\/strong>Tuve una <strong>nota perfecta<\/strong> que t\u00fa ser\u00edas incapaz de tener&#8221;, sostuvo ante un reportero en el Air Force One.<\/p>\n<\/article>\n<p> <!-- REGION4 } --> <\/p>\n","protected":false},"excerpt":{"rendered":"<p>3 de diciembre 2025 &#8211; 12:47 El presidente fue captado con los ojos cerrados durante una reuni\u00f3n de gabinete televisada y se reavivaron las especulaciones sobre su estado f\u00edsico. Donald Trump protagoniz\u00f3 un nuevo episodio de somnolencia en p\u00fablico al cerrar los ojos durante una reuni\u00f3n de gabinete transmitida por televisi\u00f3n, lo que volvi\u00f3 a [&hellip;]<\/p>\n","protected":false},"author":2,"featured_media":10676,"comment_status":"closed","ping_status":"closed","sticky":false,"template":"","format":"standard","meta":{"jetpack_post_was_ever_published":false,"_jetpack_newsletter_access":"","_jetpack_dont_email_post_to_subs":false,"_jetpack_newsletter_tier_id":0,"_jetpack_memberships_contains_paywalled_content":false,"_jetpack_memberships_contains_paid_content":false,"footnotes":"","jetpack_publicize_message":"","jetpack_publicize_feature_enabled":true,"jetpack_social_post_already_shared":true,"jetpack_social_options":{"image_generator_settings":{"template":"highway","enabled":false},"version":2}},"categories":[20],"tags":[],"class_list":["post-10675","post","type-post","status-publish","format-standard","has-post-thumbnail","hentry","category-mundo"],"jetpack_publicize_connections":[],"jetpack_featured_media_url":"https:\/\/i0.wp.com\/infolanus.com\/wp-content\/uploads\/2025\/12\/donald-trump-se-durmio-frente-a-las-camaras-y-crecen-las-dudas-sobre-su-salud.jpg?fit=655%2C368&ssl=1","jetpack_sharing_enabled":true,"jetpack_shortlink":"https:\/\/wp.me\/p9QtMr-2Mb","_links":{"self":[{"href":"https:\/\/infolanus.com\/index.php\/wp-json\/wp\/v2\/posts\/10675","targetHints":{"allow":["GET"]}}],"collection":[{"href":"https:\/\/infolanus.com\/index.php\/wp-json\/wp\/v2\/posts"}],"about":[{"href":"https:\/\/infolanus.com\/index.php\/wp-json\/wp\/v2\/types\/post"}],"author":[{"embeddable":true,"href":"https:\/\/infolanus.com\/index.php\/wp-json\/wp\/v2\/users\/2"}],"replies":[{"embeddable":true,"href":"https:\/\/infolanus.com\/index.php\/wp-json\/wp\/v2\/comments?post=10675"}],"version-history":[{"count":0,"href":"https:\/\/infolanus.com\/index.php\/wp-json\/wp\/v2\/posts\/10675\/revisions"}],"wp:featuredmedia":[{"embeddable":true,"href":"https:\/\/infolanus.com\/index.php\/wp-json\/wp\/v2\/media\/10676"}],"wp:attachment":[{"href":"https:\/\/infolanus.com\/index.php\/wp-json\/wp\/v2\/media?parent=10675"}],"wp:term":[{"taxonomy":"category","embeddable":true,"href":"https:\/\/infolanus.com\/index.php\/wp-json\/wp\/v2\/categories?post=10675"},{"taxonomy":"post_tag","embeddable":true,"href":"https:\/\/infolanus.com\/index.php\/wp-json\/wp\/v2\/tags?post=10675"}],"curies":[{"name":"wp","href":"https:\/\/api.w.org\/{rel}","templated":true}]}}