{"id":10685,"date":"2025-12-05T00:36:02","date_gmt":"2025-12-05T03:36:02","guid":{"rendered":"https:\/\/infolanus.com\/index.php\/2025\/12\/05\/boca-listo-para-recibir-a-racing-claudio-ubeda-habria-definido-el-once-titular\/"},"modified":"2025-12-05T00:36:02","modified_gmt":"2025-12-05T03:36:02","slug":"boca-listo-para-recibir-a-racing-claudio-ubeda-habria-definido-el-once-titular","status":"publish","type":"post","link":"https:\/\/infolanus.com\/index.php\/2025\/12\/05\/boca-listo-para-recibir-a-racing-claudio-ubeda-habria-definido-el-once-titular\/","title":{"rendered":"Boca, listo para recibir a Racing: Claudio \u00dabeda habr\u00eda definido el once titular"},"content":{"rendered":"<div class=\"media_block\"><\/div>\n<p>El f\u00fatbol argentino entra en su etapa decisiva y este domingo se jugar\u00e1 la primera semifinal del <a target=\"_blank\" href=\"https:\/\/442.perfil.com\/noticias\/futbol\/arbitros-confirmados-para-las-semifinales-del-torneo-clausura.phtml\"><strong>Torneo Clausura<\/strong><\/a>:<a target=\"_blank\" href=\"https:\/\/442.perfil.com\/noticias\/futbol\/buenas-noticias-para-claudio-ubeda-boca-recupero-dos-futbolistas-clave-para-la-semifinal-ante-racing.phtml\"><strong> Boca recibir\u00e1 a Racing en La Bombonera a partir de las 19:00 horas.<\/strong><\/a><\/p>\n<p>Para este enfrentamiento, el&nbsp;<em>Xeneize&nbsp;<\/em>se entrena durante toda la semana, y en las \u00faltimas horas<strong>, el cuerpo t\u00e9cnico de Claudio \u00dabeda habr\u00eda definido el once titular para enfrentar a La Academia.<\/strong><\/p>\n<p class=\"destacadoNota\"><a target=\"_blank\" href=\"https:\/\/442.perfil.com\/noticias\/futbol\/messi-eligio-a-paredes-como-el-mejor-del-futbol-argentino-y-destaco-su-impacto-en-boca.phtml\">Messi eligi\u00f3 a Paredes como el mejor del f\u00fatbol argentino y destac\u00f3 su impacto en Boca<\/a><\/p>\n<div>\n<figure class=\"image\"><img data-recalc-dims=\"1\" decoding=\"async\" alt=\"claudio \u00fabeda\" height=\"345\" src=\"https:\/\/i0.wp.com\/fotos.perfil.com\/\/\/2025\/12\/04\/900\/0\/claudio-ubeda-2147770.jpg?resize=640%2C345&#038;ssl=1\" width=\"640\" loading=\"lazy\"><figcaption>Claudio \u00dabeda<\/figcaption><\/figure>\n<\/div>\n<p>Este jueves se llev\u00f3 a cabo la pr\u00e1ctica de f\u00fatbol en La Bombonera, el entrenador sac\u00f3 sus propias conclusiones y lo tendr\u00eda m\u00e1s que claro:<strong> volver\u00eda a repetirse el mismo equipo.<\/strong><\/p>\n<p>\u00dabeda aline\u00f3 a los mismos futbolistas que enfrentaron a Talleres de C\u00f3rdoba y a Argentinos Juniors, con la clara intenci\u00f3n de seguir fortaleciendo las conexiones entre los titulares habituales.<\/p>\n<p>Una de las principales dudas que ten\u00eda el cuerpo t\u00e9cnico de Boca era la continuidad de<strong> Milton Gim\u00e9nez<\/strong> en el once, ya que lleva seis partidos sin convertir. No obstante, el DT decidi\u00f3 darle una nueva oportunidad, teniendo en cuenta que Edinson Cavani a\u00fan no est\u00e1 al 100% f\u00edsicamente para ser titular.<\/p>\n<div>\n<figure class=\"image\"><img data-recalc-dims=\"1\" decoding=\"async\" alt=\"milton gim\u00e9nez\" height=\"345\" src=\"https:\/\/i0.wp.com\/fotos.perfil.com\/\/\/2025\/10\/28\/900\/0\/milton-gimenez-2127442.jpg?resize=640%2C345&#038;ssl=1\" width=\"640\" loading=\"lazy\"><figcaption>Milton Gim\u00e9nez<\/figcaption><\/figure>\n<\/div>\n<p>Adem\u00e1s, como si fuera poco con las recuperaciones de Alan Velasco y Carlos Palacios, el <em>Sif\u00f3n <\/em>sum\u00f3 otra buena noticia:<strong> Ander Herrera volvi\u00f3 a entrenarse a la par de sus compa\u00f1eros y particip\u00f3 con el equipo suplente.<\/strong><\/p>\n<p>En ese sentido, y pensando en que no ocurrir\u00e1 ning\u00fan acontecimiento inesperado, el equipo que iniciar\u00eda desde el inicio ser\u00eda<strong>:&nbsp;<\/strong>Agust\u00edn <strong>Marches\u00edn; <\/strong>Juan <strong>Barinaga, <\/strong>Lautaro <strong>Di Lollo, <\/strong>Ayrton <strong>Costa, <\/strong>Lautaro <strong>Blanco; <\/strong>Carlos <strong>Palacios, <\/strong>Leandro <strong>Paredes, <\/strong>Milton <strong>Delgado, <\/strong>Exequiel <strong>Zeballos; <\/strong>Miguel <strong>Merentiel y&nbsp;<\/strong>Milton <strong>Gim\u00e9nez<\/strong>.<\/p>\n<div>\n<figure class=\"image\"><img data-recalc-dims=\"1\" decoding=\"async\" alt=\"boca\" height=\"345\" src=\"https:\/\/i0.wp.com\/fotos.perfil.com\/\/2025\/12\/05\/900\/0\/boca-juniors-2148576.jpg?resize=640%2C345\" width=\"640\" loading=\"lazy\"><figcaption>Boca Juniors<\/figcaption><\/figure>\n<\/div>\n<p>FMZ<\/p>\n<p> <!-- tags --> <\/p>\n","protected":false},"excerpt":{"rendered":"<p>El f\u00fatbol argentino entra en su etapa decisiva y este domingo se jugar\u00e1 la primera semifinal del Torneo Clausura: Boca recibir\u00e1 a Racing en La Bombonera a partir de las 19:00 horas. Para este enfrentamiento, el&nbsp;Xeneize&nbsp;se entrena durante toda la semana, y en las \u00faltimas horas, el cuerpo t\u00e9cnico de Claudio \u00dabeda habr\u00eda definido el [&hellip;]<\/p>\n","protected":false},"author":2,"featured_media":10686,"comment_status":"closed","ping_status":"closed","sticky":false,"template":"","format":"standard","meta":{"jetpack_post_was_ever_published":false,"_jetpack_newsletter_access":"","_jetpack_dont_email_post_to_subs":false,"_jetpack_newsletter_tier_id":0,"_jetpack_memberships_contains_paywalled_content":false,"_jetpack_memberships_contains_paid_content":false,"footnotes":"","jetpack_publicize_message":"","jetpack_publicize_feature_enabled":true,"jetpack_social_post_already_shared":true,"jetpack_social_options":{"image_generator_settings":{"template":"highway","enabled":false},"version":2}},"categories":[17],"tags":[],"class_list":["post-10685","post","type-post","status-publish","format-standard","has-post-thumbnail","hentry","category-deportes"],"jetpack_publicize_connections":[],"jetpack_featured_media_url":"https:\/\/i0.wp.com\/infolanus.com\/wp-content\/uploads\/2025\/12\/boca-listo-para-recibir-a-racing-claudio-ubeda-habria-definido-el-once-titular.jpg?fit=900%2C485&ssl=1","jetpack_sharing_enabled":true,"jetpack_shortlink":"https:\/\/wp.me\/p9QtMr-2Ml","_links":{"self":[{"href":"https:\/\/infolanus.com\/index.php\/wp-json\/wp\/v2\/posts\/10685","targetHints":{"allow":["GET"]}}],"collection":[{"href":"https:\/\/infolanus.com\/index.php\/wp-json\/wp\/v2\/posts"}],"about":[{"href":"https:\/\/infolanus.com\/index.php\/wp-json\/wp\/v2\/types\/post"}],"author":[{"embeddable":true,"href":"https:\/\/infolanus.com\/index.php\/wp-json\/wp\/v2\/users\/2"}],"replies":[{"embeddable":true,"href":"https:\/\/infolanus.com\/index.php\/wp-json\/wp\/v2\/comments?post=10685"}],"version-history":[{"count":0,"href":"https:\/\/infolanus.com\/index.php\/wp-json\/wp\/v2\/posts\/10685\/revisions"}],"wp:featuredmedia":[{"embeddable":true,"href":"https:\/\/infolanus.com\/index.php\/wp-json\/wp\/v2\/media\/10686"}],"wp:attachment":[{"href":"https:\/\/infolanus.com\/index.php\/wp-json\/wp\/v2\/media?parent=10685"}],"wp:term":[{"taxonomy":"category","embeddable":true,"href":"https:\/\/infolanus.com\/index.php\/wp-json\/wp\/v2\/categories?post=10685"},{"taxonomy":"post_tag","embeddable":true,"href":"https:\/\/infolanus.com\/index.php\/wp-json\/wp\/v2\/tags?post=10685"}],"curies":[{"name":"wp","href":"https:\/\/api.w.org\/{rel}","templated":true}]}}