{"id":10701,"date":"2025-12-06T08:13:13","date_gmt":"2025-12-06T11:13:13","guid":{"rendered":"https:\/\/www.inforegion.com.ar\/?p=351944"},"modified":"2025-12-06T08:13:13","modified_gmt":"2025-12-06T11:13:13","slug":"las-nuevas-autoridades-del-concejo-deliberante-de-lanus","status":"publish","type":"post","link":"https:\/\/infolanus.com\/index.php\/2025\/12\/06\/las-nuevas-autoridades-del-concejo-deliberante-de-lanus\/","title":{"rendered":"Las nuevas autoridades del Concejo Deliberante de Lan\u00fas"},"content":{"rendered":"<div><img data-recalc-dims=\"1\" decoding=\"async\" src=\"https:\/\/i0.wp.com\/www.inforegion.com.ar\/wp-content\/uploads\/2025\/12\/concejolanus.jpg?w=640&#038;ssl=1\" class=\"ff-og-image-inserted\"><\/div>\n<p><strong>En la sesi\u00f3n preparatoria que se realiz\u00f3 el viernes en el Concejo Deliberante de Lan\u00fas, juraron los concejales electos<\/strong> en los comicios de septiembre pasado y fueron elegidas las nuevas autoridades del Cuerpo.<\/p>\n<p><strong>Nicol\u00e1s Russo fue designado presidente, mientras que Hugo de Gregorio es vicepresidente primero y Ayel\u00e9n Curlo fue nombrada vicepresidenta segunda. Alejo Di Carlo es el secretario.<\/strong><\/p>\n<p>\u201cFelicitaciones a las compa\u00f1eras y los compa\u00f1eros concejales y consejeros escolares que asumieron hoy (por ayer) su banca en el Honorable Concejo Deliberante de Lan\u00fas\u201d, fue el mensaje del intendente Juli\u00e1n \u00c1lvarez.<\/p>\n<p>Y se\u00f1al\u00f3: \u201cS\u00e9 que asumen con la enorme responsabilidad y el compromiso de trabajar para y por los vecinos y vecinas de Lan\u00fas con el objetivo de seguir construyendo la ciudad que nos merecemos\u201d.<\/p>\n<p>\u201cSeguiremos trabajando para construir la Ciudad que nos merecemos\u201d, poste\u00f3 el flamante presidente del Concejo, Russo.<\/p>\n<p>Tras la <a href=\"https:\/\/www.inforegion.com.ar\/2025\/09\/07\/fuerza-patria-se-impuso-en-lanus-y-retuvo-la-mayoria-en-el-concejo-deliberante\/\">c\u00f3moda victoria<\/a> del peronismo en septiembre, Fuerza Patria logr\u00f3 ocho bancas (<strong>Leandro Juli\u00e1n Decuzzi<\/strong>,&nbsp;<strong>Mail\u00e9n Cervera Novo<\/strong>,&nbsp;<strong>Nicol\u00e1s Russo<\/strong>,&nbsp;<strong>Marcela Alia Barberio<\/strong>,&nbsp;<strong>Sergio Mariano Garc\u00eda<\/strong>,&nbsp;<strong>Mar\u00eda Bel\u00e9n Sandoval<\/strong>,&nbsp;<strong>V\u00edctor Norberto De Gennaro y Susana Graciela Chazarreta<\/strong>).<\/p>\n<p>Por su parte,&nbsp;<strong>La Libertad Avanza<\/strong>&nbsp;meti\u00f3 cinco representantes:&nbsp;<strong>Ignacio Tom\u00e1s Moroni<\/strong>, <strong>Patricia Evelina Werenicz<\/strong>,&nbsp;<strong>Dami\u00e1n Ariel Sala<\/strong>&nbsp;y&nbsp;<strong>Claudia Raquel Serapio<\/strong>.<\/p>\n","protected":false},"excerpt":{"rendered":"<p>En la sesi\u00f3n preparatoria que se realiz\u00f3 el viernes en el Concejo Deliberante de Lan\u00fas, juraron los concejales electos en los comicios de septiembre pasado y fueron elegidas las nuevas autoridades del Cuerpo. Nicol\u00e1s Russo fue designado presidente, mientras que Hugo de Gregorio es vicepresidente primero y Ayel\u00e9n Curlo fue nombrada vicepresidenta segunda. Alejo Di [&hellip;]<\/p>\n","protected":false},"author":2,"featured_media":10702,"comment_status":"closed","ping_status":"closed","sticky":false,"template":"","format":"standard","meta":{"jetpack_post_was_ever_published":false,"_jetpack_newsletter_access":"","_jetpack_dont_email_post_to_subs":false,"_jetpack_newsletter_tier_id":0,"_jetpack_memberships_contains_paywalled_content":false,"_jetpack_memberships_contains_paid_content":false,"footnotes":"","jetpack_publicize_message":"","jetpack_publicize_feature_enabled":true,"jetpack_social_post_already_shared":true,"jetpack_social_options":{"image_generator_settings":{"template":"highway","enabled":false},"version":2}},"categories":[19,16],"tags":[1996,773,981,774,1997,23,724],"class_list":["post-10701","post","type-post","status-publish","format-standard","has-post-thumbnail","hentry","category-municipio","category-politica","tag-autoridades","tag-centrales","tag-concejo-deliberante-de-lanus","tag-destacadas","tag-jura","tag-lanus","tag-politica"],"jetpack_publicize_connections":[],"jetpack_featured_media_url":"https:\/\/i0.wp.com\/infolanus.com\/wp-content\/uploads\/2025\/12\/las-nuevas-autoridades-del-concejo-deliberante-de-lanus.jpg?fit=1200%2C675&ssl=1","jetpack_sharing_enabled":true,"jetpack_shortlink":"https:\/\/wp.me\/p9QtMr-2MB","_links":{"self":[{"href":"https:\/\/infolanus.com\/index.php\/wp-json\/wp\/v2\/posts\/10701","targetHints":{"allow":["GET"]}}],"collection":[{"href":"https:\/\/infolanus.com\/index.php\/wp-json\/wp\/v2\/posts"}],"about":[{"href":"https:\/\/infolanus.com\/index.php\/wp-json\/wp\/v2\/types\/post"}],"author":[{"embeddable":true,"href":"https:\/\/infolanus.com\/index.php\/wp-json\/wp\/v2\/users\/2"}],"replies":[{"embeddable":true,"href":"https:\/\/infolanus.com\/index.php\/wp-json\/wp\/v2\/comments?post=10701"}],"version-history":[{"count":0,"href":"https:\/\/infolanus.com\/index.php\/wp-json\/wp\/v2\/posts\/10701\/revisions"}],"wp:featuredmedia":[{"embeddable":true,"href":"https:\/\/infolanus.com\/index.php\/wp-json\/wp\/v2\/media\/10702"}],"wp:attachment":[{"href":"https:\/\/infolanus.com\/index.php\/wp-json\/wp\/v2\/media?parent=10701"}],"wp:term":[{"taxonomy":"category","embeddable":true,"href":"https:\/\/infolanus.com\/index.php\/wp-json\/wp\/v2\/categories?post=10701"},{"taxonomy":"post_tag","embeddable":true,"href":"https:\/\/infolanus.com\/index.php\/wp-json\/wp\/v2\/tags?post=10701"}],"curies":[{"name":"wp","href":"https:\/\/api.w.org\/{rel}","templated":true}]}}