{"id":10705,"date":"2025-12-07T22:28:19","date_gmt":"2025-12-08T01:28:19","guid":{"rendered":"https:\/\/www.ambito.com\/c6221794"},"modified":"2025-12-07T22:28:19","modified_gmt":"2025-12-08T01:28:19","slug":"se-cumple-un-ano-de-la-detencion-del-gendarme-nahuel-gallo-en-venezuela-que-se-sabe-del-caso","status":"publish","type":"post","link":"https:\/\/infolanus.com\/index.php\/2025\/12\/07\/se-cumple-un-ano-de-la-detencion-del-gendarme-nahuel-gallo-en-venezuela-que-se-sabe-del-caso\/","title":{"rendered":"Se cumple un a\u00f1o de la detenci\u00f3n del gendarme Nahuel Gallo en Venezuela: qu\u00e9 se sabe del caso"},"content":{"rendered":"<div><img data-recalc-dims=\"1\" decoding=\"async\" src=\"https:\/\/i0.wp.com\/media.ambito.com\/p\/b67b8f408ee3092ff4527203f85a106f\/adjuntos\/239\/imagenes\/042\/083\/0042083949\/1200x675\/smart\/nahuel-gallojpg.jpg?w=640&#038;ssl=1\" class=\"ff-og-image-inserted\"><\/div>\n<div id>\n<p>El <a href=\"https:\/\/www.ambito.com\/mundo\/eeuu-exigio-la-liberacion-nahuel-gallo-el-gendarme-argentino-detenido-venezuela-n6172561\" target=\"_blank\" rel=\"follow\">gendarme argentino <strong>Nahuel Gallo<\/strong><\/a> lleva un a\u00f1o detenido en <strong><a href=\"https:\/\/www.ambito.com\/mundo\/venezuela-suma-5600-nuevos-soldados-medio-del-incremento-tension-eeuu-n6221605\" target=\"_blank\" rel=\"follow\">Venezuela<\/a>,<\/strong> desde el 8 de diciembre de 2024, d\u00eda en el que fue presuntamente secuestrado por funcionarios del gobierno de <strong>Nicol\u00e1s Maduro<\/strong> cuando intentaba ingresar al pa\u00eds por la frontera con <strong>Colombia<\/strong> para visitar a su esposa e hijo.<\/p>\n<\/div>\n<div id>\n<p>Este caso marc\u00f3 un antes y un despu\u00e9s en la ya tensa relaci\u00f3n entre la administraci\u00f3n de <strong>Javier Milei<\/strong> y la de su par venezolano <strong>Maduro.<\/strong> Argentina, bajo la representaci\u00f3n del embajador en la <strong>Corte Penal Internacional (CPI)<\/strong> de <strong>La Haya<\/strong>, Diego Sadofschi, denunci\u00f3 \u201c<strong>violaciones a los derechos humanos<\/strong>\u201d y solicit\u00f3 el <strong>arresto de Maduro y de la mano derecha mandatario, Diosdado Cabello.<\/strong><\/p>\n<\/p><\/div>\n<div id>\n<p>A su vez, tanto la familia del gendarme como el gobierno nacional denunciaron que <strong>Gallo<\/strong> fue detenido cuando intentaba ingresar al pa\u00eds por la frontera con Colombia para visitar a su familia. Seg\u00fan autoridades venezolanas, qued\u00f3 imputado bajo los cargos de presunta &#8220;vinculaci\u00f3n a acciones terroristas&#8221; y \u201cespionaje\u201d.<\/p>\n<\/div>\n<div id>\n<h2>La esposa de Nahuel Gallo contin\u00faa reclamando por su liberaci\u00f3n<\/h2>\n<p>Mar\u00eda Alexandra G\u00f3mez, esposa de Gallo, asegur\u00f3 en julio pasado que el gendarme estuvo detenido en la C\u00e1rcel de El Rodeo, ubicado a las afueras de la ciudad de Caracas, en el estado Miranda. Al mes siguiente, <strong>la mujer volvi\u00f3 a Argentina con su hijo.<\/strong><\/p>\n<\/p><\/div>\n<div id>\n<p> \u201cYo no quer\u00eda venirme porque mi intenci\u00f3n era regresar con Nahuel, como lo hab\u00edamos planificado\u201d, declar\u00f3 en su momento.<\/p>\n<\/div>\n<div id>\n<p>El fiscal de la Rep\u00fablica, Tarek William Saab, le reconoci\u00f3 a la esposa del gendarme que su detenci\u00f3n &#8220;hab\u00eda sido un error&#8221; y que la situaci\u00f3n hab\u00eda escalado debido a &#8220;un conflicto diplom\u00e1tico&#8221;. La recomendaci\u00f3n del funcionario judicial fue &#8220;esperar y tener paciencia&#8221;. <\/p>\n<p>Por su parte, Griselda Heredia, la madre de <strong>Gallo,<\/strong> expres\u00f3 su &#8220;desesperaci\u00f3n&#8221; cuando Estados Unidos envi\u00f3 su flota al Caribe y se comunic\u00f3 con la entonces ministra de Seguridad, Patricia Bullrich, quien le pidi\u00f3 tranquilidad.<\/p>\n<p>\u201cLo \u00fanico que me supo decir Bullrich fue que me quede tranquila, que ellos est\u00e1n constantemente haciendo lo posible y trabajando\u201d, afirm\u00f3.<\/p>\n<p>El Gobierno argentino denunci\u00f3 esta situaci\u00f3n ante organismos internacionales como la Organizaci\u00f3n de las Naciones Unidas (ONU) y la Organizaci\u00f3n de los Estados Americanos (OEA), al considerar que la detenci\u00f3n de Gallo es \u201carbitraria e ilegal\u201d, e incluso la calific\u00f3 de &#8220;<strong>desaparici\u00f3n forzada&#8221; y un \u201cdelito de lesa humanidad\u201d.<\/strong><\/p>\n<p>A un a\u00f1o, el gendarme argentino <strong>contin\u00faa detenido en el pa\u00eds caribe\u00f1o y, posiblemente, siga en la c\u00e1rcel de m\u00e1xima seguridad en las afueras de Caracas, donde permanece desde julio de 2025.<\/strong><\/p>\n<\/p><\/div>\n","protected":false},"excerpt":{"rendered":"<p>El gendarme argentino Nahuel Gallo lleva un a\u00f1o detenido en Venezuela, desde el 8 de diciembre de 2024, d\u00eda en el que fue presuntamente secuestrado por funcionarios del gobierno de Nicol\u00e1s Maduro cuando intentaba ingresar al pa\u00eds por la frontera con Colombia para visitar a su esposa e hijo. Este caso marc\u00f3 un antes y [&hellip;]<\/p>\n","protected":false},"author":2,"featured_media":10706,"comment_status":"closed","ping_status":"closed","sticky":false,"template":"","format":"standard","meta":{"jetpack_post_was_ever_published":false,"_jetpack_newsletter_access":"","_jetpack_dont_email_post_to_subs":false,"_jetpack_newsletter_tier_id":0,"_jetpack_memberships_contains_paywalled_content":false,"_jetpack_memberships_contains_paid_content":false,"footnotes":"","jetpack_publicize_message":"","jetpack_publicize_feature_enabled":true,"jetpack_social_post_already_shared":true,"jetpack_social_options":{"image_generator_settings":{"template":"highway","enabled":false},"version":2}},"categories":[20],"tags":[],"class_list":["post-10705","post","type-post","status-publish","format-standard","has-post-thumbnail","hentry","category-mundo"],"jetpack_publicize_connections":[],"jetpack_featured_media_url":"https:\/\/i0.wp.com\/infolanus.com\/wp-content\/uploads\/2025\/12\/se-cumple-un-ano-de-la-detencion-del-gendarme-nahuel-gallo-en-venezuela-que-se-sabe-del-caso.jpg?fit=1200%2C675&ssl=1","jetpack_sharing_enabled":true,"jetpack_shortlink":"https:\/\/wp.me\/p9QtMr-2MF","_links":{"self":[{"href":"https:\/\/infolanus.com\/index.php\/wp-json\/wp\/v2\/posts\/10705","targetHints":{"allow":["GET"]}}],"collection":[{"href":"https:\/\/infolanus.com\/index.php\/wp-json\/wp\/v2\/posts"}],"about":[{"href":"https:\/\/infolanus.com\/index.php\/wp-json\/wp\/v2\/types\/post"}],"author":[{"embeddable":true,"href":"https:\/\/infolanus.com\/index.php\/wp-json\/wp\/v2\/users\/2"}],"replies":[{"embeddable":true,"href":"https:\/\/infolanus.com\/index.php\/wp-json\/wp\/v2\/comments?post=10705"}],"version-history":[{"count":0,"href":"https:\/\/infolanus.com\/index.php\/wp-json\/wp\/v2\/posts\/10705\/revisions"}],"wp:featuredmedia":[{"embeddable":true,"href":"https:\/\/infolanus.com\/index.php\/wp-json\/wp\/v2\/media\/10706"}],"wp:attachment":[{"href":"https:\/\/infolanus.com\/index.php\/wp-json\/wp\/v2\/media?parent=10705"}],"wp:term":[{"taxonomy":"category","embeddable":true,"href":"https:\/\/infolanus.com\/index.php\/wp-json\/wp\/v2\/categories?post=10705"},{"taxonomy":"post_tag","embeddable":true,"href":"https:\/\/infolanus.com\/index.php\/wp-json\/wp\/v2\/tags?post=10705"}],"curies":[{"name":"wp","href":"https:\/\/api.w.org\/{rel}","templated":true}]}}