{"id":10707,"date":"2025-12-08T13:12:38","date_gmt":"2025-12-08T16:12:38","guid":{"rendered":"https:\/\/www.inforegion.com.ar\/?p=352083"},"modified":"2025-12-08T13:12:38","modified_gmt":"2025-12-08T16:12:38","slug":"lanus-detuvieron-a-un-hombre-por-abusar-de-su-sobrina-de-8-anos","status":"publish","type":"post","link":"https:\/\/infolanus.com\/index.php\/2025\/12\/08\/lanus-detuvieron-a-un-hombre-por-abusar-de-su-sobrina-de-8-anos\/","title":{"rendered":"Lan\u00fas: Detuvieron a un hombre por abusar de su sobrina de 8 a\u00f1os"},"content":{"rendered":"<div><img data-recalc-dims=\"1\" decoding=\"async\" src=\"https:\/\/i0.wp.com\/www.inforegion.com.ar\/wp-content\/uploads\/2025\/12\/abusador.jpg?w=640&#038;ssl=1\" class=\"ff-og-image-inserted\"><\/div>\n<p><strong>Una nena de apenas 8 a\u00f1os se despert\u00f3 del dolor durante la noche y le cont\u00f3 a su madre que su t\u00edo, un hombre de 49, hab\u00eda abusado sexualmente de ella.<\/strong> No ser\u00eda la primera vez que la nena fue sometida por el familiar.<\/p>\n<p>La denuncia data de <strong>marzo de este a\u00f1o, pero tom\u00f3 estado p\u00fablico con la detenci\u00f3n del acusado por \u201cabuso sexual agravado\u201d.<\/strong><\/p>\n<p>Ese 1 de marzo, la menor despert\u00f3 por un fuerte dolor en la zona genital y le cont\u00f3 su t\u00edo hab\u00eda abusado de ella cuando estaba bajo su cuidado. <strong>M\u00e1s ataques habr\u00edan tenido lugar en 2024.<\/strong><\/p>\n<p>\u201cUna vez finalizadas las labores y siendo estas <strong>contundentes respecto a la autor\u00eda del acusado<\/strong>, se obtuvo la orden de detenci\u00f3n, que se efectiviz\u00f3 recientemente en cercan\u00edas de su domicilio\u201d, precisaron las fuentes.<\/p>\n<p>La causa, caratulada como \u201cabuso sexual agravado\u201d, est\u00e1 en manos de la Unidad Funcional de Instrucci\u00f3n (UFI) 8 del Departamento Judicial de Avellaneda-Lan\u00fas, a cargo de Oscar Maidana.<\/p>\n","protected":false},"excerpt":{"rendered":"<p>Una nena de apenas 8 a\u00f1os se despert\u00f3 del dolor durante la noche y le cont\u00f3 a su madre que su t\u00edo, un hombre de 49, hab\u00eda abusado sexualmente de ella. No ser\u00eda la primera vez que la nena fue sometida por el familiar. La denuncia data de marzo de este a\u00f1o, pero tom\u00f3 estado [&hellip;]<\/p>\n","protected":false},"author":2,"featured_media":10708,"comment_status":"closed","ping_status":"closed","sticky":false,"template":"","format":"standard","meta":{"jetpack_post_was_ever_published":false,"_jetpack_newsletter_access":"","_jetpack_dont_email_post_to_subs":false,"_jetpack_newsletter_tier_id":0,"_jetpack_memberships_contains_paywalled_content":false,"_jetpack_memberships_contains_paid_content":false,"footnotes":"","jetpack_publicize_message":"","jetpack_publicize_feature_enabled":true,"jetpack_social_post_already_shared":true,"jetpack_social_options":{"image_generator_settings":{"template":"highway","enabled":false},"version":2}},"categories":[19,547],"tags":[1199,773,774,262,23,822,1936],"class_list":["post-10707","post","type-post","status-publish","format-standard","has-post-thumbnail","hentry","category-municipio","category-policiales","tag-abuso-sexual","tag-centrales","tag-destacadas","tag-detenido","tag-lanus","tag-policiales","tag-tio"],"jetpack_publicize_connections":[],"jetpack_featured_media_url":"https:\/\/i0.wp.com\/infolanus.com\/wp-content\/uploads\/2025\/12\/lanus-detuvieron-a-un-hombre-por-abusar-de-su-sobrina-de-8-anos.jpg?fit=1200%2C675&ssl=1","jetpack_sharing_enabled":true,"jetpack_shortlink":"https:\/\/wp.me\/p9QtMr-2MH","_links":{"self":[{"href":"https:\/\/infolanus.com\/index.php\/wp-json\/wp\/v2\/posts\/10707","targetHints":{"allow":["GET"]}}],"collection":[{"href":"https:\/\/infolanus.com\/index.php\/wp-json\/wp\/v2\/posts"}],"about":[{"href":"https:\/\/infolanus.com\/index.php\/wp-json\/wp\/v2\/types\/post"}],"author":[{"embeddable":true,"href":"https:\/\/infolanus.com\/index.php\/wp-json\/wp\/v2\/users\/2"}],"replies":[{"embeddable":true,"href":"https:\/\/infolanus.com\/index.php\/wp-json\/wp\/v2\/comments?post=10707"}],"version-history":[{"count":0,"href":"https:\/\/infolanus.com\/index.php\/wp-json\/wp\/v2\/posts\/10707\/revisions"}],"wp:featuredmedia":[{"embeddable":true,"href":"https:\/\/infolanus.com\/index.php\/wp-json\/wp\/v2\/media\/10708"}],"wp:attachment":[{"href":"https:\/\/infolanus.com\/index.php\/wp-json\/wp\/v2\/media?parent=10707"}],"wp:term":[{"taxonomy":"category","embeddable":true,"href":"https:\/\/infolanus.com\/index.php\/wp-json\/wp\/v2\/categories?post=10707"},{"taxonomy":"post_tag","embeddable":true,"href":"https:\/\/infolanus.com\/index.php\/wp-json\/wp\/v2\/tags?post=10707"}],"curies":[{"name":"wp","href":"https:\/\/api.w.org\/{rel}","templated":true}]}}