{"id":10716,"date":"2025-12-09T13:47:09","date_gmt":"2025-12-09T16:47:09","guid":{"rendered":"https:\/\/infolanus.com\/index.php\/2025\/12\/09\/franco-colapinto-cierra-un-ano-sin-puntos-en-la-f1-y-apuesta-al-salto-en-2026\/"},"modified":"2025-12-09T13:47:09","modified_gmt":"2025-12-09T16:47:09","slug":"franco-colapinto-cierra-un-ano-sin-puntos-en-la-f1-y-apuesta-al-salto-en-2026","status":"publish","type":"post","link":"https:\/\/infolanus.com\/index.php\/2025\/12\/09\/franco-colapinto-cierra-un-ano-sin-puntos-en-la-f1-y-apuesta-al-salto-en-2026\/","title":{"rendered":"Franco Colapinto cierra un a\u00f1o sin puntos en la F1 y apuesta al salto en 2026"},"content":{"rendered":"<div class=\"media_block\"><\/div>\n<p><a target=\"_blank\" href=\"http:\/\/https:\/\/442.perfil.com\/noticias\/automovilismo\/franco-colapinto-recibio-el-apoyo-de-williams-tras-el-agravio-de-jacques-villeneuve.phtml\"><strong>Franco Colapinto<\/strong><\/a> puso punto final este domingo a su segunda temporada en la <strong><a target=\"_blank\" href=\"https:\/\/442.perfil.com\/noticias\/automovilismo\/lando-norris-campeon-del-mundo-mclaren-vuelve-a-la-cima-de-la-formula-1-despues-de-17-anos.phtml\">F\u00f3rmula 1<\/a> <\/strong>al terminar en la posici\u00f3n 20\u00b0 del<strong> Gran Premio de Abu Dhabi<\/strong>. El cierre de a\u00f1o llega en un contexto complejo: el joven piloto argentino <strong>no pudo sumar puntos en todo el 2025<\/strong>, una consecuencia directa de las<strong> limitaciones del motor del Alpine A525<\/strong>, que dej\u00f3 a la escuder\u00eda \u00faltima en el campeonato de constructores.<\/p>\n<h2><strong>Colapinto dijo adi\u00f3s a una temporada amarga y abraza el nuevo desafio<\/strong><\/h2>\n<p>Lejos de resignarse, Colapinto ya dio vuelta la p\u00e1gina y puso todas sus energ\u00edas en el pr\u00f3ximo ciclo. <strong>\u201cChauuuu A525. Reset y empezamos de cero, a trabajar para el 2026\u201d<\/strong>, escribi\u00f3 el pilarense en sus redes sociales tras la \u00faltima competencia del a\u00f1o, en una muestra de entusiasmo por el cambio de reglamento que regir\u00e1 desde la pr\u00f3xima temporada y por el nuevo motor Mercedes que utilizar\u00e1 el equipo franc\u00e9s.<\/p>\n<p class=\"destacadoNota\"><a target=\"_blank\" href=\"http:\/\/https:\/\/442.perfil.com\/noticias\/automovilismo\/el-alivio-de-franco-colapinto-al-cerrar-una-temporada-dificil-en-la-f1-gracias-a-dios-ya-termino-este-ano.phtml\">El alivio de Franco Colapinto al cerrar una temporada dif\u00edcil en la F1: &#8220;Gracias a Dios ya termin\u00f3 este a\u00f1o&#8221;<\/a><\/p>\n<h2><strong>C\u00f3mo sigue la agenda de Colapinto<\/strong><\/h2>\n<p>Despu\u00e9s de Abu Dhabi, parte del equipo Alpine se qued\u00f3 en la capital de los Emiratos \u00c1rabes Unidos para participar de los test de Pirelli con monoplazas adaptados a los neum\u00e1ticos que se usar\u00e1n en 2026. <strong>Colapinto no participar\u00e1, y su lugar en estas pruebas ser\u00e1 ocupado por el rookie Kush Maini junto a Pierre Gasly<\/strong>, piloto principal de la escuder\u00eda.<\/p>\n<p>El argentino, de 22 a\u00f1os,<strong> no volver\u00e1 a subirse al coche en lo que resta del a\u00f1o,<\/strong> pero s\u00ed regresar\u00e1 esta semana a la sede de Alpine en Enstone, Inglaterra, donde realizar\u00e1 los \u00faltimos an\u00e1lisis con el equipo antes de iniciar formalmente la preparaci\u00f3n para el nuevo campeonato.<\/p>\n<p>Seg\u00fan inform\u00f3 Ol\u00e9, C<strong>olapinto tendr\u00e1 cerca de tres semanas de vacaciones entre diciembre y enero. Luego retomar\u00e1 el trabajo en la base del equipo,<\/strong> donde comenzar\u00e1 la pretemporada con miras a un a\u00f1o en el que espera contar con un coche m\u00e1s competitivo.<\/p>\n<div>\n<figure class=\"image\"><img data-recalc-dims=\"1\" decoding=\"async\" alt=\"Franco Colapinto\" src=\"https:\/\/i0.wp.com\/fotos.perfil.com\/\/2025\/11\/28\/900\/0\/franco-colapinto-2144364.jpg?w=640&#038;ssl=1\" loading=\"lazy\"><figcaption>Franco Colapinto, piloto de Alpine<\/figcaption><\/figure>\n<\/div>\n<p><strong>El pr\u00f3ximo ciclo arrancar\u00e1 oficialmente el 23 de enero en Barcelona, con el lanzamiento del Alpine A526<\/strong>. Despu\u00e9s llegar\u00e1n los primeros test en el Circuito de Catalunya (26 al 30 de enero), seguidos por nuevas pruebas en Bahr\u00e9in entre febrero. La temporada 76 de la F\u00f3rmula 1 comenzar\u00e1 finalmente en Australia, en el Melbourne Park, entre el 6 y el 8 de marzo.<\/p>\n<p>Con el cierre de un a\u00f1o exigente, Colapinto y Alpine renuevan esperanzas y se preparan para un 2026 que ilusiona al joven piloto argentino y a quienes siguen de cerca su crecimiento en la m\u00e1xima categor\u00eda.<\/p>\n<p>BP<\/p>\n<p> <!-- tags --> <\/p>\n","protected":false},"excerpt":{"rendered":"<p>Franco Colapinto puso punto final este domingo a su segunda temporada en la F\u00f3rmula 1 al terminar en la posici\u00f3n 20\u00b0 del Gran Premio de Abu Dhabi. El cierre de a\u00f1o llega en un contexto complejo: el joven piloto argentino no pudo sumar puntos en todo el 2025, una consecuencia directa de las limitaciones del [&hellip;]<\/p>\n","protected":false},"author":2,"featured_media":10717,"comment_status":"closed","ping_status":"closed","sticky":false,"template":"","format":"standard","meta":{"jetpack_post_was_ever_published":false,"_jetpack_newsletter_access":"","_jetpack_dont_email_post_to_subs":false,"_jetpack_newsletter_tier_id":0,"_jetpack_memberships_contains_paywalled_content":false,"_jetpack_memberships_contains_paid_content":false,"footnotes":"","jetpack_publicize_message":"","jetpack_publicize_feature_enabled":true,"jetpack_social_post_already_shared":true,"jetpack_social_options":{"image_generator_settings":{"template":"highway","enabled":false},"version":2}},"categories":[17],"tags":[],"class_list":["post-10716","post","type-post","status-publish","format-standard","has-post-thumbnail","hentry","category-deportes"],"jetpack_publicize_connections":[],"jetpack_featured_media_url":"https:\/\/i0.wp.com\/infolanus.com\/wp-content\/uploads\/2025\/12\/franco-colapinto-cierra-un-ano-sin-puntos-en-la-f1-y-apuesta-al-salto-en-2026.jpg?fit=900%2C485&ssl=1","jetpack_sharing_enabled":true,"jetpack_shortlink":"https:\/\/wp.me\/p9QtMr-2MQ","_links":{"self":[{"href":"https:\/\/infolanus.com\/index.php\/wp-json\/wp\/v2\/posts\/10716","targetHints":{"allow":["GET"]}}],"collection":[{"href":"https:\/\/infolanus.com\/index.php\/wp-json\/wp\/v2\/posts"}],"about":[{"href":"https:\/\/infolanus.com\/index.php\/wp-json\/wp\/v2\/types\/post"}],"author":[{"embeddable":true,"href":"https:\/\/infolanus.com\/index.php\/wp-json\/wp\/v2\/users\/2"}],"replies":[{"embeddable":true,"href":"https:\/\/infolanus.com\/index.php\/wp-json\/wp\/v2\/comments?post=10716"}],"version-history":[{"count":0,"href":"https:\/\/infolanus.com\/index.php\/wp-json\/wp\/v2\/posts\/10716\/revisions"}],"wp:featuredmedia":[{"embeddable":true,"href":"https:\/\/infolanus.com\/index.php\/wp-json\/wp\/v2\/media\/10717"}],"wp:attachment":[{"href":"https:\/\/infolanus.com\/index.php\/wp-json\/wp\/v2\/media?parent=10716"}],"wp:term":[{"taxonomy":"category","embeddable":true,"href":"https:\/\/infolanus.com\/index.php\/wp-json\/wp\/v2\/categories?post=10716"},{"taxonomy":"post_tag","embeddable":true,"href":"https:\/\/infolanus.com\/index.php\/wp-json\/wp\/v2\/tags?post=10716"}],"curies":[{"name":"wp","href":"https:\/\/api.w.org\/{rel}","templated":true}]}}