{"id":10718,"date":"2025-12-09T21:25:00","date_gmt":"2025-12-10T00:25:00","guid":{"rendered":"https:\/\/www.ambito.com\/mundo\/benjamin-netanyahu-viajara-washington-avanzar-la-nueva-etapa-del-plan-gaza-n6222478"},"modified":"2025-12-09T21:25:00","modified_gmt":"2025-12-10T00:25:00","slug":"benjamin-netanyahu-viajara-a-washington-para-avanzar-en-la-nueva-etapa-del-plan-para-gaza","status":"publish","type":"post","link":"https:\/\/infolanus.com\/index.php\/2025\/12\/09\/benjamin-netanyahu-viajara-a-washington-para-avanzar-en-la-nueva-etapa-del-plan-para-gaza\/","title":{"rendered":"Benjam\u00edn Netanyahu viajar\u00e1 a Washington para avanzar en la nueva etapa del plan para Gaza"},"content":{"rendered":"<p><img data-recalc-dims=\"1\" decoding=\"async\" src=\"https:\/\/i0.wp.com\/media.ambito.com\/p\/03a12d8f9858fcbdcdb0cc148677cf85\/adjuntos\/239\/imagenes\/042\/572\/0042572569\/1200x675\/smart\/donald-trump-benjamin-netanyahujpg.jpg?w=640&#038;ssl=1\"><!-- { REGION4 --> <\/p>\n<header class=\"news-headline\" readability=\"1.2993630573248\">\n<div class=\"news-headline__topics-and-date-wrapper\"> <span class=\"news-headline__publication-date\"> 9 de diciembre 2025 &#8211; 21:25 <\/span><\/div>\n<h2 class=\"news-headline__article-summary\" readability=\"23\">\n<p class=\"ignore-parser\">El primer ministro israel\u00ed se reunir\u00e1 con Donald Trump para definir el rumbo pol\u00edtico y militar tras el fr\u00e1gil alto el fuego pactado en octubre.<\/p>\n<\/h2>\n<\/header>\n<div class=\"detail-highlighted-multimedia content-protected-false\">\n<figure class=\"detail-highlighted-multimedia__figure\"> <img data-recalc-dims=\"1\" decoding=\"async\" src=\"https:\/\/i0.wp.com\/media.ambito.com\/p\/52b0e2611710a46b425e4fece28e10d2\/adjuntos\/239\/imagenes\/042\/572\/0042572569\/655x368\/smart\/donald-trump-benjamin-netanyahujpg.jpg?resize=640%2C360&#038;ssl=1\" class=\"detail-highlighted-multimedia__figure-img img-fluid\" alt=\"Benjam\u00edn Netanyahu viajar\u00e1 a EEUU el pr\u00f3ximo 29 de diciembre para avanzar con la fase dos del plan de paz para Gaza.\" width=\"640\" height=\"360\" crossorigin=\"anonymous\" fetchpriority=\"high\" decode=\"async\"><figcaption class=\"detail-highlighted-multimedia__figcaption\" readability=\"-23.5\"> <\/figcaption><\/figure>\n<\/p><\/div>\n<article class=\"article-body article-body--first-paragraph content-protected-false\" data-td-script-src=\"https:\/\/www.ambito.com\/td\/modulos\/encuestas\/js\/function-embeds-min-version-1765253216.js\" readability=\"33.458536585366\">\n<p data-start=\"612\" data-end=\"1021\"><strong> <a href=\"https:\/\/www.ambito.com\/mundo\/benjamin-netanyahu-anticipo-una-nueva-fase-alto-fuego-israel-y-hamas-n6221708\" target=\"_blank\" rel=\"follow\">El primer ministro de Israel, Benjam\u00edn Netanyahu<\/a><\/strong>, confirm\u00f3 este martes que se reunir\u00e1 con el presidente estadounidense, Donald Trump, el pr\u00f3ximo 29 de diciembre en la Casa Blanca. La cita, anunciada por la oficina<strong>, se enfocar\u00e1 en la segunda fase del alto el fuego acordado en Gaza<\/strong>, un entendimiento que Israel contin\u00faa incumpliendo, ya que dej\u00f3 <strong> cerca de 370 muertos palestinos desde su entrada en vigor. <\/strong><\/p>\n<\/article>\n<article class=\"article-body article-body--second-paragraph content-protected-false\" readability=\"34\">\n<p data-start=\"1023\" data-end=\"1322\">Seg\u00fan la agenda oficial, la nueva etapa del plan contempla el desarme de Hamas, la conformaci\u00f3n de un gobierno tecn\u00f3crata temporal para la Franja, la llegada de una fuerza internacional de estabilizaci\u00f3n y un eventual repliegue israel\u00ed, que hoy mantiene control sobre m\u00e1s de la mitad del territorio.<\/p>\n<\/article>\n<section class=\"related-news\"> <span class=\"related-news__title\">Informate m\u00e1s<\/span> <\/p>\n<div class=\"row row--eq-height\">\n<div class=\"col-12 col-md-6\">\n<article class=\"news-article news-article--landscape-news news-article--landscape-news\">\n<figure class=\"news-article__figure figure\"> <a href=\"https:\/\/www.ambito.com\/mundo\/benjamin-netanyahu-anticipo-una-nueva-fase-alto-fuego-israel-y-hamas-n6221708\" target title=\"\u00e1mbito.com | Netanyahu anticip\u00f3 una nueva fase de alto de fuego entre Israel y Ham\u00e1s\" alt=\"\u00e1mbito.com | Netanyahu anticip\u00f3 una nueva fase de alto de fuego entre Israel y Ham\u00e1s\" rel=\"noindex nofollow noreferrer\"> <img loading=\"lazy\" decoding=\"async\" src=\"https:\/\/www.ambito.com\/css-custom\/239\/lazy.svg\" data-td-src-property=\"https:\/\/media.ambito.com\/p\/4dca9b3d853196d855742f38c5d2f5e5\/adjuntos\/239\/imagenes\/041\/563\/0041563025\/benjamin-netanyahujpg.jpg\" alt=\"Netanyahu anunci\u00f3 que Israel y Ham\u00e1s iniciar\u00e1n pronto la segunda fase del alto al fuego tras la devoluci\u00f3n del \u00faltimo reh\u00e9n.\" title=\"Netanyahu anunci\u00f3 que Israel y Ham\u00e1s iniciar\u00e1n pronto la segunda fase del alto al fuego tras la devoluci\u00f3n del \u00faltimo reh\u00e9n.\" width=\"93\" height=\"52\" class=\"news-article__figure-img figure-img img-fluid\"> <\/a><\/figure>\n<\/article><\/div>\n<div class=\"col-12 col-md-6\">\n<article class=\"news-article news-article--landscape-news news-article--landscape-news\">\n<figure class=\"news-article__figure figure\"> <a href=\"https:\/\/www.ambito.com\/mundo\/benjamin-netanyahu-afirmo-que-no-dejara-la-politica-aunque-reciba-la-amnistia-corrupcion-n6221687\" target title=\"\u00e1mbito.com | Netanyahu afirm\u00f3 que no dejar\u00e1 la pol\u00edtica aunque reciba la amnist\u00eda por corrupci\u00f3n\" alt=\"\u00e1mbito.com | Netanyahu afirm\u00f3 que no dejar\u00e1 la pol\u00edtica aunque reciba la amnist\u00eda por corrupci\u00f3n\" rel=\"noindex nofollow noreferrer\"> <img loading=\"lazy\" decoding=\"async\" src=\"https:\/\/www.ambito.com\/css-custom\/239\/lazy.svg\" data-td-src-property=\"https:\/\/media.ambito.com\/p\/c4005007626420532b70f2f11cee61aa\/adjuntos\/239\/imagenes\/042\/786\/0042786149\/93x52\/smart\/11israeli-prime-minister-benjamin-netanyahu-1-1.jpg\" alt=\"Netanyahu insiste en mantenerse en la pol\u00edtica pese a su solicitud de amnist\u00eda por casos de corrupci\u00f3n.\" title=\"Netanyahu insiste en mantenerse en la pol\u00edtica pese a su solicitud de amnist\u00eda por casos de corrupci\u00f3n.\" width=\"93\" height=\"52\" class=\"news-article__figure-img figure-img img-fluid\"> <\/a><\/figure>\n<\/article><\/div>\n<\/div>\n<\/section>\n<article class=\"article-body article-body--third-paragraph content-protected-false\" readability=\"33\">\n<p data-start=\"1324\" data-end=\"1646\">La \u00faltima comunicaci\u00f3n entre ambos mandatarios hab\u00eda sido d\u00edas atr\u00e1s, cuando Trump inst\u00f3 p\u00fablicamente a Israel a promover un \u201c<strong>di\u00e1logo firme y real<\/strong>\u201d con Siria, luego de una escaramuza a pocos kil\u00f3metros de Damasco que dej\u00f3 trece muertos del lado palestino. Pese al episodio, la relaci\u00f3n bilateral parece mantenerse intacta.<\/p>\n<\/article>\n<article class=\"article-body article-body--fourth-paragraph content-protected-false\" readability=\"36\">\n<h2 data-start=\"1324\" data-end=\"1646\">Fase dos para el plan de paz en Gaza<\/h2>\n<p data-start=\"1697\" data-end=\"2135\">Trump solicit\u00f3 recientemente al presidente israel\u00ed, Isaac Herzog, el indulto para Netanyahu, quien enfrenta tres causas por corrupci\u00f3n. Adem\u00e1s, el embajador estadounidense ante la ONU, <strong>Mike Waltz,<\/strong> lleg\u00f3 al pa\u00eds para una visita que se extender\u00e1 hasta el mi\u00e9rcoles y busca reforzar la implementaci\u00f3n del plan de 20 puntos para Gaza impulsado por la Casa Blanca.<\/p>\n<\/article>\n<article class=\"article-body article-body--fifth-paragraph content-protected-false\" readability=\"32\">\n<p data-start=\"1697\" data-end=\"2135\">El portavoz de Waltz comunic\u00f3 v\u00eda X que el viaje se da en un contexto de &#8220;firme compromiso de EEUU con la promoci\u00f3n de la estabilidad regional, la implementaci\u00f3n del<strong> plan de 20 puntos del presidente Trump para Gaza<\/strong> y el avance en los objetivos de la Resoluci\u00f3n 2803 del Consejo de Seguridad de la ONU, que establece el camino a seguir para la regi\u00f3n&#8221;.<\/p>\n<\/article>\n<article class=\"article-body article-body--remaining-paragraph content-protected-false\" readability=\"34\">\n<p data-start=\"2137\" data-end=\"2528\" data-is-last-node data-is-only-node>El primer ministro israel\u00ed tambi\u00e9n recibi\u00f3 en Jerusal\u00e9n al canciller alem\u00e1n, Friedrich Merz, a quien agradeci\u00f3 el apoyo internacional, aunque advirti\u00f3 que la segunda fase del proceso ser\u00e1 \u201ca\u00fan m\u00e1s dif\u00edcil\u201d. Netanyahu adelant\u00f3 su objetivo para la tercera etapa: la <strong>\u201cdesradicalizaci\u00f3n\u201d<\/strong> de Gaza, comparando el desaf\u00edo con la reconstrucci\u00f3n ideol\u00f3gica de Alemania tras la Segunda Guerra Mundial.<\/p>\n<\/article>\n<p> <!-- REGION4 } --> <\/p>\n","protected":false},"excerpt":{"rendered":"<p>9 de diciembre 2025 &#8211; 21:25 El primer ministro israel\u00ed se reunir\u00e1 con Donald Trump para definir el rumbo pol\u00edtico y militar tras el fr\u00e1gil alto el fuego pactado en octubre. El primer ministro de Israel, Benjam\u00edn Netanyahu, confirm\u00f3 este martes que se reunir\u00e1 con el presidente estadounidense, Donald Trump, el pr\u00f3ximo 29 de diciembre [&hellip;]<\/p>\n","protected":false},"author":2,"featured_media":10719,"comment_status":"closed","ping_status":"closed","sticky":false,"template":"","format":"standard","meta":{"jetpack_post_was_ever_published":false,"_jetpack_newsletter_access":"","_jetpack_dont_email_post_to_subs":false,"_jetpack_newsletter_tier_id":0,"_jetpack_memberships_contains_paywalled_content":false,"_jetpack_memberships_contains_paid_content":false,"footnotes":"","jetpack_publicize_message":"","jetpack_publicize_feature_enabled":true,"jetpack_social_post_already_shared":true,"jetpack_social_options":{"image_generator_settings":{"template":"highway","enabled":false},"version":2}},"categories":[20],"tags":[1286],"class_list":["post-10718","post","type-post","status-publish","format-standard","has-post-thumbnail","hentry","category-mundo","tag-mundo"],"jetpack_publicize_connections":[],"jetpack_featured_media_url":"https:\/\/i0.wp.com\/infolanus.com\/wp-content\/uploads\/2025\/12\/benjamin-netanyahu-viajara-a-washington-para-avanzar-en-la-nueva-etapa-del-plan-para-gaza.jpg?fit=655%2C368&ssl=1","jetpack_sharing_enabled":true,"jetpack_shortlink":"https:\/\/wp.me\/p9QtMr-2MS","_links":{"self":[{"href":"https:\/\/infolanus.com\/index.php\/wp-json\/wp\/v2\/posts\/10718","targetHints":{"allow":["GET"]}}],"collection":[{"href":"https:\/\/infolanus.com\/index.php\/wp-json\/wp\/v2\/posts"}],"about":[{"href":"https:\/\/infolanus.com\/index.php\/wp-json\/wp\/v2\/types\/post"}],"author":[{"embeddable":true,"href":"https:\/\/infolanus.com\/index.php\/wp-json\/wp\/v2\/users\/2"}],"replies":[{"embeddable":true,"href":"https:\/\/infolanus.com\/index.php\/wp-json\/wp\/v2\/comments?post=10718"}],"version-history":[{"count":0,"href":"https:\/\/infolanus.com\/index.php\/wp-json\/wp\/v2\/posts\/10718\/revisions"}],"wp:featuredmedia":[{"embeddable":true,"href":"https:\/\/infolanus.com\/index.php\/wp-json\/wp\/v2\/media\/10719"}],"wp:attachment":[{"href":"https:\/\/infolanus.com\/index.php\/wp-json\/wp\/v2\/media?parent=10718"}],"wp:term":[{"taxonomy":"category","embeddable":true,"href":"https:\/\/infolanus.com\/index.php\/wp-json\/wp\/v2\/categories?post=10718"},{"taxonomy":"post_tag","embeddable":true,"href":"https:\/\/infolanus.com\/index.php\/wp-json\/wp\/v2\/tags?post=10718"}],"curies":[{"name":"wp","href":"https:\/\/api.w.org\/{rel}","templated":true}]}}