{"id":10728,"date":"2025-12-11T22:02:00","date_gmt":"2025-12-12T01:02:00","guid":{"rendered":"https:\/\/www.ambito.com\/c6223281"},"modified":"2025-12-11T22:02:00","modified_gmt":"2025-12-12T01:02:00","slug":"cayo-el-gobierno-de-bulgaria-tras-semanas-de-protestas-contra-la-corrupcion-y-los-aumentos-por-la-llegada-del-euro","status":"publish","type":"post","link":"https:\/\/infolanus.com\/index.php\/2025\/12\/11\/cayo-el-gobierno-de-bulgaria-tras-semanas-de-protestas-contra-la-corrupcion-y-los-aumentos-por-la-llegada-del-euro\/","title":{"rendered":"Cay\u00f3 el gobierno de Bulgaria tras semanas de protestas contra la corrupci\u00f3n y los aumentos por la llegada del Euro"},"content":{"rendered":"<p><!-- { REGION4 --> <\/p>\n<header class=\"news-headline\" readability=\"1.7912457912458\">\n<div class=\"news-headline__topics-and-date-wrapper\"> <span class=\"news-headline__publication-date\"> 11 de diciembre 2025 &#8211; 22:02 <\/span><\/div>\n<h2 class=\"news-headline__article-summary\" readability=\"24\">\n<p class=\"ignore-parser\">M\u00e1s de 100.000 b\u00falgaros se manifestaron en contra del gobierno, que anunci\u00f3 su renuncia para el pr\u00f3ximo viernes.<\/p>\n<\/h2>\n<\/header>\n<div class=\"detail-highlighted-multimedia content-protected-false\">\n<figure class=\"detail-highlighted-multimedia__figure\"> <img data-recalc-dims=\"1\" decoding=\"async\" src=\"https:\/\/i0.wp.com\/media.ambito.com\/p\/f9044d0ff7be967db3e01227aed732c8\/adjuntos\/239\/imagenes\/043\/021\/0043021801\/655x368\/smart\/protestas-bulgaria-terminan-el-gobierno.jpeg?resize=640%2C480&#038;ssl=1\" class=\"detail-highlighted-multimedia__figure-img img-fluid\" alt=\"M\u00e1s de 100.000 personas se congregaron en Sof\u00eda para exigir la dimisi\u00f3n del gobierno de Bulgaria, que se consumara el pr\u00f3ximo viernes.&amp;nbsp;\" width=\"640\" height=\"480\" crossorigin=\"anonymous\" fetchpriority=\"high\" decode=\"async\"><figcaption class=\"detail-highlighted-multimedia__figcaption\" readability=\"-23\"> <span class=\"detail-highlighted-multimedia__copyright\">Valentina Petrova &#8211; AP<\/span><\/figcaption><\/figure>\n<\/div>\n<article class=\"article-body article-body--first-paragraph content-protected-false\" data-td-script-src=\"https:\/\/www.ambito.com\/td\/modulos\/encuestas\/js\/function-embeds-min-version-1765426019.js\" readability=\"34\">\n<p><strong>El gobierno de Bulgaria cay\u00f3 este jueves<\/strong> luego de varios d\u00edas de protestas contra la corrupci\u00f3n y el presupuesto 2026 de aquel pa\u00eds, presentado la semana pasada. El pa\u00eds balc\u00e1nico estaba a semanas de cambiar su moneda nacional, el lev, por el euro, sum\u00e1ndose como el Estado n\u00famero 21 en integrarse a la Eurozona. Bulgaria se uni\u00f3 a la Uni\u00f3n Europea (UE) en 2007.<\/p>\n<\/article>\n<article class=\"article-body article-body--second-paragraph content-protected-false\" readability=\"30\">\n<p class><strong>\u201cAntes de la votaci\u00f3n de censura de hoy, el gobierno est\u00e1 dimitiendo<\/strong>\u201c, declar\u00f3 el primer ministro b\u00falgaro <strong>Rosen Zhelyazkov<\/strong> a los periodistas en el parlamento.<\/p>\n<\/article>\n<section class=\"related-news\"> <span class=\"related-news__title\">Informate m\u00e1s<\/span> <\/p>\n<div class=\"row row--eq-height\">\n<div class=\"col-12 col-md-6\">\n<article class=\"news-article news-article--landscape-news news-article--landscape-news\">\n<figure class=\"news-article__figure figure\"> <a href=\"https:\/\/www.ambito.com\/informacion-general\/fentanilo-adulterado-familiares-victimas-marcharan-reclamos-urgentes-al-gobierno-n6223382\" target title=\"\u00e1mbito.com | Fentanilo adulterado: familiares de v\u00edctimas marchar\u00e1n con reclamos urgentes al Gobierno\" alt=\"\u00e1mbito.com | Fentanilo adulterado: familiares de v\u00edctimas marchar\u00e1n con reclamos urgentes al Gobierno\" rel=\"noindex nofollow noreferrer\"> <img loading=\"lazy\" decoding=\"async\" src=\"https:\/\/www.ambito.com\/css-custom\/239\/lazy.svg\" data-td-src-property=\"https:\/\/media.ambito.com\/p\/306c574936df3b308c9010457b81172a\/adjuntos\/239\/imagenes\/043\/022\/0043022334\/93x52\/smart\/marcha-fentanilo-contaminado.jpg\" alt=\"Los familiares de las v\u00edctimas har\u00e1n marchas simult\u00e1neas en La Plata y Rosario.\" title=\"Los familiares de las v\u00edctimas har\u00e1n marchas simult\u00e1neas en La Plata y Rosario.\" width=\"93\" height=\"52\" class=\"news-article__figure-img figure-img img-fluid\"> <\/a><\/figure>\n<\/article><\/div>\n<div class=\"col-12 col-md-6\">\n<article class=\"news-article news-article--landscape-news news-article--landscape-news\">\n<figure class=\"news-article__figure figure\"> <a href=\"https:\/\/www.ambito.com\/politica\/el-gobierno-rechazo-un-proyecto-explotacion-petrolera-las-islas-malvinas-y-anticipo-que-tomara-medidas-legales-n6223356\" target title=\"\u00e1mbito.com | El Gobierno rechaz\u00f3 un proyecto de explotaci\u00f3n petrolera en las Islas Malvinas\" alt=\"\u00e1mbito.com | El Gobierno rechaz\u00f3 un proyecto de explotaci\u00f3n petrolera en las Islas Malvinas\" rel=\"noindex nofollow noreferrer\"> <img loading=\"lazy\" decoding=\"async\" src=\"https:\/\/www.ambito.com\/css-custom\/239\/lazy.svg\" data-td-src-property=\"https:\/\/media.ambito.com\/p\/e81de7b5d40ca27dc22632218eecbd0e\/adjuntos\/239\/imagenes\/039\/090\/0039090924\/petroleo-malvinas.jpg\" alt=\"El Gobierno rechaz\u00f3 la aprobaci\u00f3n de un proyecto de explotaci\u00f3n petrolera en Malvinas.\" title=\"El Gobierno rechaz\u00f3 la aprobaci\u00f3n de un proyecto de explotaci\u00f3n petrolera en Malvinas.\" width=\"93\" height=\"52\" class=\"news-article__figure-img figure-img img-fluid\"> <\/a><\/figure>\n<\/article><\/div>\n<\/div>\n<\/section>\n<article class=\"article-body article-body--third-paragraph content-protected-false\" readability=\"33\">\n<p>La dimisi\u00f3n de la coalici\u00f3n minoritaria, liderada por el<strong> partido de centroderecha Ciudadanos por el Desarrollo Europeo de Bulgaria (GERB)<\/strong>, fue anunciada minutos antes de una votaci\u00f3n de censura presentada por la oposici\u00f3n en el parlamento, debido a la <strong>mala gesti\u00f3n econ\u00f3mica<\/strong> y apoyada por el creciente<strong> descontento p\u00fablico con la corrupci\u00f3n generalizada.<br \/><\/strong><\/p>\n<\/article>\n<article class=\"article-body article-body--fourth-paragraph content-protected-false\" readability=\"33\">\n<h2> Semanas de protestas en Sof\u00eda<\/h2>\n<p>Durante la semana pasada y el mi\u00e9rcoles, m\u00faltiples y multitudinarias protestas se llevaron a cabo en la capital b\u00falgara, pidiendo la renuncia del gobierno. &#8220;<strong>Las decisiones de la Asamblea Nacional son significativas cuando reflejan la voluntad del pueblo\u201d<\/strong>, indic\u00f3 <strong>Zhelyazkov<\/strong> refiri\u00e9ndose a las protestas antigubernamentales.<strong> \u201cQueremos estar donde la sociedad espera que estemos\u201d. <\/strong><\/p>\n<\/article>\n<article class=\"article-body article-body--fifth-paragraph content-protected-false\" readability=\"36\">\n<p> Luego de hacerse p\u00fablico m\u00faltiples casos de corrupci\u00f3n, la gota que colm\u00f3 el vaso fue la presentaci\u00f3n del presupuesto 2026, que por primera vez se realiz\u00f3 en Euros. Es habitual, que los pa\u00edses que se suman a la Eurozona, aumenten mucho sus impuestos, <strong>las contribuciones a la seguridad social y el gasto<\/strong>, para cumplir con los requisitos que exige la Uni\u00f3n Europea.<\/p>\n<\/article>\n<article class=\"article-body article-body--remaining-paragraph content-protected-false\" readability=\"56\">\n<p class> Seg\u00fan los organizadores de las protestas, la semana pasada se hab\u00edan registrado m\u00e1s de 50.000 personas en el coraz\u00f3n de Sof\u00eda, y este mi\u00e9rcoles las marchas hab\u00edan duplicado ampliamente ese n\u00famero<strong>, con un n\u00famero cercano a los 110.000 asistentes, en una capital de 1.300.000 personas. <\/strong><\/p>\n<p class>La oposici\u00f3n y muchos de los manifestantes, acusan al futuro ex primer ministro de cooperar con el pol\u00edtico y oligarca b\u00falgaro <strong>Delyan Peevski, para moldear la pol\u00edtica local a los intereses de la oligarqu\u00eda.<\/strong> <strong>Peevski,<\/strong> ya ha sido <strong>sancionado<\/strong> tanto por EEUU como por el Reino Unido.<\/p>\n<p class><strong>\u201cNo tenemos dudas de que el gobierno recibir\u00e1 apoyo en la pr\u00f3xima votaci\u00f3n de censura. Sin embargo, las decisiones de la Asamblea Nacional son importantes cuando reflejan la voluntad del soberano\u201d<\/strong>, se\u00f1al\u00f3 el primer ministro.<\/p>\n<p class>La dimisi\u00f3n se presentar\u00e1 formalmente el pr\u00f3ximo viernes, ante el parlamento que debe votar para aceptarla. Luego, la segunda fuerza parlamentaria deber\u00e1 formar un nuevo gobierno provisional, y de ser aprobado por dos tercios de la c\u00e1mara, quedar\u00eda conformado. De no contar con mayor\u00eda de votos para la conformaci\u00f3n del nuevo mando, la tercera fuerza tendr\u00e1 la oportunidad de quedarse con el poder en Bulgaria.<\/p>\n<\/article>\n<p> <!-- REGION4 } --> <\/p>\n","protected":false},"excerpt":{"rendered":"<p>11 de diciembre 2025 &#8211; 22:02 M\u00e1s de 100.000 b\u00falgaros se manifestaron en contra del gobierno, que anunci\u00f3 su renuncia para el pr\u00f3ximo viernes. Valentina Petrova &#8211; AP El gobierno de Bulgaria cay\u00f3 este jueves luego de varios d\u00edas de protestas contra la corrupci\u00f3n y el presupuesto 2026 de aquel pa\u00eds, presentado la semana pasada. [&hellip;]<\/p>\n","protected":false},"author":2,"featured_media":10729,"comment_status":"closed","ping_status":"closed","sticky":false,"template":"","format":"standard","meta":{"jetpack_post_was_ever_published":false,"_jetpack_newsletter_access":"","_jetpack_dont_email_post_to_subs":false,"_jetpack_newsletter_tier_id":0,"_jetpack_memberships_contains_paywalled_content":false,"_jetpack_memberships_contains_paid_content":false,"footnotes":"","jetpack_publicize_message":"","jetpack_publicize_feature_enabled":true,"jetpack_social_post_already_shared":true,"jetpack_social_options":{"image_generator_settings":{"template":"highway","enabled":false},"version":2}},"categories":[20],"tags":[],"class_list":["post-10728","post","type-post","status-publish","format-standard","has-post-thumbnail","hentry","category-mundo"],"jetpack_publicize_connections":[],"jetpack_featured_media_url":"https:\/\/i0.wp.com\/infolanus.com\/wp-content\/uploads\/2025\/12\/cayo-el-gobierno-de-bulgaria-tras-semanas-de-protestas-contra-la-corrupcion-y-los-aumentos-por-la-llegada-del-euro.jpg?fit=655%2C368&ssl=1","jetpack_sharing_enabled":true,"jetpack_shortlink":"https:\/\/wp.me\/p9QtMr-2N2","_links":{"self":[{"href":"https:\/\/infolanus.com\/index.php\/wp-json\/wp\/v2\/posts\/10728","targetHints":{"allow":["GET"]}}],"collection":[{"href":"https:\/\/infolanus.com\/index.php\/wp-json\/wp\/v2\/posts"}],"about":[{"href":"https:\/\/infolanus.com\/index.php\/wp-json\/wp\/v2\/types\/post"}],"author":[{"embeddable":true,"href":"https:\/\/infolanus.com\/index.php\/wp-json\/wp\/v2\/users\/2"}],"replies":[{"embeddable":true,"href":"https:\/\/infolanus.com\/index.php\/wp-json\/wp\/v2\/comments?post=10728"}],"version-history":[{"count":0,"href":"https:\/\/infolanus.com\/index.php\/wp-json\/wp\/v2\/posts\/10728\/revisions"}],"wp:featuredmedia":[{"embeddable":true,"href":"https:\/\/infolanus.com\/index.php\/wp-json\/wp\/v2\/media\/10729"}],"wp:attachment":[{"href":"https:\/\/infolanus.com\/index.php\/wp-json\/wp\/v2\/media?parent=10728"}],"wp:term":[{"taxonomy":"category","embeddable":true,"href":"https:\/\/infolanus.com\/index.php\/wp-json\/wp\/v2\/categories?post=10728"},{"taxonomy":"post_tag","embeddable":true,"href":"https:\/\/infolanus.com\/index.php\/wp-json\/wp\/v2\/tags?post=10728"}],"curies":[{"name":"wp","href":"https:\/\/api.w.org\/{rel}","templated":true}]}}