{"id":10748,"date":"2025-12-15T22:43:05","date_gmt":"2025-12-16T01:43:05","guid":{"rendered":"https:\/\/infolanus.com\/index.php\/2025\/12\/15\/instituto-sacudio-el-mercado-cordobes-y-sumo-a-franco-jara-ex-jugador-de-belgrano-como-refuerzo-para-2026\/"},"modified":"2025-12-15T22:43:05","modified_gmt":"2025-12-16T01:43:05","slug":"instituto-sacudio-el-mercado-cordobes-y-sumo-a-franco-jara-ex-jugador-de-belgrano-como-refuerzo-para-2026","status":"publish","type":"post","link":"https:\/\/infolanus.com\/index.php\/2025\/12\/15\/instituto-sacudio-el-mercado-cordobes-y-sumo-a-franco-jara-ex-jugador-de-belgrano-como-refuerzo-para-2026\/","title":{"rendered":"Instituto sacudi\u00f3 el mercado cordob\u00e9s y sum\u00f3 a Franco Jara, ex jugador de Belgrano, como refuerzo para 2026"},"content":{"rendered":"<div class=\"media_block\"><\/div>\n<p><strong>Instituto<\/strong> dio un golpe en el mercado de pases del f\u00fatbol cordob\u00e9s y <strong>confirm\u00f3 la incorporaci\u00f3n de <a target=\"_blank\" href=\"https:\/\/442.perfil.com\/noticias\/futbol\/franco-jara-goleador-del-torneo-confirm-el-llamado-para-jugar-en-river-y-adelant-su-respuesta.phtml\">Franco Jara<\/a> <\/strong>como refuerzo para la temporada 2026. La llegada del experimentado delantero se concret\u00f3 apenas <strong>d\u00edas despu\u00e9s de que se oficializara su desvinculaci\u00f3n de Belgrano,<\/strong> lo que signific\u00f3 un fuerte impacto por el cambio de camiseta dentro de la ciudad.<\/p>\n<p>La operaci\u00f3n no fue sencilla. Jara contaba con otras ofertas sobre la mesa, pero la dirigencia albirroja realiz\u00f3 un esfuerzo econ\u00f3mico importante para asegurarse su contrataci\u00f3n, convencida de que se trata de una pieza clave para potenciar el ataque en el proyecto que encabeza <strong>Daniel Oldr\u00e1.<\/strong><\/p>\n<p>En Alta C\u00f3rdoba valoran no solo su capacidad goleadora, sino tambi\u00e9n la experiencia y el liderazgo que puede aportar al plantel. Durante su etapa en Belgrano, el delantero <strong>disput\u00f3 87 partidos oficiales y convirti\u00f3 29 goles<\/strong>, cifras que respaldan su vigencia en el \u00e1rea y explican la apuesta de la Gloria por un futbolista con recorrido probado en el f\u00fatbol argentino.<\/p>\n<div>\n<figure class=\"image\"><img data-recalc-dims=\"1\" decoding=\"async\" alt=\"Franco Jara\" src=\"https:\/\/i0.wp.com\/fotos.perfil.com\/\/2025\/12\/16\/900\/0\/franco-jara-2154044.png?w=640&#038;ssl=1\" loading=\"lazy\"><figcaption>El posteo de despedida de Belgrano para Franco Jara<\/figcaption><\/figure>\n<\/div>\n<h2><strong>La chicana de Instituto a Belgrano por la contrataci\u00f3n de Jara<\/strong><\/h2>\n<p>La presentaci\u00f3n oficial no estuvo exenta de picante. Instituto aprovech\u00f3 el pasado inmediato del atacante en el Pirata para lanzar una chicana a su cl\u00e1sico rival. <strong>\u201cBienvenido al \u00fanico club de la ciudad\u201d<\/strong>, public\u00f3 la instituci\u00f3n en sus redes sociales, en un mensaje que acompa\u00f1\u00f3 el anuncio y que r\u00e1pidamente gener\u00f3 repercusi\u00f3n entre los hinchas.<\/p>\n<p><strong>\u201cEl Albirrojo se prepara con todo y suma a sus filas a un delantero de jerarqu\u00eda para la temporada 2026\u201d<\/strong>, destacaron desde el club, celebrando el cruce de vereda de Jara y reforzando la expectativa en torno a su llegada.<\/p>\n<div>\n<figure class=\"image\"><img data-recalc-dims=\"1\" decoding=\"async\" alt=\"Franco Jara\" src=\"https:\/\/i0.wp.com\/fotos.perfil.com\/\/2025\/12\/16\/900\/0\/franco-jara-2154043.png?w=640&#038;ssl=1\" loading=\"lazy\"><figcaption>El posteo de Instituto sobre la llegada de Franco Jara<\/figcaption><\/figure>\n<\/div>\n<p>El nuevo refuerzo se sumar\u00e1 en los pr\u00f3ximos d\u00edas a la pretemporada en el predio La Agustina. Adem\u00e1s de su trayectoria local, su experiencia internacional, con pasos por el f\u00fatbol mexicano y la MLS, es otro de los aspectos que ilusiona al cuerpo t\u00e9cnico.<\/p>\n<p>La contrataci\u00f3n de Franco Jara representa un verdadero golpe de efecto en el mercado de pases y ratifica la intenci\u00f3n de Instituto de ser protagonista, apostando por futbolistas de peso y trayectoria para pelear en los puestos de arriba en la pr\u00f3xima temporada.<\/p>\n<p>BP<\/p>\n<p> <!-- tags --> <\/p>\n","protected":false},"excerpt":{"rendered":"<p>Instituto dio un golpe en el mercado de pases del f\u00fatbol cordob\u00e9s y confirm\u00f3 la incorporaci\u00f3n de Franco Jara como refuerzo para la temporada 2026. La llegada del experimentado delantero se concret\u00f3 apenas d\u00edas despu\u00e9s de que se oficializara su desvinculaci\u00f3n de Belgrano, lo que signific\u00f3 un fuerte impacto por el cambio de camiseta dentro [&hellip;]<\/p>\n","protected":false},"author":2,"featured_media":10749,"comment_status":"closed","ping_status":"closed","sticky":false,"template":"","format":"standard","meta":{"jetpack_post_was_ever_published":false,"_jetpack_newsletter_access":"","_jetpack_dont_email_post_to_subs":false,"_jetpack_newsletter_tier_id":0,"_jetpack_memberships_contains_paywalled_content":false,"_jetpack_memberships_contains_paid_content":false,"footnotes":"","jetpack_publicize_message":"","jetpack_publicize_feature_enabled":true,"jetpack_social_post_already_shared":true,"jetpack_social_options":{"image_generator_settings":{"template":"highway","enabled":false},"version":2}},"categories":[17],"tags":[],"class_list":["post-10748","post","type-post","status-publish","format-standard","has-post-thumbnail","hentry","category-deportes"],"jetpack_publicize_connections":[],"jetpack_featured_media_url":"https:\/\/i0.wp.com\/infolanus.com\/wp-content\/uploads\/2025\/12\/instituto-sacudio-el-mercado-cordobes-y-sumo-a-franco-jara-ex-jugador-de-belgrano-como-refuerzo-para-2026.jpg?fit=470%2C533&ssl=1","jetpack_sharing_enabled":true,"jetpack_shortlink":"https:\/\/wp.me\/p9QtMr-2Nm","_links":{"self":[{"href":"https:\/\/infolanus.com\/index.php\/wp-json\/wp\/v2\/posts\/10748","targetHints":{"allow":["GET"]}}],"collection":[{"href":"https:\/\/infolanus.com\/index.php\/wp-json\/wp\/v2\/posts"}],"about":[{"href":"https:\/\/infolanus.com\/index.php\/wp-json\/wp\/v2\/types\/post"}],"author":[{"embeddable":true,"href":"https:\/\/infolanus.com\/index.php\/wp-json\/wp\/v2\/users\/2"}],"replies":[{"embeddable":true,"href":"https:\/\/infolanus.com\/index.php\/wp-json\/wp\/v2\/comments?post=10748"}],"version-history":[{"count":0,"href":"https:\/\/infolanus.com\/index.php\/wp-json\/wp\/v2\/posts\/10748\/revisions"}],"wp:featuredmedia":[{"embeddable":true,"href":"https:\/\/infolanus.com\/index.php\/wp-json\/wp\/v2\/media\/10749"}],"wp:attachment":[{"href":"https:\/\/infolanus.com\/index.php\/wp-json\/wp\/v2\/media?parent=10748"}],"wp:term":[{"taxonomy":"category","embeddable":true,"href":"https:\/\/infolanus.com\/index.php\/wp-json\/wp\/v2\/categories?post=10748"},{"taxonomy":"post_tag","embeddable":true,"href":"https:\/\/infolanus.com\/index.php\/wp-json\/wp\/v2\/tags?post=10748"}],"curies":[{"name":"wp","href":"https:\/\/api.w.org\/{rel}","templated":true}]}}